{"id":32410,"date":"2024-07-19T09:30:32","date_gmt":"2024-07-19T07:30:32","guid":{"rendered":"https:\/\/www.aparences.net\/?p=32410"},"modified":"2025-12-11T19:40:55","modified_gmt":"2025-12-11T18:40:55","slug":"realismo-en-torno-a-la-escuela-de-nueva-york","status":"publish","type":"post","link":"https:\/\/www.aparences.net\/es\/arte-contemporaneo\/realismo-en-torno-a-la-escuela-de-nueva-york\/","title":{"rendered":"Realismo en torno a la escuela de Nueva York"},"content":{"rendered":"<p><!--contents--><\/p>\n\n<h2 class=\"wp-block-heading\">Los realistas contempor\u00e1neos<\/h2>\n\n\n\n<p><strong>El realismo contempor\u00e1neo naci\u00f3 en Nueva York<\/strong> en la d\u00e9cada de 1950, <strong>en oposici\u00f3n a la popularidad del expresionismo abstracto<\/strong>. El movimiento supuso una vuelta a la representaci\u00f3n directa de la vida a trav\u00e9s de obras de arte figurativas. Muchos de los artistas de este movimiento, como <strong>Jack Beal<\/strong>, <strong>Nell Blaine<\/strong>, <strong>Philipp Pearlstein<\/strong>, <a href=\"https:\/\/www.aparences.net\/es\/arte-contemporaneo\/leland-bell\/\" data-type=\"link\" data-id=\"https:\/\/www.aparences.net\/es\/arte-contemporaneo\/leland-bell\/\">Leland Bell<\/a> y <strong>Jane Freilicher<\/strong>, proced\u00edan del <a href=\"https:\/\/www.aparences.net\/es\/arte-contemporaneo\/expresionismo-abstracto\/expresionismo-abstracto\/\" data-type=\"link\" data-id=\"https:\/\/www.aparences.net\/es\/arte-contemporaneo\/expresionismo-abstracto\/expresionismo-abstracto\/\">expresionismo abstracto<\/a>. <strong>Aunque rechazaban sus principios, adaptaron muchas de sus t\u00e9cnicas<\/strong>, como el uso similar del pincel, la planitud, el empleo de grandes lienzos y la innovaci\u00f3n en el color y la composici\u00f3n. Aunque hubo otras ramas del arte que se inspiraron simult\u00e1neamente en las filosof\u00edas del realismo decimon\u00f3nico, como el <a href=\"https:\/\/www.aparences.net\/es\/tematicos\/realismo-social-y-socialista\/\" data-type=\"link\" data-id=\"https:\/\/www.aparences.net\/es\/tematicos\/realismo-social-y-socialista\/\">realismo social<\/a> y el <a href=\"https:\/\/www.aparences.net\/es\/periodos\/regionalismo-americano\/\" data-type=\"link\" data-id=\"https:\/\/www.aparences.net\/es\/periodos\/regionalismo-americano\/\">regionalismo americano<\/a>, los pintores realistas contempor\u00e1neos se distinguieron en gran medida por representar la vida urbana y rural de forma sencilla y sin sentimentalismos. El <strong>realismo contempor\u00e1neo<\/strong> era un medio de expresar un entorno inmediato, casi siempre a trav\u00e9s de una mirada a las personas, los paisajes, la geograf\u00eda, las naturalezas muertas y los interiores destinado a revelar la vida personal del artista. Estas primeras vistas sobre la vida en Nueva York, en Maine y Southampton, fueron fuente de inspiraci\u00f3n para otros pintores que trabajaban en esta l\u00ednea, estableciendo el concepto de centros de arte regionales. El movimiento revitaliz\u00f3 el realismo llegando m\u00e1s tarde a nuevos estilos, como el <strong>fotorrealismo<\/strong> y el <a href=\"https:\/\/www.aparences.net\/es\/arte-contemporaneo\/movimientos\/neoexpresionismo-aleman\/\" data-type=\"post\" data-id=\"13663\">neoexpresionismo<\/a>.<\/p>\n\n\n<div class=\"wp-block-image\">\n<figure class=\"aligncenter size-full\"><img loading=\"lazy\" decoding=\"async\" width=\"611\" height=\"393\" src=\"https:\/\/www.aparences.net\/wp-content\/uploads\/2024\/07\/nell-blaine-street-encounter-1950.webp\" alt=\"Street Encounter, Encuentro en la calle, 1950, Nell Blaine\" class=\"wp-image-32373\" title=\"Street Encounter, Encuentro en la calle, 1950, Nell Blaine\"\/><figcaption class=\"wp-element-caption\"><em><strong>Street Encounter<\/strong>, Encuentro en la calle, 1950, <strong>Nell Blaine<\/strong> (1922-1996), Colecci\u00f3n privada.<\/em><\/figcaption><\/figure>\n<\/div>\n\n\n<p>La obra de <strong>Jack Beal<\/strong> (1931-2013) a contracorriente del arte popular de la \u00e9poca, pasa de la abstracci\u00f3n al realismo. Influenciado por las obras de los maestros holandeses del siglo XVII, fue uno de los primeros artistas estadounidenses en abandonar el expresionismo abstracto psicol\u00f3gico en favor de un realismo m\u00e1s f\u00e1cil de entender. Conocido en los a\u00f1os sesenta por sus desnudos y bodegones de vivos colores, en los setenta se dedic\u00f3 a pintar temas sociales, como se aprecia en sus murales <em>The History of Labor<\/em> (1977), encargados por el Ministerio de Trabajo de Washington.<\/p>\n\n\n<div class=\"wp-block-image\">\n<figure class=\"aligncenter size-full\"><img loading=\"lazy\" decoding=\"async\" width=\"506\" height=\"456\" src=\"https:\/\/www.aparences.net\/wp-content\/uploads\/2024\/07\/jack-beal-still-life-1960.webp\" alt=\"Naturaleza muerta, 1967, Jack Beal\" class=\"wp-image-32375\" title=\"Naturaleza muerta, 1967, Jack Beal\"\/><figcaption class=\"wp-element-caption\"><em><strong>Naturaleza muerta<\/strong>, 1967, <strong>Jack Beal<\/strong>, Colecci\u00f3n privada.<\/em><\/figcaption><\/figure>\n<\/div>\n\n<div class=\"wp-block-image\">\n<figure class=\"aligncenter size-full\"><img loading=\"lazy\" decoding=\"async\" width=\"506\" height=\"439\" src=\"https:\/\/www.aparences.net\/wp-content\/uploads\/2024\/07\/jack-beal-reclining-nude-with-air-mattress-1966.webp\" alt=\"Desnudo recostado con colchones de aire, 1966, Jack Beal\" class=\"wp-image-32377\" title=\"Desnudo recostado con colchones de aire, 1966, Jack Beal\"\/><figcaption class=\"wp-element-caption\"><em><strong>Desnudo recostado<\/strong> con colchones de aire, 1966, <strong>Jack Beal<\/strong>, Colecci\u00f3n privada.<\/em><\/figcaption><\/figure>\n<\/div>\n\n\n<p>La serie <em>The History of Labor<\/em> de <strong>Jack Beal<\/strong> representa a obreros, trabajadores sociales o cient\u00edficos representados en sus ocupaciones. La luz del sol entraba a raudales por las ventanas del nuevo estudio de Beal situado en un vieja f\u00e1brica al norte del estado de Nueva York, mientras trabajaba en los cuatro murales que le hab\u00eda encargado el Departamento de Trabajo de Estados Unidos. El reputado cr\u00edtico Hilton Kramer del New York Times describi\u00f3 a Beal como \u00abel realista social m\u00e1s importante que ha surgido en la pintura estadounidense desde la d\u00e9cada de 1930. Dada la baja estima &#8211; rozando el desprecio &#8211; que han sufrido los realistas sociales en las \u00faltimas d\u00e9cadas, esta posici\u00f3n es dif\u00edcilmente envidiable\u00bb.<\/p>\n\n\n<div class=\"wp-block-image\">\n<figure class=\"aligncenter size-full\"><img loading=\"lazy\" decoding=\"async\" width=\"506\" height=\"490\" src=\"https:\/\/www.aparences.net\/wp-content\/uploads\/2024\/07\/jack-beal-the-history-of-labor-1975.webp\" alt=\"The History of Labor in America, 1975, Jack Beal\" class=\"wp-image-32379\" title=\"The History of Labor in America, 1975, Jack Beal\"\/><figcaption class=\"wp-element-caption\"><em><strong>The History of Labor in America<\/strong>, 1975, <strong>Jack Beal<\/strong>, <br>Washington, Smithsonian American Art Museum.<\/em><\/figcaption><\/figure>\n<\/div>\n\n\n<p><strong>Philip Pearlstein<\/strong> (1924-2022) empez\u00f3 trabajando como ilustrador y, en la d\u00e9cada de 1950, pintaba paisajes expresionistas abstractos. &#8211; Pearlstein recordaba su temprana asociaci\u00f3n con <a href=\"https:\/\/www.aparences.net\/es\/arte-contemporaneo\/movimientos\/pop-art\/#andy-warhol-y-la-t%C3%A9cnica-de-la-repetici%C3%B3n\" data-type=\"link\" data-id=\"https:\/\/www.aparences.net\/es\/arte-contemporaneo\/movimientos\/pop-art\/#andy-warhol-y-la-t%C3%A9cnica-de-la-repetici%C3%B3n\">Andy Warhol<\/a> cuando ambos estudiaban en el Carnegie Institute of Technology y los caminos divergentes que los llevaron a ocupar un lugar \u00fanico en la historia del arte &#8211; En 1958 Pearlstein asiste al estudio de la pintora <a href=\"https:\/\/www.markborghi.com\/artists\/65-mercedes-matter\/\" data-type=\"link\" data-id=\"https:\/\/www.markborghi.com\/artists\/65-mercedes-matter\/\">Mercedes Matter<\/a> para sesiones de dibujo de figuras y, en 1961, realiza desnudos a partir de los dibujos de Matter. Al a\u00f1o siguiente, adopta el principio del <strong>realismo contempor\u00e1neo<\/strong>, pintando directamente a partir de un modelo. Varias obras de <strong>Philip Pearlstein<\/strong> presentan desnudos, pero las obras posteriores que representan objetos -juguetes de hierro fundido, m\u00e1scaras africanas, kimonos, alfombras indias- se vuelven m\u00e1s elaboradas y artificiales, en un estilo al que puede llamarse <a href=\"https:\/\/www.aparences.net\/es\/arte-contemporaneo\/movimientos\/hiperrealismo\/\" data-type=\"post\" data-id=\"13667\">hiperrealista<\/a>.<\/p>\n\n\n<div class=\"wp-block-image\">\n<figure class=\"aligncenter size-full\"><img loading=\"lazy\" decoding=\"async\" width=\"611\" height=\"492\" src=\"https:\/\/www.aparences.net\/wp-content\/uploads\/2024\/07\/philip-pearlstein-portrait-of-mr-and-mrs-edmund-pillsbury-1973.webp\" alt=\"Portrait of Mr. and Mrs. Edmund Pillsbury, 1973, Philip Pearlstein\" class=\"wp-image-32381\" title=\"Portrait of Mr. and Mrs. Edmund Pillsbury, 1973, Philip Pearlstein\"\/><figcaption class=\"wp-element-caption\"><em><strong>Portrait of Mr. and Mrs. Edmund Pillsbury<\/strong>, 1973, <strong>Philip Pearlstein<\/strong><\/em>,<br><em>Nueva York, Betty Cuningham Gallery.<\/em><\/figcaption><\/figure>\n<\/div>\n\n<div class=\"wp-block-image\">\n<figure class=\"aligncenter size-full\"><img loading=\"lazy\" decoding=\"async\" width=\"611\" height=\"460\" src=\"https:\/\/www.aparences.net\/wp-content\/uploads\/2024\/07\/philipp-pearlstein-salt-pepper-shakers-and-some-toys-on-bbq-toolbox-2021.webp\" alt=\"Salt Pepper Shakers and Some Toys on BBQ Toolbox, 2021, Philipp Pearlstein\" class=\"wp-image-32383\" title=\"Salt Pepper Shakers and Some Toys on BBQ Toolbox, 2021, Philipp Pearlstein\"\/><figcaption class=\"wp-element-caption\"><em><strong>Salt Pepper Shakers and Some Toys<\/strong> on BBQ Toolbox, 2021, <strong>Philipp Pearlstein<\/strong>, <\/em><br><em>Colecci\u00f3n privada.<\/em><\/figcaption><\/figure>\n<\/div>\n\n<div class=\"wp-block-image\">\n<figure class=\"aligncenter size-full\"><img loading=\"lazy\" decoding=\"async\" width=\"531\" height=\"410\" src=\"https:\/\/www.aparences.net\/wp-content\/uploads\/2024\/07\/dorothy-cantor-andy-warhol-philip-pearlstein-1948.webp\" alt=\"Dorothy Cantor, Andy Warhol y Philip Pearlstein\" class=\"wp-image-32387\" title=\"Dorothy Cantor, Andy Warhol y Philip Pearlstein\"\/><figcaption class=\"wp-element-caption\"><em>Dorothy Cantor, Andy Warhol y Philip Pearlstein en el Carnegie Institute of Technology Campus, hacia 1948.<\/em><\/figcaption><\/figure>\n<\/div>\n\n\n<!-- AdBoxRight2020 --><ins class=\"adsbygoogle\"     style=\"display:block; margin-top:30px;\"     data-ad-client=\"ca-pub-2468002815867636\"     data-ad-slot=\"3496014735\"     data-ad-format=\"auto\"     data-full-width-responsive=\"false\"><\/ins><script> (adsbygoogle = window.adsbygoogle || []).push({});<\/script><h2 class=\"wp-block-heading\">La escuela de Nueva York<\/h2>\n\n\n\n<p>La mayor\u00eda de <strong>los realistas contempor\u00e1neos<\/strong> formaron parte de una red de <strong>poetas y artistas visuales que constituyeron la Escuela de Nueva York<\/strong> entre las d\u00e9cadas de 1950 y 1960. Los poetas de la Escuela de Nueva York Kenneth Koch, Barbara Guest, James Schuyler, Alice Notley, Frank O&#8217;Hara y John Ashbery se inspiraron a menudo en movimientos art\u00edsticos contempor\u00e1neos. Como conservador del Museo de Arte Moderno, <a href=\"https:\/\/es.wikipedia.org\/wiki\/Frank_O%27Hara\" data-type=\"link\" data-id=\"https:\/\/es.wikipedia.org\/wiki\/Frank_O%27Hara\">Frank O&#8217;Hara<\/a> fue un reputado cr\u00edtico de arte especialmente influyente como lo fueron Ashbery y Schuyler. La renombrada artista <strong>Jane Freilicher<\/strong> (1924-2014) desempe\u00f1\u00f3 un papel destacado en el establecimiento de v\u00ednculos dentro de la <strong>Escuela de Nueva York<\/strong>. Todos los viernes por la noche organizaba reuniones que <a href=\"https:\/\/www.aparences.net\/es\/arte-contemporaneo\/alex-katz\/\" data-type=\"post\" data-id=\"32300\">Alex Katz<\/a> describi\u00f3 como \u00abuna educaci\u00f3n fant\u00e1stica\u00bb, donde parec\u00eda que todo el mundo pod\u00eda \u00abtocar el piano, hablar franc\u00e9s y ser un orador brillante en ingl\u00e9s\u00bb. Se la consideraba una especie de musa para los poetas de la Escuela de Nueva York, ya que varios de ellos escribieron obras sobre ella. A cambio, la artista colabor\u00f3 en varios de sus proyectos. En particular con Ashbery con el que Freilicher trab\u00f3 amistad y, tras la prematura muerte de Frank O&#8217;Hara en 1966, colaboraron juntos en proyectos conmemorativos del poeta.<\/p>\n\n\n<div class=\"wp-block-image\">\n<figure class=\"aligncenter size-full\"><img loading=\"lazy\" decoding=\"async\" width=\"649\" height=\"417\" src=\"https:\/\/www.aparences.net\/wp-content\/uploads\/2024\/07\/jane-freilicher-untitled-1958.webp\" alt=\"Sin t\u00edtulo (Cerca de la cala), 1958, Jane Freilicher\" class=\"wp-image-32389\" title=\"Sin t\u00edtulo (Cerca de la cala), 1958, Jane Freilicher\"\/><figcaption class=\"wp-element-caption\"><em><strong>Sin t\u00edtulo<\/strong> (Cerca de la cala), 1958, <strong>Jane Freilicher<\/strong>, Colecci\u00f3n privada.<\/em><\/figcaption><\/figure>\n<\/div>\n\n<div class=\"wp-block-image\">\n<figure class=\"aligncenter size-full\"><img loading=\"lazy\" decoding=\"async\" width=\"360\" height=\"460\" src=\"https:\/\/www.aparences.net\/wp-content\/uploads\/2024\/07\/jane-freilicher-parts-of-a-world-1987.webp\" alt=\"Partes de un mundo, 1987, Jane Freilicher\" class=\"wp-image-32391\" title=\"Partes de un mundo, 1987, Jane Freilicher\"\/><figcaption class=\"wp-element-caption\"><em><strong>Partes de un mundo<\/strong>, 1987, <strong>Jane Freilicher<\/strong>, <br>Nueva York, Whitney Museum.<\/em><\/figcaption><\/figure>\n<\/div>\n\n\n<p>Estos artistas empezaron a pintar temas m\u00e1s tradicionales, como paisajes, retratos, interiores dom\u00e9sticos y bodegones, pero con una conciencia contempor\u00e1nea y una t\u00e9cnica influenciada por diversos movimientos, principalmente por los <a href=\"https:\/\/www.aparences.net\/es\/arte-contemporaneo\/expresionismo-abstracto\/expresionismo-abstracto\/\" data-type=\"post\" data-id=\"32212\">expresionistas abstractos<\/a> <strong>de la Escuela de Nueva York<\/strong> pero captando momentos cotidianos y poniendo \u00e9nfasis en la paleta de colores y las l\u00edneas ondulantes de sus antepasados art\u00edsticos del siglo XIX, <a href=\"https:\/\/www.aparences.net\/es\/periodos\/postimpresionismo\/pierre-bonnard-biografia-y-obras\/\" data-type=\"post\" data-id=\"13773\">Pierre Bonnard<\/a> y <a href=\"https:\/\/www.aparences.net\/es\/periodos\/postimpresionismo\/vuillard-y-la-mirada-intimista\/\" data-type=\"post\" data-id=\"13775\">\u00c9douard Vuillard<\/a>. Los artistas realistas conservaron ciertos elementos del expresionismo abstracto, como lo ha manifestado la historiadora del arte Linda Nochlin: \u00abLa amplitud de la escala, la conciencia constante de la planitud de la superficie pict\u00f3rica, (y) la preocupaci\u00f3n por la medida y el espacio\u00bb.<\/p>\n\n\n<div class=\"wp-block-image\">\n<figure class=\"aligncenter size-full\"><img loading=\"lazy\" decoding=\"async\" width=\"649\" height=\"421\" src=\"https:\/\/www.aparences.net\/wp-content\/uploads\/2024\/07\/nell-blaine-gloucester-1963.webp\" alt=\"Gloucester, 1963, Nell Blaine\" class=\"wp-image-32393\" title=\"Gloucester, 1963, Nell Blaine\"\/><figcaption class=\"wp-element-caption\"><em><strong>Gloucester<\/strong>, 1963, <strong>Nell Blaine<\/strong>, Colecci\u00f3n privada.<\/em><\/figcaption><\/figure>\n<\/div>\n\n<div class=\"wp-block-image\">\n<figure class=\"aligncenter size-full\"><img loading=\"lazy\" decoding=\"async\" width=\"649\" height=\"430\" src=\"https:\/\/www.aparences.net\/wp-content\/uploads\/2024\/07\/jane-freilicher-the-painting-table-1954.webp\" alt=\"The Painting Table, 1954, Jane Freilicher\" class=\"wp-image-32395\" title=\"The Painting Table, 1954, Jane Freilicher\"\/><figcaption class=\"wp-element-caption\"><em><strong>The Painting Table<\/strong>, 1954, <strong>Jane Freilicher<\/strong>, Colecci\u00f3n privada.<\/em><\/figcaption><\/figure>\n<\/div>\n\n\n<p>A trav\u00e9s de los v\u00ednculos entre <strong>realistas contempor\u00e1neos y la Escuela de Nueva York<\/strong>, el arte figurativo encontr\u00f3 una respuesta cr\u00edtica positiva, as\u00ed como un est\u00edmulo art\u00edstico y una influencia compartida. La Escuela de Nueva York enfatizaba un estilo urbano ingenioso combinado con una especie de m\u00e9todo de \u00ablujo de conciencia\u00bb que se esforzaba por capturar un momento en el tiempo con im\u00e1genes v\u00edvidas. Estos realistas contempor\u00e1neos que se centraron en capturar momentos cotidianos desarrollaron un estilo moderno y urbano. Los miembros de la Escuela de Nueva York continuaron relacion\u00e1ndose con otras ramas del movimiento hasta bien entrada la d\u00e9cada de 1980.<\/p>\n\n\n<div class=\"wp-block-image\">\n<figure class=\"aligncenter size-full\"><img loading=\"lazy\" decoding=\"async\" width=\"471\" height=\"460\" src=\"https:\/\/www.aparences.net\/wp-content\/uploads\/2024\/07\/lois-dodd-mens-shelter-winter-1967-68.webp\" alt=\"Men's Shelter, Winter - April, 1967-68, Lois Dodd\" class=\"wp-image-32397\" title=\"Men's Shelter, Winter - April, 1967-68, Lois Dodd\"\/><figcaption class=\"wp-element-caption\"><em><strong>Men&#8217;s Shelter<\/strong>, Winter &#8211; April, 1967-68, <strong>Lois Dodd<\/strong>, Colecci\u00f3n privada.<\/em><\/figcaption><\/figure>\n<\/div>\n\n\n<!-- AdBoxLeft2023 --><ins class=\"adsbygoogle\" style=\"display:block\" data-ad-client=\"ca-pub-2468002815867636\" data-ad-slot=\"1318022963\" data-ad-format=\"auto\" data-full-width-responsive=\"true\"><\/ins><script> (adsbygoogle = window.adsbygoogle || []).push({});<\/script><h2 class=\"wp-block-heading\">Cr\u00edticos de arte y educadores<\/h2>\n\n\n\n<p>Artistas como <strong>Lois Dodd<\/strong>, <strong>Philipp Pearlstein<\/strong>, <a href=\"https:\/\/www.aparences.net\/es\/arte-contemporaneo\/alex-katz\/\" data-type=\"post\" data-id=\"32300\">Alex Katz<\/a> y <a href=\"https:\/\/www.aparences.net\/es\/arte-contemporaneo\/fairfield-porter\/\" data-type=\"post\" data-id=\"32236\">Fairfield Porter<\/a> defendieron el realismo como cr\u00edticos de arte y educadores. Fairfield Porter fue especialmente influyente como cr\u00edtico de arte activo a lo largo de la d\u00e9cada de 1950. Adem\u00e1s, su aprecio simult\u00e1neo por el <a href=\"https:\/\/www.aparences.net\/es\/arte-contemporaneo\/expresionismo-abstracto\/expresionismo-abstracto\/\" data-type=\"post\" data-id=\"32212\">expresionismo abstracto<\/a> y su amistad con los<strong> artistas y poetas de la Escuela de Nueva York<\/strong> dieron credibilidad intelectual a su preferencia por el realismo. Hilton Kramer, el prestigioso cr\u00edtico de arte del New York Times de la \u00e9poca, tambi\u00e9n era un conocido partidario del grupo y del <strong>arte contempor\u00e1neo<\/strong>. A principios de la d\u00e9cada de 1960, la obra empez\u00f3 a recibir mayor atenci\u00f3n de la cr\u00edtica y se denomin\u00f3 \u00abrealismo contempor\u00e1neo\u00bb, agrupando a todos los artistas que trabajaban en este estilo bajo un mismo t\u00e9rmino. Estos artistas se consideraban obstinadamente independientes y a menudo inventaban sus propios nombres para las obras representativas de su estilo. <a href=\"https:\/\/www.aparences.net\/es\/arte-contemporaneo\/alex-katz\/\" data-type=\"post\" data-id=\"32300\">Alex Katz<\/a>, por ejemplo, prefer\u00eda llamar a su obra \u00abpost-abstracta\u00bb, mientras que <strong>Jane Freilicher<\/strong> utilizaba el t\u00e9rmino \u00abrealismo pict\u00f3rico\u00bb. Adem\u00e1s, <strong>el realismo contempor\u00e1neo<\/strong> se ha incluido a veces en el t\u00e9rmino \u00abNouvelle figuration\u00bb acu\u00f1ado por el cr\u00edtico de arte franc\u00e9s Michel Ragon en 1961 para todas las obras figurativas.<\/p>\n\n\n<div class=\"wp-block-image\">\n<figure class=\"aligncenter size-full\"><img loading=\"lazy\" decoding=\"async\" width=\"675\" height=\"410\" src=\"https:\/\/www.aparences.net\/wp-content\/uploads\/2024\/07\/philipp-pearlstein-portrait-of-julia-pearlstein-and-friend-2019-1.webp\" alt=\"Portrait of Julia Pearlstein and Friend, 2019, Philip Pearlstein\" class=\"wp-image-32399\" title=\"Portrait of Julia Pearlstein and Friend, 2019, Philip Pearlstein\"\/><figcaption class=\"wp-element-caption\"><em><strong>Portrait of Julia Pearlstein and Friend<\/strong>, 2019, <strong>Philip Pearlstein<\/strong> (1924-2022), Colecci\u00f3n privada.<\/em><\/figcaption><\/figure>\n<\/div>\n\n<div class=\"wp-block-image\">\n<figure class=\"aligncenter size-full\"><img loading=\"lazy\" decoding=\"async\" width=\"344\" height=\"460\" src=\"https:\/\/www.aparences.net\/wp-content\/uploads\/2024\/07\/fairfield-porter-jane-and-elizabeth-1967.webp\" alt=\"Jane and Elizabeth, 1967, Fairfield Porter\" class=\"wp-image-32401\" title=\"Jane and Elizabeth, 1967, Fairfield Porter\"\/><figcaption class=\"wp-element-caption\"><em><strong>Jane and Elizabeth<\/strong>, 1967, <strong>Fairfield Porter<\/strong>, <\/em><br><em>Nueva York, Parrish Art Museum.<\/em><\/figcaption><\/figure>\n<\/div>\n\n\n<h2 class=\"wp-block-heading\">Lois Dodd: Autorretrato con ventana verde<\/h2>\n\n\n\n<p>Los temas realistas de <strong>Lois Dodd<\/strong> (Nueva Jersey, 1927) se presentan a menudo con una sofisticaci\u00f3n tan formal que se convierte en una meditaci\u00f3n sobre el espacio. Dodd era famosa por sus cuadros de escenas vistas desde el interior de puertas y ventanas, dando la impresi\u00f3n de que el espectador mira hacia dentro o hacia fuera. Esto le permiti\u00f3 explorar su pasi\u00f3n por la geometr\u00eda y la forma. Em cuadro <em><strong>Autorretrato con ventana verde<\/strong><\/em> representa una ventana en el exterior de la casa de <strong>Lois Dodd<\/strong> en el estado de Maine. Una gran planta con flor amarilla, se eleva hacia la ventana, donde se refleja la artista, con su gran sombrero de paja amarillo y un pincel en la mano como si estuviera trabajando en el jard\u00edn. El espectador mira la ventana y se da cuenta de que la ventana da al exterior de la casa y que el pintor deber\u00eda de estar de pie en el espacio que ocupa el espectador. Esta sofisticada escena aporta una atm\u00f3sfera fresca y l\u00fadica. <strong>La influencia de Mondrian<\/strong> se refleja en la cuadr\u00edcula de la obra, en las l\u00edneas de sus elementos y en el contraste de los colores primarios de la casa amarilla y el marco azul de la ventana. Como dice la propia Dodd: \u00abCon los cuadros de ventanas, la gran decisi\u00f3n es d\u00f3nde colocar la cuadr\u00edcula\u2026 Incluso con las plantas, hay un tipo de geometr\u00eda que ayuda:  a d\u00f3nde vas a situar el cuadrado, el tri\u00e1ngulo o el \u00f3valo\u00bb. Los rect\u00e1ngulos de las tablas de la casa, el marco que rodea la ventana y la propia ventana se repiten en los rect\u00e1ngulos m\u00e1s grandes que se reflejan en el fondo detr\u00e1s de ella.<\/p>\n\n\n<div class=\"wp-block-image\">\n<figure class=\"aligncenter size-full\"><img loading=\"lazy\" decoding=\"async\" width=\"562\" height=\"416\" src=\"https:\/\/www.aparences.net\/wp-content\/uploads\/2024\/07\/lois-dodd-self-portrait-in-green-window-1971.webp\" alt=\"Autorretrato con ventana verde, 1971, Lois Dodd\" class=\"wp-image-32403\" title=\"Autorretrato con ventana verde, 1971, Lois Dodd\"\/><figcaption class=\"wp-element-caption\"><em><strong>Self-Portrait in Green Window<\/strong> (Autorretrato con ventana verde), 1971, <strong>Lois Dodd<\/strong>, Portland Museum of Art.<\/em><\/figcaption><\/figure>\n<\/div>\n\n\n<!-- AfterArticle2023 --><ins class=\"adsbygoogle\"     style=\"display:block;margin-bottom:5px;\"     data-ad-client=\"ca-pub-2468002815867636\"     data-ad-slot=\"3955176166\"     data-ad-format=\"auto\"     data-full-width-responsive=\"true\"><\/ins><script> (adsbygoogle = window.adsbygoogle || []).push({});<\/script><h2 class=\"wp-block-heading\">Los centros art\u00edsticos del realismo contempor\u00e1neo<\/h2>\n\n\n\n<p>Si <strong>Nueva York fue el centro neur\u00e1lgico del realismo contempor\u00e1neo<\/strong>, los estados de Maine y Southampton tambi\u00e9n se convirtieron en centros regionales debido a la gran afluencia de artistas interesados en los paisajes id\u00edlicos y el ambiente social de la zona. En 1951, <strong>Lois Dodd<\/strong>, <strong>William King<\/strong> y <a href=\"https:\/\/www.aparences.net\/es\/arte-contemporaneo\/alex-katz\/\" data-type=\"post\" data-id=\"32300\">Alex Katz<\/a> empezaron a pasar los veranos en Maine, lo que, seg\u00fan Dodd, \u00ab\u2026 nos permit\u00eda trabajar al aire libre\u00bb. Tambi\u00e9n abrieron la <em>Accent Gallery<\/em> en Lincolnville, Maine, para exponer sus propias obras, creando una especie de ubicaci\u00f3n central, lo que atrajo a\u00fan m\u00e1s artistas a la zona. Neil Welliver se traslad\u00f3 m\u00e1s tarde a este Estado, lo que vali\u00f3 al grupo el sobrenombre de \u00abLos artistas de Lincolnville\u00bb. Rackstraw Downes pronto se traslad\u00f3 al estado de Maine para estudiar con <strong>Neil Welliver<\/strong>. Esta migraci\u00f3n al campo influy\u00f3 en la pintura de paisaje y en el renacimiento de la pintura <em>en plein air<\/em>. Welliver, por ejemplo, se adentraba kil\u00f3metros en el bosque para pintar un paisaje concreto, como en el cuadro <em><strong>Lower Duck Trap<\/strong><\/em> (1978).<\/p>\n\n\n<div class=\"wp-block-image\">\n<figure class=\"aligncenter size-full\"><img loading=\"lazy\" decoding=\"async\" width=\"462\" height=\"460\" src=\"https:\/\/www.aparences.net\/wp-content\/uploads\/2024\/07\/neil-welliver-ower-duck-trap-1978.webp\" alt=\"Lower Duck Trap, 1978, Neil Welliver\" class=\"wp-image-32405\" title=\"Lower Duck Trap, 1978, Neil Welliver\" srcset=\"https:\/\/www.aparences.net\/wp-content\/uploads\/2024\/07\/neil-welliver-ower-duck-trap-1978.webp 462w, https:\/\/www.aparences.net\/wp-content\/uploads\/2024\/07\/neil-welliver-ower-duck-trap-1978-100x100.webp 100w, https:\/\/www.aparences.net\/wp-content\/uploads\/2024\/07\/neil-welliver-ower-duck-trap-1978-150x150.webp 150w\" sizes=\"auto, (max-width: 462px) 100vw, 462px\" \/><figcaption class=\"wp-element-caption\"><em><strong>Lower Duck Trap<\/strong> (Trampa inferior para patos), 1978, <strong>Neil Welliver<\/strong>, 1978, Kansas City, Missouri, Kemper Museum of Contemporary Art.<\/em><\/figcaption><\/figure>\n<\/div>\n\n\n<p><strong>Fairfield Porter<\/strong> ten\u00eda casas familiares en Southampton (Long Island, Nueva York) y tambi\u00e9n en el estado de Maine y, ambos lugares, fueron una especie de caldo de cultivo para los artistas figurativos influyendo en sus obras, en concreto, en los maravillosos interiores dom\u00e9sticos combinados con paisajes. Creando un v\u00ednculo con el Parrish Art Museum de Long Island, Porter lleg\u00f3 a donar m\u00e1s de 250 obras al museo. En la actualidad, el museo alberga la colecci\u00f3n <a href=\"https:\/\/www.aparences.net\/es\/arte-contemporaneo\/fairfield-porter\/\" data-type=\"post\" data-id=\"32236\">Fairfield Porter (ver biograf\u00eda)<\/a>, as\u00ed como muchas piezas de la colecci\u00f3n permanente de poetas y pintores de la \u00e9poca, entre ellas obras como el <a href=\"https:\/\/www.aparences.net\/es\/arte-contemporaneo\/alex-katz\/\" data-type=\"post\" data-id=\"32300\"><em>Retrato de Frank O&#8217;Hara<\/em>, de Alex Katz<\/a>. <strong>Jane Freilicher<\/strong> tambi\u00e9n empez\u00f3 a pasar los veranos en Long Island, donde cre\u00f3 obras como <em><strong>Paisaje oto\u00f1al<\/strong><\/em> (1976-1977).<\/p>\n\n\n<div class=\"wp-block-image\">\n<figure class=\"aligncenter size-full\"><img loading=\"lazy\" decoding=\"async\" width=\"462\" height=\"495\" src=\"https:\/\/www.aparences.net\/wp-content\/uploads\/2024\/07\/jane-freilicher-autumnal-landscape-1976-77.jpg\" alt=\"Paisaje oto\u00f1al, 1976-77, Jane Freilicher\" class=\"wp-image-32409\" title=\"Paisaje oto\u00f1al, 1976-77, Jane Freilicher\"\/><figcaption class=\"wp-element-caption\"><em><strong>Paisaje oto\u00f1al<\/strong>, 1976-77, <strong>Jane Freilicher<\/strong>, <\/em><br><em>Nueva York, Metropolitan Museum.<\/em><\/figcaption><\/figure>\n<\/div>","protected":false},"excerpt":{"rendered":"<p>El realismo contempor\u00e1neo naci\u00f3 en Nueva York en la d\u00e9cada de 1950, en oposici\u00f3n a la popularidad del expresionismo abstracto.<\/p>\n","protected":false},"author":2,"featured_media":32428,"comment_status":"closed","ping_status":"closed","sticky":false,"template":"","format":"standard","meta":{"footnotes":""},"categories":[3018],"tags":[],"class_list":["post-32410","post","type-post","status-publish","format-standard","has-post-thumbnail","hentry","category-arte-contemporaneo"],"yoast_head":"<!-- This site is optimized with the Yoast SEO plugin v27.2 - https:\/\/yoast.com\/product\/yoast-seo-wordpress\/ -->\n<title>Realismo en torno a la escuela de Nueva York<\/title>\n<meta name=\"description\" content=\"El realismo contempor\u00e1neo naci\u00f3 en Nueva York en la d\u00e9cada de 1950, en oposici\u00f3n a la popularidad del expresionismo abstracto.\" \/>\n<meta name=\"robots\" content=\"index, follow, max-snippet:-1, max-image-preview:large, max-video-preview:-1\" \/>\n<link rel=\"canonical\" href=\"https:\/\/www.aparences.net\/es\/arte-contemporaneo\/realismo-en-torno-a-la-escuela-de-nueva-york\/\" \/>\n<meta property=\"og:locale\" content=\"es_ES\" \/>\n<meta property=\"og:type\" content=\"article\" \/>\n<meta property=\"og:title\" content=\"Realismo en torno a la escuela de Nueva York\" \/>\n<meta property=\"og:description\" content=\"El realismo contempor\u00e1neo naci\u00f3 en Nueva York en la d\u00e9cada de 1950, en oposici\u00f3n a la popularidad del expresionismo abstracto.\" \/>\n<meta property=\"og:url\" content=\"https:\/\/www.aparences.net\/es\/arte-contemporaneo\/realismo-en-torno-a-la-escuela-de-nueva-york\/\" \/>\n<meta property=\"og:site_name\" content=\"Aparences\" \/>\n<meta property=\"article:published_time\" content=\"2024-07-19T07:30:32+00:00\" \/>\n<meta property=\"article:modified_time\" content=\"2025-12-11T18:40:55+00:00\" \/>\n<meta property=\"og:image\" content=\"https:\/\/www.aparences.net\/wp-content\/uploads\/2024\/07\/jack-beal.webp\" \/>\n\t<meta property=\"og:image:width\" content=\"1080\" \/>\n\t<meta property=\"og:image:height\" content=\"540\" \/>\n\t<meta property=\"og:image:type\" content=\"image\/webp\" \/>\n<meta name=\"author\" content=\"admin\" \/>\n<meta name=\"twitter:card\" content=\"summary_large_image\" \/>\n<meta name=\"twitter:label1\" content=\"Escrito por\" \/>\n\t<meta name=\"twitter:data1\" content=\"admin\" \/>\n\t<meta name=\"twitter:label2\" content=\"Tiempo de lectura\" \/>\n\t<meta name=\"twitter:data2\" content=\"11 minutos\" \/>\n<script type=\"application\/ld+json\" class=\"yoast-schema-graph\">{\"@context\":\"https:\/\/schema.org\",\"@graph\":[{\"@type\":\"Article\",\"@id\":\"https:\/\/www.aparences.net\/es\/arte-contemporaneo\/realismo-en-torno-a-la-escuela-de-nueva-york\/#article\",\"isPartOf\":{\"@id\":\"https:\/\/www.aparences.net\/es\/arte-contemporaneo\/realismo-en-torno-a-la-escuela-de-nueva-york\/\"},\"author\":{\"name\":\"admin\",\"@id\":\"https:\/\/www.aparences.net\/es\/#\/schema\/person\/af349f6ffc31b16c68963e61268afca5\"},\"headline\":\"Realismo en torno a la escuela de Nueva York\",\"datePublished\":\"2024-07-19T07:30:32+00:00\",\"dateModified\":\"2025-12-11T18:40:55+00:00\",\"mainEntityOfPage\":{\"@id\":\"https:\/\/www.aparences.net\/es\/arte-contemporaneo\/realismo-en-torno-a-la-escuela-de-nueva-york\/\"},\"wordCount\":2125,\"publisher\":{\"@id\":\"https:\/\/www.aparences.net\/es\/#organization\"},\"image\":{\"@id\":\"https:\/\/www.aparences.net\/es\/arte-contemporaneo\/realismo-en-torno-a-la-escuela-de-nueva-york\/#primaryimage\"},\"thumbnailUrl\":\"https:\/\/www.aparences.net\/wp-content\/uploads\/2024\/07\/jack-beal.webp\",\"articleSection\":[\"Arte contempor\u00e1neo\"],\"inLanguage\":\"es\"},{\"@type\":[\"WebPage\",\"ItemPage\"],\"@id\":\"https:\/\/www.aparences.net\/es\/arte-contemporaneo\/realismo-en-torno-a-la-escuela-de-nueva-york\/\",\"url\":\"https:\/\/www.aparences.net\/es\/arte-contemporaneo\/realismo-en-torno-a-la-escuela-de-nueva-york\/\",\"name\":\"Realismo en torno a la escuela de Nueva York\",\"isPartOf\":{\"@id\":\"https:\/\/www.aparences.net\/es\/#website\"},\"primaryImageOfPage\":{\"@id\":\"https:\/\/www.aparences.net\/es\/arte-contemporaneo\/realismo-en-torno-a-la-escuela-de-nueva-york\/#primaryimage\"},\"image\":{\"@id\":\"https:\/\/www.aparences.net\/es\/arte-contemporaneo\/realismo-en-torno-a-la-escuela-de-nueva-york\/#primaryimage\"},\"thumbnailUrl\":\"https:\/\/www.aparences.net\/wp-content\/uploads\/2024\/07\/jack-beal.webp\",\"datePublished\":\"2024-07-19T07:30:32+00:00\",\"dateModified\":\"2025-12-11T18:40:55+00:00\",\"description\":\"El realismo contempor\u00e1neo naci\u00f3 en Nueva York en la d\u00e9cada de 1950, en oposici\u00f3n a la popularidad del expresionismo abstracto.\",\"breadcrumb\":{\"@id\":\"https:\/\/www.aparences.net\/es\/arte-contemporaneo\/realismo-en-torno-a-la-escuela-de-nueva-york\/#breadcrumb\"},\"inLanguage\":\"es\",\"potentialAction\":[{\"@type\":\"ReadAction\",\"target\":[\"https:\/\/www.aparences.net\/es\/arte-contemporaneo\/realismo-en-torno-a-la-escuela-de-nueva-york\/\"]}]},{\"@type\":\"ImageObject\",\"inLanguage\":\"es\",\"@id\":\"https:\/\/www.aparences.net\/es\/arte-contemporaneo\/realismo-en-torno-a-la-escuela-de-nueva-york\/#primaryimage\",\"url\":\"https:\/\/www.aparences.net\/wp-content\/uploads\/2024\/07\/jack-beal.webp\",\"contentUrl\":\"https:\/\/www.aparences.net\/wp-content\/uploads\/2024\/07\/jack-beal.webp\",\"width\":1080,\"height\":540},{\"@type\":\"BreadcrumbList\",\"@id\":\"https:\/\/www.aparences.net\/es\/arte-contemporaneo\/realismo-en-torno-a-la-escuela-de-nueva-york\/#breadcrumb\",\"itemListElement\":[{\"@type\":\"ListItem\",\"position\":1,\"name\":\"Portada\",\"item\":\"https:\/\/www.aparences.net\/es\/\"},{\"@type\":\"ListItem\",\"position\":2,\"name\":\"Realismo en torno a la escuela de Nueva York\"}]},{\"@type\":\"WebSite\",\"@id\":\"https:\/\/www.aparences.net\/es\/#website\",\"url\":\"https:\/\/www.aparences.net\/es\/\",\"name\":\"Aparences: Historia del Arte y Actualidad Cultural\",\"description\":\"\",\"publisher\":{\"@id\":\"https:\/\/www.aparences.net\/es\/#organization\"},\"potentialAction\":[{\"@type\":\"SearchAction\",\"target\":{\"@type\":\"EntryPoint\",\"urlTemplate\":\"https:\/\/www.aparences.net\/es\/?s={search_term_string}\"},\"query-input\":{\"@type\":\"PropertyValueSpecification\",\"valueRequired\":true,\"valueName\":\"search_term_string\"}}],\"inLanguage\":\"es\"},{\"@type\":\"Organization\",\"@id\":\"https:\/\/www.aparences.net\/es\/#organization\",\"name\":\"Aparences: Historia del Arte y Actualidad Cultural\",\"url\":\"https:\/\/www.aparences.net\/es\/\",\"logo\":{\"@type\":\"ImageObject\",\"inLanguage\":\"es\",\"@id\":\"https:\/\/www.aparences.net\/es\/#\/schema\/logo\/image\/\",\"url\":\"https:\/\/www.aparences.net\/wp-content\/uploads\/2023\/09\/logo-quadrat-color-e1695915315229.png\",\"contentUrl\":\"https:\/\/www.aparences.net\/wp-content\/uploads\/2023\/09\/logo-quadrat-color-e1695915315229.png\",\"width\":120,\"height\":120,\"caption\":\"Aparences: Historia del Arte y Actualidad Cultural\"},\"image\":{\"@id\":\"https:\/\/www.aparences.net\/es\/#\/schema\/logo\/image\/\"}},{\"@type\":\"Person\",\"@id\":\"https:\/\/www.aparences.net\/es\/#\/schema\/person\/af349f6ffc31b16c68963e61268afca5\",\"name\":\"admin\",\"url\":\"https:\/\/www.aparences.net\/es\/author\/admin\/\"}]}<\/script>\n<!-- \/ Yoast SEO plugin. -->","yoast_head_json":{"title":"Realismo en torno a la escuela de Nueva York","description":"El realismo contempor\u00e1neo naci\u00f3 en Nueva York en la d\u00e9cada de 1950, en oposici\u00f3n a la popularidad del expresionismo abstracto.","robots":{"index":"index","follow":"follow","max-snippet":"max-snippet:-1","max-image-preview":"max-image-preview:large","max-video-preview":"max-video-preview:-1"},"canonical":"https:\/\/www.aparences.net\/es\/arte-contemporaneo\/realismo-en-torno-a-la-escuela-de-nueva-york\/","og_locale":"es_ES","og_type":"article","og_title":"Realismo en torno a la escuela de Nueva York","og_description":"El realismo contempor\u00e1neo naci\u00f3 en Nueva York en la d\u00e9cada de 1950, en oposici\u00f3n a la popularidad del expresionismo abstracto.","og_url":"https:\/\/www.aparences.net\/es\/arte-contemporaneo\/realismo-en-torno-a-la-escuela-de-nueva-york\/","og_site_name":"Aparences","article_published_time":"2024-07-19T07:30:32+00:00","article_modified_time":"2025-12-11T18:40:55+00:00","og_image":[{"width":1080,"height":540,"url":"https:\/\/www.aparences.net\/wp-content\/uploads\/2024\/07\/jack-beal.webp","type":"image\/webp"}],"author":"admin","twitter_card":"summary_large_image","twitter_misc":{"Escrito por":"admin","Tiempo de lectura":"11 minutos"},"schema":{"@context":"https:\/\/schema.org","@graph":[{"@type":"Article","@id":"https:\/\/www.aparences.net\/es\/arte-contemporaneo\/realismo-en-torno-a-la-escuela-de-nueva-york\/#article","isPartOf":{"@id":"https:\/\/www.aparences.net\/es\/arte-contemporaneo\/realismo-en-torno-a-la-escuela-de-nueva-york\/"},"author":{"name":"admin","@id":"https:\/\/www.aparences.net\/es\/#\/schema\/person\/af349f6ffc31b16c68963e61268afca5"},"headline":"Realismo en torno a la escuela de Nueva York","datePublished":"2024-07-19T07:30:32+00:00","dateModified":"2025-12-11T18:40:55+00:00","mainEntityOfPage":{"@id":"https:\/\/www.aparences.net\/es\/arte-contemporaneo\/realismo-en-torno-a-la-escuela-de-nueva-york\/"},"wordCount":2125,"publisher":{"@id":"https:\/\/www.aparences.net\/es\/#organization"},"image":{"@id":"https:\/\/www.aparences.net\/es\/arte-contemporaneo\/realismo-en-torno-a-la-escuela-de-nueva-york\/#primaryimage"},"thumbnailUrl":"https:\/\/www.aparences.net\/wp-content\/uploads\/2024\/07\/jack-beal.webp","articleSection":["Arte contempor\u00e1neo"],"inLanguage":"es"},{"@type":["WebPage","ItemPage"],"@id":"https:\/\/www.aparences.net\/es\/arte-contemporaneo\/realismo-en-torno-a-la-escuela-de-nueva-york\/","url":"https:\/\/www.aparences.net\/es\/arte-contemporaneo\/realismo-en-torno-a-la-escuela-de-nueva-york\/","name":"Realismo en torno a la escuela de Nueva York","isPartOf":{"@id":"https:\/\/www.aparences.net\/es\/#website"},"primaryImageOfPage":{"@id":"https:\/\/www.aparences.net\/es\/arte-contemporaneo\/realismo-en-torno-a-la-escuela-de-nueva-york\/#primaryimage"},"image":{"@id":"https:\/\/www.aparences.net\/es\/arte-contemporaneo\/realismo-en-torno-a-la-escuela-de-nueva-york\/#primaryimage"},"thumbnailUrl":"https:\/\/www.aparences.net\/wp-content\/uploads\/2024\/07\/jack-beal.webp","datePublished":"2024-07-19T07:30:32+00:00","dateModified":"2025-12-11T18:40:55+00:00","description":"El realismo contempor\u00e1neo naci\u00f3 en Nueva York en la d\u00e9cada de 1950, en oposici\u00f3n a la popularidad del expresionismo abstracto.","breadcrumb":{"@id":"https:\/\/www.aparences.net\/es\/arte-contemporaneo\/realismo-en-torno-a-la-escuela-de-nueva-york\/#breadcrumb"},"inLanguage":"es","potentialAction":[{"@type":"ReadAction","target":["https:\/\/www.aparences.net\/es\/arte-contemporaneo\/realismo-en-torno-a-la-escuela-de-nueva-york\/"]}]},{"@type":"ImageObject","inLanguage":"es","@id":"https:\/\/www.aparences.net\/es\/arte-contemporaneo\/realismo-en-torno-a-la-escuela-de-nueva-york\/#primaryimage","url":"https:\/\/www.aparences.net\/wp-content\/uploads\/2024\/07\/jack-beal.webp","contentUrl":"https:\/\/www.aparences.net\/wp-content\/uploads\/2024\/07\/jack-beal.webp","width":1080,"height":540},{"@type":"BreadcrumbList","@id":"https:\/\/www.aparences.net\/es\/arte-contemporaneo\/realismo-en-torno-a-la-escuela-de-nueva-york\/#breadcrumb","itemListElement":[{"@type":"ListItem","position":1,"name":"Portada","item":"https:\/\/www.aparences.net\/es\/"},{"@type":"ListItem","position":2,"name":"Realismo en torno a la escuela de Nueva York"}]},{"@type":"WebSite","@id":"https:\/\/www.aparences.net\/es\/#website","url":"https:\/\/www.aparences.net\/es\/","name":"Aparences: Historia del Arte y Actualidad Cultural","description":"","publisher":{"@id":"https:\/\/www.aparences.net\/es\/#organization"},"potentialAction":[{"@type":"SearchAction","target":{"@type":"EntryPoint","urlTemplate":"https:\/\/www.aparences.net\/es\/?s={search_term_string}"},"query-input":{"@type":"PropertyValueSpecification","valueRequired":true,"valueName":"search_term_string"}}],"inLanguage":"es"},{"@type":"Organization","@id":"https:\/\/www.aparences.net\/es\/#organization","name":"Aparences: Historia del Arte y Actualidad Cultural","url":"https:\/\/www.aparences.net\/es\/","logo":{"@type":"ImageObject","inLanguage":"es","@id":"https:\/\/www.aparences.net\/es\/#\/schema\/logo\/image\/","url":"https:\/\/www.aparences.net\/wp-content\/uploads\/2023\/09\/logo-quadrat-color-e1695915315229.png","contentUrl":"https:\/\/www.aparences.net\/wp-content\/uploads\/2023\/09\/logo-quadrat-color-e1695915315229.png","width":120,"height":120,"caption":"Aparences: Historia del Arte y Actualidad Cultural"},"image":{"@id":"https:\/\/www.aparences.net\/es\/#\/schema\/logo\/image\/"}},{"@type":"Person","@id":"https:\/\/www.aparences.net\/es\/#\/schema\/person\/af349f6ffc31b16c68963e61268afca5","name":"admin","url":"https:\/\/www.aparences.net\/es\/author\/admin\/"}]}},"_links":{"self":[{"href":"https:\/\/www.aparences.net\/es\/wp-json\/wp\/v2\/posts\/32410","targetHints":{"allow":["GET"]}}],"collection":[{"href":"https:\/\/www.aparences.net\/es\/wp-json\/wp\/v2\/posts"}],"about":[{"href":"https:\/\/www.aparences.net\/es\/wp-json\/wp\/v2\/types\/post"}],"author":[{"embeddable":true,"href":"https:\/\/www.aparences.net\/es\/wp-json\/wp\/v2\/users\/2"}],"replies":[{"embeddable":true,"href":"https:\/\/www.aparences.net\/es\/wp-json\/wp\/v2\/comments?post=32410"}],"version-history":[{"count":0,"href":"https:\/\/www.aparences.net\/es\/wp-json\/wp\/v2\/posts\/32410\/revisions"}],"wp:featuredmedia":[{"embeddable":true,"href":"https:\/\/www.aparences.net\/es\/wp-json\/wp\/v2\/media\/32428"}],"wp:attachment":[{"href":"https:\/\/www.aparences.net\/es\/wp-json\/wp\/v2\/media?parent=32410"}],"wp:term":[{"taxonomy":"category","embeddable":true,"href":"https:\/\/www.aparences.net\/es\/wp-json\/wp\/v2\/categories?post=32410"},{"taxonomy":"post_tag","embeddable":true,"href":"https:\/\/www.aparences.net\/es\/wp-json\/wp\/v2\/tags?post=32410"}],"curies":[{"name":"wp","href":"https:\/\/api.w.org\/{rel}","templated":true}]}}