{"id":32536,"date":"2024-09-13T13:09:26","date_gmt":"2024-09-13T11:09:26","guid":{"rendered":"https:\/\/www.aparences.net\/?p=32536"},"modified":"2025-12-11T19:40:55","modified_gmt":"2025-12-11T18:40:55","slug":"historia-del-arte-contemporaneo","status":"publish","type":"post","link":"https:\/\/www.aparences.net\/es\/arte-contemporaneo\/historia-del-arte-contemporaneo\/","title":{"rendered":"Historia del Arte Contempor\u00e1neo"},"content":{"rendered":"\n<p>Explora la evoluci\u00f3n del <strong>arte contempor\u00e1neo<\/strong>, desde sus ra\u00edces en el siglo XX hasta las innovaciones actuales, a trav\u00e9s de los contenidos de esta web. Descubre los <a href=\"https:\/\/www.aparences.net\/es\/arte-contemporaneo\/movimientos\/\">principales movimientos art\u00edsticos<\/a>, conoce a los artistas m\u00e1s influyentes, sus estilos distintivos y c\u00f3mo han dado forma al panorama del arte moderno. Desde el arte conceptual hasta las nuevas tecnolog\u00edas, sum\u00e9rgete en una narrativa rica en creatividad.<\/p>\n\n\n\n<h2 class=\"wp-block-heading\"><strong>Breve i<\/strong>ntroducci\u00f3n al Arte Contempor\u00e1neo<\/h2>\n\n\n\n<div class=\"wp-block-columns is-layout-flex wp-container-core-columns-is-layout-9d6595d7 wp-block-columns-is-layout-flex\">\n<div class=\"wp-block-column is-layout-flow wp-block-column-is-layout-flow\" style=\"flex-basis:66.66%\">\n<p>El t\u00e9rmino \u00ab<strong>arte contempor\u00e1neo<\/strong>\u00bb o \u00ab<strong>historia del arte contempor\u00e1neo<\/strong>\u00bb se refiere a la producci\u00f3n art\u00edstica que <strong>abarca desde mediados del siglo XX hasta la actualidad<\/strong>. Es un per\u00edodo amplio y diverso que engloba una variedad de estilos, movimientos y pr\u00e1cticas art\u00edsticas. A diferencia de periodos art\u00edsticos anteriores, el arte contempor\u00e1neo no est\u00e1 definido por un estilo dominante, sino por la <strong>diversidad<\/strong> y la <strong>experimentaci\u00f3n<\/strong>.<\/p>\n<\/div>\n\n\n\n<div class=\"wp-block-column is-layout-flow wp-block-column-is-layout-flow\" style=\"flex-basis:33.33%\"><div class=\"\"><!-- PeraArticleRight2024 --><ins class=\"adsbygoogle\" style=\"display:block\" data-ad-client=\"ca-pub-1492686843181351\" data-ad-slot=\"6150238045\" data-ad-format=\"rectangle, horizontal\" data-full-width-responsive=\"false\"><\/ins><script> (adsbygoogle = window.adsbygoogle || []).push({});<\/script><\/div>\n<\/div>\n<\/div>\n\n\n\n<p>Los \u00ab<strong>artistas contempor\u00e1neos<\/strong>\u00ab, a menudo desaf\u00edan las convenciones y buscan nuevas formas de expresi\u00f3n en respuesta a los cambios sociales, culturales y tecnol\u00f3gicos.<\/p>\n\n\n\n<h2 class=\"wp-block-heading\">Principales caracter\u00edsticas del Arte Contempor\u00e1neo<\/h2>\n\n\n\n<div class=\"wp-block-columns is-layout-flex wp-container-core-columns-is-layout-9d6595d7 wp-block-columns-is-layout-flex\">\n<div class=\"wp-block-column is-layout-flow wp-block-column-is-layout-flow\">\n<h3 class=\"wp-block-heading h3-columns has-secondary-color has-text-color has-link-color has-medium-font-size wp-elements-8aebfde7e1165bc8595ca0dfc7df544a\" style=\"font-style:normal;font-weight:900;text-transform:capitalize\"><strong>Diversidad<\/strong><\/h3>\n\n\n\n<p>El arte contempor\u00e1neo abraza la <strong>diversidad en t\u00e9cnicas, formas de expresi\u00f3n y perspectivas culturales<\/strong>. Los artistas incorporan m\u00faltiples voces e identidades para reflejar la complejidad del mundo moderno.<\/p>\n<\/div>\n\n\n\n<div class=\"wp-block-column is-layout-flow wp-block-column-is-layout-flow\">\n<h3 class=\"wp-block-heading h3-columns has-highlight-color has-text-color has-link-color has-medium-font-size wp-elements-4212dcd087f877fc54de76412df00d4f\">Experimentaci\u00f3n<\/h3>\n\n\n\n<p>La experimentaci\u00f3n es una caracter\u00edstica distintiva del arte contempor\u00e1neo.<strong> <\/strong>Los artistas buscan constantemente <strong>nuevas formas, t\u00e9cnicas y medios de expresi\u00f3n<\/strong>. <\/p>\n<\/div>\n\n\n\n<div class=\"wp-block-column is-layout-flow wp-block-column-is-layout-flow\">\n<h3 class=\"wp-block-heading h3-columns has-accent-color has-text-color has-link-color has-medium-font-size wp-elements-83b1af1134fee5da14942c95ce4cd3bd\">Conceptual<\/h3>\n\n\n\n<p>A menudo centrados en conceptos e ideas m\u00e1s que en la habilidad t\u00e9cnica tradicional, los artistas buscan <strong>transmitir mensajes, explorar temas filos\u00f3ficos o desafiar las percepciones convencionales a trav\u00e9s de sus obras<\/strong>. <\/p>\n<\/div>\n<\/div>\n\n\n<div class=\"\"><!-- PerArticle2024 --><ins class=\"adsbygoogle\" style=\"display:block;\" data-ad-client=\"ca-pub-1492686843181351\" data-ad-slot=\"6683191716\" data-ad-format=\"auto\" data-full-width-responsive=\"true\"><\/ins><script> (adsbygoogle = window.adsbygoogle || []).push({});<\/script><\/div>\n\n\n\n<!-- AdBoxRight2020 --><ins class=\"adsbygoogle\"     style=\"display:block; margin-top:30px;\"     data-ad-client=\"ca-pub-2468002815867636\"     data-ad-slot=\"3496014735\"     data-ad-format=\"auto\"     data-full-width-responsive=\"false\"><\/ins><script> (adsbygoogle = window.adsbygoogle || []).push({});<\/script><h2 class=\"wp-block-heading\"><strong>C<\/strong>ronolog\u00eda y principales movimientos <strong>en<\/strong> la Historia del Arte Contempor\u00e1neo<\/h2>\n\n\n\n<p>Aunque la clasificaci\u00f3n de algunos movimientos puede variar seg\u00fan la fuente, ya que la <strong>historia del arte contempor\u00e1neo<\/strong> puede ser interpretada de diferentes maneras por diferentes expertos, y adem\u00e1s muchos artistas trabajaban paralelamente en diferentes estilos y pa\u00edses, los <strong>principales movimientos surgidos durante la historia del arte contempor\u00e1neo<\/strong> se distribuir\u00edan cronol\u00f3gicamente de la siguiente forma:<\/p>\n\n\n\n<h2 class=\"wp-block-heading\"><strong><a href=\"https:\/\/www.aparences.net\/es\/arte-contemporaneo\/movimientos\/expresionismo-abstracto\/\">Expresionismo Abstracto<\/a> (1940-1950)<\/strong><\/h2>\n\n\n\n<div class=\"wp-block-columns is-layout-flex wp-container-core-columns-is-layout-9d6595d7 wp-block-columns-is-layout-flex\">\n<div class=\"wp-block-column is-layout-flow wp-block-column-is-layout-flow\">\n<p>Despu\u00e9s de la <strong>Segunda Guerra Mundial<\/strong>, el <a href=\"https:\/\/www.aparences.net\/es\/arte-contemporaneo\/movimientos\/expresionismo-abstracto\/\">Expresionismo Abstracto<\/a> se convirti\u00f3 en un movimiento influyente. Se caracterizaba principalmente por su \u00e9nfasis en la expresi\u00f3n emocional y gestual en la pintura y los artistas buscaban transmitir emociones y estados de \u00e1nimo a trav\u00e9s de la abstracci\u00f3n. Entre los artistas del movimiento \u201c<a href=\"https:\/\/www.aparences.net\/es\/arte-contemporaneo\/movimientos\/expresionismo-abstracto\/\">expresionismo abstracto<\/a>\u201d se encontraban<strong> <a href=\"https:\/\/www.aparences.net\/es\/arte-contemporaneo\/movimientos\/expresionismo-abstracto\/#jackson-pollock\">Jackson Pollock<\/a>, <a href=\"https:\/\/www.aparences.net\/es\/arte-contemporaneo\/movimientos\/expresionismo-abstracto\/#willem-de-kooning\">Willem de Kooning<\/a>, <\/strong><a href=\"https:\/\/www.aparences.net\/es\/arte-contemporaneo\/movimientos\/expresionismo-abstracto\/#franz-kline\"><strong>Franz Kline<\/strong><\/a>, <a href=\"https:\/\/www.aparences.net\/es\/arte-contemporaneo\/movimientos\/expresionismo-abstracto\/#robert-motherwell\"><strong>Robert Motherwell<\/strong><\/a>, <strong>William Baziotes<\/strong>, <strong>Barnett Newman<\/strong> y <strong><strong><a href=\"https:\/\/www.aparences.net\/es\/arte-contemporaneo\/expresionismo-abstracto\/mark-rothko\/\">Mark Rothko<\/a><\/strong><\/strong>, etre otros.<\/p>\n\n\n\n<p><strong>Seguir leyendo<\/strong>: <strong><a href=\"https:\/\/www.aparences.net\/es\/arte-contemporaneo\/movimientos\/expresionismo-abstracto\/\">Expresionismo abstracto<\/a><\/strong><\/p>\n<\/div>\n\n\n\n<div class=\"wp-block-column is-layout-flow wp-block-column-is-layout-flow\"><div class=\"wp-block-image is-style-default\">\n<figure class=\"alignleft size-full\"><img loading=\"lazy\" decoding=\"async\" width=\"537\" height=\"401\" src=\"https:\/\/www.aparences.net\/wp-content\/uploads\/2023\/11\/pollock-action-painting.webp\" alt=\"Arte Contempor\u00e1neo: Jackson Pollock en acci\u00f3n\" class=\"wp-image-29611\"\/><figcaption class=\"wp-element-caption\"><em>Fotograf\u00eda de <strong>Jackson Pollock<\/strong> en acci\u00f3n<\/em><\/figcaption><\/figure>\n<\/div><\/div>\n<\/div>\n\n\n<div class=\"\"><!-- PerArticle2024 --><ins class=\"adsbygoogle\" style=\"display:block;\" data-ad-client=\"ca-pub-1492686843181351\" data-ad-slot=\"6683191716\" data-ad-format=\"auto\" data-full-width-responsive=\"true\"><\/ins><script> (adsbygoogle = window.adsbygoogle || []).push({});<\/script><\/div>\n\n\n\n<!-- AdBoxLeft2023 --><ins class=\"adsbygoogle\" style=\"display:block\" data-ad-client=\"ca-pub-2468002815867636\" data-ad-slot=\"1318022963\" data-ad-format=\"auto\" data-full-width-responsive=\"true\"><\/ins><script> (adsbygoogle = window.adsbygoogle || []).push({});<\/script><h2 class=\"wp-block-heading\"><strong><a href=\"https:\/\/www.aparences.net\/es\/arte-contemporaneo\/movimientos\/color-field\/\">Color Field<\/a> (1940 &#8211; 1950)<\/strong><\/h2>\n\n\n\n<div class=\"wp-block-columns is-layout-flex wp-container-core-columns-is-layout-9d6595d7 wp-block-columns-is-layout-flex\">\n<div class=\"wp-block-column is-layout-flow wp-block-column-is-layout-flow\">\n<p>En estrecha relaci\u00f3n con el <strong><a href=\"https:\/\/www.aparences.net\/es\/arte-contemporaneo\/movimientos\/expresionismo-abstracto\/\">expresionismo abstracto<\/a><\/strong>, el <strong><em>color field <\/em><\/strong><em>painting<\/em> (<strong>pintura de campos de color<\/strong>) es un movimiento nacido en <strong>Nueva York en los a\u00f1os 1940<\/strong> y <strong>1950<\/strong> en respuesta a la <em>action painting<\/em> y se caracterizaba porque,a diferencia de la <em>action painting<\/em>, los artistas de este nuevo movimiento expresionista pintaban largos planos con colores s\u00f3lidos, casi monocromos, que formaban zonas ininterrumpidas sin profundidad.<br><br>Sus principales representantes fueron: <a href=\"https:\/\/www.aparences.net\/es\/arte-contemporaneo\/movimientos\/color-field\/#mark-rothko\"><strong>Mark Rothko<\/strong><\/a>, <a href=\"https:\/\/www.aparences.net\/es\/arte-contemporaneo\/movimientos\/color-field\/#adolph-gottlieb\"><strong>Adolph Gottlieb<\/strong><\/a>, <strong><a href=\"https:\/\/www.aparences.net\/es\/arte-contemporaneo\/movimientos\/color-field\/#clyfford-still\">Clyfford Still<\/a><\/strong> y <strong><a href=\"https:\/\/www.aparences.net\/es\/arte-contemporaneo\/movimientos\/color-field\/#barnett-newman\">Barnett Newman<\/a><\/strong>.<\/p>\n\n\n\n<p><strong>Seguir leyendo<\/strong>: <strong><a href=\"https:\/\/www.aparences.net\/es\/arte-contemporaneo\/movimientos\/color-field\/\">Color field<\/a><\/strong><\/p>\n<\/div>\n\n\n\n<div class=\"wp-block-column is-layout-flow wp-block-column-is-layout-flow\"><div class=\"wp-block-image is-style-default\">\n<figure class=\"alignleft size-full is-resized\"><a href=\"https:\/\/www.aparences.net\/es\/arte-contemporaneo\/movimientos\/color-field\/\"><img loading=\"lazy\" decoding=\"async\" width=\"446\" height=\"459\" src=\"https:\/\/www.aparences.net\/wp-content\/uploads\/2023\/11\/barnett-newman-canto-II.webp\" alt=\"Arte Contempor\u00e1neo: Barnet Newman\" class=\"wp-image-29663\" style=\"aspect-ratio:0.971677559912854;object-fit:cover;width:380px\"\/><\/a><figcaption class=\"wp-element-caption\"><em><strong>Canto II<\/strong>, litograf\u00eda, 1963, <strong>Barnet Newman<\/strong><\/em>.<\/figcaption><\/figure>\n<\/div><\/div>\n<\/div>\n\n\n\n<h2 class=\"wp-block-heading\"><strong><a href=\"https:\/\/www.aparences.net\/es\/arte-contemporaneo\/movimientos\/informalismo-art-brut-tachismo\/\">Informalismo, Art Brut, Tachismo<\/a> (1950)<\/strong><\/h2>\n\n\n\n<div class=\"wp-block-columns is-layout-flex wp-container-core-columns-is-layout-9d6595d7 wp-block-columns-is-layout-flex\">\n<div class=\"wp-block-column is-layout-flow wp-block-column-is-layout-flow\">\n<p>Se entiende por \u201c<a href=\"https:\/\/www.aparences.net\/es\/arte-contemporaneo\/movimientos\/informalismo-art-brut-tachismo\/\">Informalismo, Art Brut y Tachismo<\/a>\u201d el conjunto de corrientes art\u00edsticas que compart\u00edan una ruptura con la representaci\u00f3n figurativa, enfoc\u00e1ndose en gestos espont\u00e1neos, la experimentaci\u00f3n gestual y la exploraci\u00f3n de expresiones art\u00edsticas no convencionales.<br><br>Algunos de los principales representantes de estas corrientes art\u00edsticas fueron <strong>Jean Fautrier<\/strong>, <strong>Jean Dubuffet<\/strong>, <strong>Antoni T\u00e0pies<\/strong>, <strong>Alberto Burri<\/strong>, <strong>Henri Michaux<\/strong>, <strong>Georges Mathieu<\/strong> y <strong>Pierre Soulages<\/strong> entre muchos otros.<\/p>\n\n\n\n<p><strong>Seguir leyendo<\/strong>: <strong><a href=\"https:\/\/www.aparences.net\/es\/arte-contemporaneo\/movimientos\/informalismo-art-brut-tachismo\/\">Informalismo, Art Brut y Tachismo<\/a><\/strong><\/p>\n<\/div>\n\n\n\n<div class=\"wp-block-column is-layout-flow wp-block-column-is-layout-flow\"><div class=\"wp-block-image is-style-default\">\n<figure class=\"alignleft size-full is-resized\"><a href=\"https:\/\/www.aparences.net\/es\/arte-contemporaneo\/movimientos\/informalismo-art-brut-tachismo\/\"><img loading=\"lazy\" decoding=\"async\" width=\"577\" height=\"430\" src=\"https:\/\/www.aparences.net\/wp-content\/uploads\/2023\/11\/emilio-vedova-immagine-del-tempo.webp\" alt=\"Arte Contempor\u00e1neo: Immagine del tempo, Emilio Vedova\" class=\"wp-image-29701\" style=\"aspect-ratio:0.971677559912854;object-fit:cover;width:380px\" title=\"Immagine del tempo, 1951, Emilio Vedova\"\/><\/a><figcaption class=\"wp-element-caption\"><em><strong>Immagine del tempo<\/strong>, 1951, <strong>Emilio Vedova<\/strong><\/em><\/figcaption><\/figure>\n<\/div><\/div>\n<\/div>\n\n\n<div class=\"\"><!-- PerArticle2024 --><ins class=\"adsbygoogle\" style=\"display:block;\" data-ad-client=\"ca-pub-1492686843181351\" data-ad-slot=\"6683191716\" data-ad-format=\"auto\" data-full-width-responsive=\"true\"><\/ins><script> (adsbygoogle = window.adsbygoogle || []).push({});<\/script><\/div>\n\n\n\n<h2 class=\"wp-block-heading\"><strong><a href=\"https:\/\/www.aparences.net\/es\/arte-contemporaneo\/movimientos\/cobra\/\">Grupo Cobra<\/a> (1948 -1951)<\/strong><\/h2>\n\n\n\n<div class=\"wp-block-columns is-layout-flex wp-container-core-columns-is-layout-9d6595d7 wp-block-columns-is-layout-flex\">\n<div class=\"wp-block-column is-layout-flow wp-block-column-is-layout-flow\">\n<p>El <a href=\"https:\/\/www.aparences.net\/es\/arte-contemporaneo\/movimientos\/cobra\/\">Grupo COBRA<\/a>, acr\u00f3nimo de <strong>CO<\/strong>penhagen, <strong>BR<\/strong>ussels, <strong>A<\/strong>msterdam (ciudades de origen de sus fundadores), surgi\u00f3 como un movimiento art\u00edstico en el Par\u00eds de 1948. Se distingui\u00f3 por su expresi\u00f3n art\u00edstica, la cual pon\u00eda \u00e9nfasis en la espontaneidad, rechazando las restricciones formales y las planificaciones meticulosas. Inspirado en el Arte Primitivo y folcl\u00f3rico, el movimiento abraz\u00f3 colores vibrantes. Adem\u00e1s se opuso al racionalismo y se destac\u00f3 por fomentar la colaboraci\u00f3n entre artistas de diversas disciplinas.<\/p>\n\n\n\n<p>Sus miembros incluyeron a artistas como <strong><a href=\"https:\/\/www.aparences.net\/es\/arte-contemporaneo\/movimientos\/cobra\/#asger-jorn-y-los-bestiarios-primitivos\">Asger Jorn<\/a>, <a href=\"https:\/\/www.aparences.net\/es\/arte-contemporaneo\/movimientos\/cobra\/#anton-constant\">Anton Constant<\/a><\/strong>, <a href=\"https:\/\/www.aparences.net\/es\/arte-contemporaneo\/movimientos\/cobra\/#karel-appel\"><strong>Karel Appel<\/strong><\/a>, <a href=\"https:\/\/www.aparences.net\/es\/arte-contemporaneo\/movimientos\/cobra\/#guillaume-corneille\"><strong>Guillaume Corneille<\/strong><\/a> y <a href=\"https:\/\/www.aparences.net\/es\/arte-contemporaneo\/movimientos\/cobra\/#pierre-alechinsky\"><strong>Pierre Alechinsky<\/strong><\/a>.<\/p>\n<\/div>\n\n\n\n<div class=\"wp-block-column is-layout-flow wp-block-column-is-layout-flow\">\n<figure class=\"wp-block-image size-full\"><img loading=\"lazy\" decoding=\"async\" width=\"476\" height=\"370\" src=\"https:\/\/www.aparences.net\/wp-content\/uploads\/2023\/11\/asger-jorn-photo-artiste.webp\" alt=\"Arte Contempor\u00e1neo: Asger Jorn en su taller.\" class=\"wp-image-29724\"\/><figcaption class=\"wp-element-caption\"><strong>Asger Jorn<\/strong> en su taller.<\/figcaption><\/figure>\n\n\n\n<p><strong>Seguir leyendo<\/strong>: <strong><a href=\"https:\/\/www.aparences.net\/es\/arte-contemporaneo\/movimientos\/cobra\/\">Grupo Cobra<\/a><\/strong><\/p>\n<\/div>\n<\/div>\n\n\n\n<!-- AfterArticle2023 --><ins class=\"adsbygoogle\"     style=\"display:block;margin-bottom:5px;\"     data-ad-client=\"ca-pub-2468002815867636\"     data-ad-slot=\"3955176166\"     data-ad-format=\"auto\"     data-full-width-responsive=\"true\"><\/ins><script> (adsbygoogle = window.adsbygoogle || []).push({});<\/script><h2 class=\"wp-block-heading\"><strong><a href=\"https:\/\/www.aparences.net\/es\/arte-contemporaneo\/neo-dada-es\/neo-dada\/\">Neo Dada<\/a> (1950)<\/strong><\/h2>\n\n\n\n<div class=\"wp-block-columns is-layout-flex wp-container-core-columns-is-layout-9d6595d7 wp-block-columns-is-layout-flex\">\n<div class=\"wp-block-column is-layout-flow wp-block-column-is-layout-flow\">\n<p>El <strong><a href=\"https:\/\/www.aparences.net\/es\/arte-contemporaneo\/neo-dada-es\/neo-dada\/\">Neo-Dada<\/a><\/strong> surgi\u00f3 en la d\u00e9cada de <strong>1950<\/strong> como una respuesta y extensi\u00f3n del movimiento art\u00edstico original conocido como <a href=\"https:\/\/www.aparences.net\/es\/periodos\/arte-moderno\/dada\/\" data-type=\"link\" data-id=\"https:\/\/www.aparences.net\/es\/periodos\/arte-moderno\/dada\/\">Dada<\/a> y que tuvo lugar durante la Primera Guerra Mundial (d\u00e9cada de 1920).<\/p>\n\n\n\n<p>El movimiento <strong>Dada<\/strong> inicial se caracteriz\u00f3 por su rechazo de las convenciones art\u00edsticas establecidas, as\u00ed como por la creaci\u00f3n de obras que a menudo eran irreverentes, provocativas y antiart\u00edsticas. El <strong>Neo-Dada<\/strong> retom\u00f3 algunas de estas actitudes iconoclastas y estrategias art\u00edsticas, pero en un contexto nuevo y contempor\u00e1neo.<\/p>\n\n\n\n<p>Figuras clave del <strong>Neo-Dada<\/strong> incluyen a artistas como <a href=\"https:\/\/www.aparences.net\/es\/arte-contemporaneo\/neo-dada-es\/robert-rauschenberg-entre-figuracion-y-abstraccion\/\"><strong>Robert Rauschenberg<\/strong><\/a>,<a href=\"https:\/\/www.aparences.net\/es\/arte-contemporaneo\/neo-dada-es\/jasper-johns-el-cuadro-como-objeto\/\"><strong>Jasper Johns<\/strong><\/a> y <a href=\"https:\/\/www.aparences.net\/es\/arte-contemporaneo\/neo-dada-es\/claes-oldenburg-entre-happening-y-performance\/\"><strong>Claes Oldenburg<\/strong><\/a> entre otros.<\/p>\n<\/div>\n\n\n\n<div class=\"wp-block-column is-vertically-aligned-top is-layout-flow wp-block-column-is-layout-flow\"><div class=\"wp-block-image\">\n<figure class=\"aligncenter size-full is-resized\"><img loading=\"lazy\" decoding=\"async\" width=\"465\" height=\"508\" src=\"https:\/\/www.aparences.net\/wp-content\/uploads\/2023\/12\/john-chamberlain-essex-1960.webp\" alt=\"Arte Contempor\u00e1neo : Essex, 1960, John Chamberlain\" class=\"wp-image-30064\" style=\"width:380px\"\/><figcaption class=\"wp-element-caption\"><em><strong>Essex<\/strong>, 1960, <strong>John Chamberlain<\/strong><\/em>.<\/figcaption><\/figure>\n<\/div>\n\n\n<p class=\"has-text-align-center\"><strong>Seguir leyendo<\/strong>: <strong><strong><a href=\"https:\/\/www.aparences.net\/es\/arte-contemporaneo\/neo-dada-es\/neo-dada\/\">Neo-Dada<\/a><\/strong><\/strong><\/p>\n<\/div>\n<\/div>\n\n\n<div class=\"wp-block-themezee-magazine-blocks-grid tz-magazine-block\"><div class=\"tz-magazine-grid-columns tz-magazine-grid-columns-4\"><div class=\"tz-post-wrap\"><article id=\"post-24836\" class=\"tz-magazine-post post-24836 post tz-type-post status-publish format-standard has-post-thumbnail hentry category-neo-dada-es tag-arte-contemporaneo tag-jasper-johns-2 tag-john-cage-2 tag-merce-cunningham-2 tag-neodadaismo tag-robert-rauschenberg-2\"><figure class=\"tz-entry-image entry-image\"><a href=\"https:\/\/www.aparences.net\/es\/arte-contemporaneo\/neo-dada-es\/neo-dada-2\/\" rel=\"bookmark\"><img loading=\"lazy\" decoding=\"async\" width=\"355\" height=\"177\" src=\"https:\/\/www.aparences.net\/wp-content\/uploads\/2022\/01\/neo-dada-355x177.webp\" class=\"attachment-355x177 size-355x177 wp-post-image\" alt=\"\" srcset=\"https:\/\/www.aparences.net\/wp-content\/uploads\/2022\/01\/neo-dada-355x177.webp 355w, https:\/\/www.aparences.net\/wp-content\/uploads\/2022\/01\/neo-dada-768x384.webp 768w, https:\/\/www.aparences.net\/wp-content\/uploads\/2022\/01\/neo-dada-204x102.webp 204w, https:\/\/www.aparences.net\/wp-content\/uploads\/2022\/01\/neo-dada-720x360.webp 720w, https:\/\/www.aparences.net\/wp-content\/uploads\/2022\/01\/neo-dada.webp 1080w\" sizes=\"auto, (max-width: 355px) 100vw, 355px\" \/><\/a><\/figure><header class=\"tz-entry-header entry-header\"><h2 class=\"tz-entry-title entry-title\"><a href=\"https:\/\/www.aparences.net\/es\/arte-contemporaneo\/neo-dada-es\/neo-dada-2\/\" rel=\"bookmark\">Neo-Dada<\/a><\/h2><\/header><\/article><\/div><div class=\"tz-post-wrap\"><article id=\"post-24723\" class=\"tz-magazine-post post-24723 post tz-type-post status-publish format-standard has-post-thumbnail hentry category-neo-dada-es tag-arte-contemporaneo tag-expresionismo-abstracto tag-neo-dada-2 tag-pop-art-3\"><figure class=\"tz-entry-image entry-image\"><a href=\"https:\/\/www.aparences.net\/es\/arte-contemporaneo\/neo-dada-es\/jasper-johns-el-cuadro-como-objeto\/\" rel=\"bookmark\"><img loading=\"lazy\" decoding=\"async\" width=\"355\" height=\"177\" src=\"https:\/\/www.aparences.net\/wp-content\/uploads\/2022\/01\/jasper-johns-355x177.webp\" class=\"attachment-355x177 size-355x177 wp-post-image\" alt=\"\" srcset=\"https:\/\/www.aparences.net\/wp-content\/uploads\/2022\/01\/jasper-johns-355x177.webp 355w, https:\/\/www.aparences.net\/wp-content\/uploads\/2022\/01\/jasper-johns-768x384.webp 768w, https:\/\/www.aparences.net\/wp-content\/uploads\/2022\/01\/jasper-johns-204x102.webp 204w, https:\/\/www.aparences.net\/wp-content\/uploads\/2022\/01\/jasper-johns-720x360.webp 720w, https:\/\/www.aparences.net\/wp-content\/uploads\/2022\/01\/jasper-johns.webp 1080w\" sizes=\"auto, (max-width: 355px) 100vw, 355px\" \/><\/a><\/figure><header class=\"tz-entry-header entry-header\"><h2 class=\"tz-entry-title entry-title\"><a href=\"https:\/\/www.aparences.net\/es\/arte-contemporaneo\/neo-dada-es\/jasper-johns-el-cuadro-como-objeto\/\" rel=\"bookmark\">Jasper Johns: el cuadro como objeto<\/a><\/h2><\/header><\/article><\/div><div class=\"tz-post-wrap\"><article id=\"post-24773\" class=\"tz-magazine-post post-24773 post tz-type-post status-publish format-standard has-post-thumbnail hentry category-neo-dada-es tag-abstraccion tag-combines-2 tag-figuracion tag-neo-dada-2 tag-serigrafia\"><figure class=\"tz-entry-image entry-image\"><a href=\"https:\/\/www.aparences.net\/es\/arte-contemporaneo\/neo-dada-es\/robert-rauschenberg-entre-figuracion-y-abstraccion\/\" rel=\"bookmark\"><img loading=\"lazy\" decoding=\"async\" width=\"355\" height=\"177\" src=\"https:\/\/www.aparences.net\/wp-content\/uploads\/2022\/01\/robert-rauschenberg-allegory-355x177.webp\" class=\"attachment-355x177 size-355x177 wp-post-image\" alt=\"\" srcset=\"https:\/\/www.aparences.net\/wp-content\/uploads\/2022\/01\/robert-rauschenberg-allegory-355x177.webp 355w, https:\/\/www.aparences.net\/wp-content\/uploads\/2022\/01\/robert-rauschenberg-allegory-768x384.webp 768w, https:\/\/www.aparences.net\/wp-content\/uploads\/2022\/01\/robert-rauschenberg-allegory-204x102.webp 204w, https:\/\/www.aparences.net\/wp-content\/uploads\/2022\/01\/robert-rauschenberg-allegory-720x360.webp 720w, https:\/\/www.aparences.net\/wp-content\/uploads\/2022\/01\/robert-rauschenberg-allegory.webp 1080w\" sizes=\"auto, (max-width: 355px) 100vw, 355px\" \/><\/a><\/figure><header class=\"tz-entry-header entry-header\"><h2 class=\"tz-entry-title entry-title\"><a href=\"https:\/\/www.aparences.net\/es\/arte-contemporaneo\/neo-dada-es\/robert-rauschenberg-entre-figuracion-y-abstraccion\/\" rel=\"bookmark\">Robert Rauschenberg: entre figuraci\u00f3n y abstracci\u00f3n<\/a><\/h2><\/header><\/article><\/div><div class=\"tz-post-wrap\"><article id=\"post-24807\" class=\"tz-magazine-post post-24807 post tz-type-post status-publish format-standard has-post-thumbnail hentry category-neo-dada-es tag-art-brut-es tag-arte-contemporaneo tag-escultura tag-happening-2 tag-instalacion tag-performance-2 tag-pop-art-3\"><figure class=\"tz-entry-image entry-image\"><a href=\"https:\/\/www.aparences.net\/es\/arte-contemporaneo\/neo-dada-es\/claes-oldenburg-entre-happening-y-performance\/\" rel=\"bookmark\"><img loading=\"lazy\" decoding=\"async\" width=\"355\" height=\"177\" src=\"https:\/\/www.aparences.net\/wp-content\/uploads\/2022\/01\/claes-oldenburg-355x177.webp\" class=\"attachment-355x177 size-355x177 wp-post-image\" alt=\"\" srcset=\"https:\/\/www.aparences.net\/wp-content\/uploads\/2022\/01\/claes-oldenburg-355x177.webp 355w, https:\/\/www.aparences.net\/wp-content\/uploads\/2022\/01\/claes-oldenburg-1080x540.webp 1080w, https:\/\/www.aparences.net\/wp-content\/uploads\/2022\/01\/claes-oldenburg-204x102.webp 204w, https:\/\/www.aparences.net\/wp-content\/uploads\/2022\/01\/claes-oldenburg-720x360.webp 720w\" sizes=\"auto, (max-width: 355px) 100vw, 355px\" \/><\/a><\/figure><header class=\"tz-entry-header entry-header\"><h2 class=\"tz-entry-title entry-title\"><a href=\"https:\/\/www.aparences.net\/es\/arte-contemporaneo\/neo-dada-es\/claes-oldenburg-entre-happening-y-performance\/\" rel=\"bookmark\">Claes Oldenburg: entre happening y performance<\/a><\/h2><\/header><\/article><\/div><\/div><\/div>\n\n\n<h2 class=\"wp-block-heading\"><a href=\"https:\/\/www.aparences.net\/es\/arte-contemporaneo\/post-painterly-abstraction-es\/post-painterly-abstraction\/\">Post-Painterly Abstraction<\/a> (1960)<\/h2>\n\n\n\n<div class=\"wp-block-columns is-layout-flex wp-container-core-columns-is-layout-9d6595d7 wp-block-columns-is-layout-flex\">\n<div class=\"wp-block-column is-layout-flow wp-block-column-is-layout-flow\">\n<p>El <strong><a href=\"https:\/\/www.aparences.net\/es\/arte-contemporaneo\/post-painterly-abstraction-es\/post-painterly-abstraction\/\">Post-Painterly Abstraction<\/a><\/strong> (Abstracci\u00f3n postpict\u00f3rica) se desarroll\u00f3 a mediados del <strong>siglo XX<\/strong>, particularmente en la d\u00e9cada de <strong>1960<\/strong>, y es un t\u00e9rmino general que engloba una variedad de estilos que evolucionaron como reacci\u00f3n a los planteamientos pict\u00f3ricos y gestuales de algunos <strong><a href=\"https:\/\/www.aparences.net\/es\/arte-contemporaneo\/movimientos\/expresionismo-abstracto\/\">expresionistas abstractos<\/a><\/strong>.<\/p>\n\n\n\n<p>En 1964, el cr\u00edtico <strong>Clement Greenberg<\/strong> fue contratado por <strong>Los \u00c1ngeles County Museum<\/strong> para comisariar una exposici\u00f3n de j\u00f3venes abstraccionistas. Greenberg era la elecci\u00f3n natural para organizar una exposici\u00f3n de este tipo, ya que a finales de la d\u00e9cada de 1950 se hab\u00eda labrado una s\u00f3lida reputaci\u00f3n como defensor del arte abstracto contempor\u00e1neo. Greenberg denomin\u00f3 a la exposici\u00f3n <strong>Post-Painterly Abstraction<\/strong>, aunque en el ensayo que escribi\u00f3 para el cat\u00e1logo de la exposici\u00f3n nunca se refiri\u00f3 al estilo por su nombre.<\/p>\n<\/div>\n\n\n\n<div class=\"wp-block-column is-layout-flow wp-block-column-is-layout-flow\">\n<figure class=\"wp-block-image size-full is-resized\"><img loading=\"lazy\" decoding=\"async\" width=\"624\" height=\"460\" src=\"https:\/\/www.aparences.net\/wp-content\/uploads\/2023\/12\/sam-francis-untitled-yellow-1960-61.webp\" alt=\"Arte Contempor\u00e1neo : Sin t\u00edtulo (Amarillo), 1960-61, Sam Francis\" class=\"wp-image-30071\" style=\"width:380px\"\/><figcaption class=\"wp-element-caption\"><em><em><strong>Sin t\u00edtulo<\/strong> (Amarillo), 1960-61, <strong>Sam Francis<\/strong><\/em><\/em>.<\/figcaption><\/figure>\n<\/div>\n<\/div>\n\n\n\n<div class=\"wp-block-themezee-magazine-blocks-columns tz-magazine-block\"><div class=\"tz-magazine-columns\"><div class=\"wp-block-themezee-magazine-blocks-column tz-magazine-block\"><div class=\"tz-magazine-column\"><div class=\"tz-magazine-highlight-post\"><div class=\"tz-post-wrap\"><article id=\"post-25103\" class=\"tz-magazine-post post-25103 post tz-type-post status-publish format-standard has-post-thumbnail hentry category-post-painterly-abstraction-es tag-color-field-2 tag-expresionismo-abstracto tag-helen-frankenthaler-2 tag-mountains-and-sea-2 tag-tecnica-soak-stain\"><figure class=\"tz-entry-image entry-image\"><a href=\"https:\/\/www.aparences.net\/es\/arte-contemporaneo\/post-painterly-abstraction-es\/helen-frankenthaler-entre-expresionismo-abstracto-y-color-field\/\" rel=\"bookmark\"><img loading=\"lazy\" decoding=\"async\" width=\"355\" height=\"177\" src=\"https:\/\/www.aparences.net\/wp-content\/uploads\/2022\/05\/helen-frankenthaler-355x177.webp\" class=\"attachment-355x177 size-355x177 wp-post-image\" alt=\"\" srcset=\"https:\/\/www.aparences.net\/wp-content\/uploads\/2022\/05\/helen-frankenthaler-355x177.webp 355w, https:\/\/www.aparences.net\/wp-content\/uploads\/2022\/05\/helen-frankenthaler-768x384.webp 768w, https:\/\/www.aparences.net\/wp-content\/uploads\/2022\/05\/helen-frankenthaler-204x102.webp 204w, https:\/\/www.aparences.net\/wp-content\/uploads\/2022\/05\/helen-frankenthaler-720x360.webp 720w, https:\/\/www.aparences.net\/wp-content\/uploads\/2022\/05\/helen-frankenthaler.webp 1080w\" sizes=\"auto, (max-width: 355px) 100vw, 355px\" \/><\/a><\/figure><header class=\"tz-entry-header entry-header\"><h2 class=\"tz-entry-title entry-title\"><a href=\"https:\/\/www.aparences.net\/es\/arte-contemporaneo\/post-painterly-abstraction-es\/helen-frankenthaler-entre-expresionismo-abstracto-y-color-field\/\" rel=\"bookmark\">Helen Frankenthaler: entre Expresionismo abstracto y Color field<\/a><\/h2><\/header><\/article><\/div><\/div><div class=\"tz-magazine-thumbnail-list\"><\/div><\/div><\/div>\n\n<div class=\"wp-block-themezee-magazine-blocks-column tz-magazine-block\"><div class=\"tz-magazine-column\"><div class=\"tz-magazine-highlight-post\"><div class=\"tz-post-wrap\"><article id=\"post-25073\" class=\"tz-magazine-post post-25073 post tz-type-post status-publish format-standard has-post-thumbnail hentry category-post-painterly-abstraction-es tag-abstraccion-postpictorica tag-expresionismo-abstracto tag-helen-frankenthaler-2 tag-john-ferren tag-jules-olitski-2 tag-kenneth-noland-2 tag-morris-louis-2 tag-post-painterly-abstraction-2 tag-sam-francis\"><figure class=\"tz-entry-image entry-image\"><a href=\"https:\/\/www.aparences.net\/es\/arte-contemporaneo\/post-painterly-abstraction-es\/post-painterly-abstraction-2\/\" rel=\"bookmark\"><img loading=\"lazy\" decoding=\"async\" width=\"355\" height=\"177\" src=\"https:\/\/www.aparences.net\/wp-content\/uploads\/2022\/05\/abstraction-post-picturale-355x177.webp\" class=\"attachment-355x177 size-355x177 wp-post-image\" alt=\"\" srcset=\"https:\/\/www.aparences.net\/wp-content\/uploads\/2022\/05\/abstraction-post-picturale-355x177.webp 355w, https:\/\/www.aparences.net\/wp-content\/uploads\/2022\/05\/abstraction-post-picturale-768x384.webp 768w, https:\/\/www.aparences.net\/wp-content\/uploads\/2022\/05\/abstraction-post-picturale-204x102.webp 204w, https:\/\/www.aparences.net\/wp-content\/uploads\/2022\/05\/abstraction-post-picturale-720x360.webp 720w, https:\/\/www.aparences.net\/wp-content\/uploads\/2022\/05\/abstraction-post-picturale.webp 1080w\" sizes=\"auto, (max-width: 355px) 100vw, 355px\" \/><\/a><\/figure><header class=\"tz-entry-header entry-header\"><h2 class=\"tz-entry-title entry-title\"><a href=\"https:\/\/www.aparences.net\/es\/arte-contemporaneo\/post-painterly-abstraction-es\/post-painterly-abstraction-2\/\" rel=\"bookmark\">Post-Painterly Abstraction<\/a><\/h2><\/header><\/article><\/div><\/div><div class=\"tz-magazine-thumbnail-list\"><\/div><\/div><\/div><\/div><\/div>\n\n\n\n<div class=\"wp-block-columns is-layout-flex wp-container-core-columns-is-layout-9d6595d7 wp-block-columns-is-layout-flex\">\n<div class=\"wp-block-column is-layout-flow wp-block-column-is-layout-flow\" style=\"flex-basis:66.66%\">\n<p>Este <strong>movimiento del arte contempor\u00e1neo<\/strong> se caracteriz\u00f3 por el uso de colores planos y \u00e1reas uniformes, y evit\u00f3 las pinceladas gestuales en favor de bordes definidos y superficies planas. Los artistas priorizaron la composici\u00f3n y la organizaci\u00f3n formal, marcando un distanciamiento de las t\u00e9cnicas m\u00e1s expresivas del <strong><a href=\"https:\/\/www.aparences.net\/es\/arte-contemporaneo\/movimientos\/expresionismo-abstracto\/\">Expresionismo Abstracto<\/a><\/strong>. Este enfoque buscaba una claridad visual y una reducci\u00f3n de la carga emocional, representando una evoluci\u00f3n en la abstracci\u00f3n del arte contempor\u00e1neo.<\/p>\n<\/div>\n\n\n\n<div class=\"wp-block-column is-layout-flow wp-block-column-is-layout-flow\" style=\"flex-basis:33.33%\"><div class=\"\"><!-- PeraArticleRight2024 --><ins class=\"adsbygoogle\" style=\"display:block\" data-ad-client=\"ca-pub-1492686843181351\" data-ad-slot=\"6150238045\" data-ad-format=\"rectangle, horizontal\" data-full-width-responsive=\"false\"><\/ins><script> (adsbygoogle = window.adsbygoogle || []).push({});<\/script><\/div>\n<\/div>\n<\/div>\n\n\n\n<p>Artistas asociados con el <strong>Post-Painterly Abstraction<\/strong> incluyen a <strong>Sam Francis<\/strong>, <a href=\"https:\/\/www.aparences.net\/es\/arte-contemporaneo\/post-painterly-abstraction-es\/post-painterly-abstraction\/#kenneth-noland\"><strong>Kenneth Noland<\/strong><\/a>, <a href=\"https:\/\/www.aparences.net\/es\/arte-contemporaneo\/post-painterly-abstraction-es\/post-painterly-abstraction\/#morris-louis\"><strong>Morris Louis<\/strong><\/a>, <strong>Larry Poons<\/strong>, <strong>Ellsworth Kelly<\/strong>, <a data-type=\"link\" data-id=\"https:\/\/www.aparences.net\/es\/arte-contemporaneo\/hard-edge-painting-es\/frank-stella-lo-que-ves-es-lo-que-ves\/\" href=\"https:\/\/www.aparences.net\/es\/arte-contemporaneo\/hard-edge-painting-es\/frank-stella-lo-que-ves-es-lo-que-ves\/\"><strong>Frank Stella<\/strong><\/a> y <strong>Jules Olitski<\/strong>, <a data-type=\"link\" data-id=\"https:\/\/www.aparences.net\/es\/arte-contemporaneo\/post-painterly-abstraction-es\/helen-frankenthaler-entre-expresionismo-abstracto-y-color-field\/\" href=\"https:\/\/www.aparences.net\/es\/arte-contemporaneo\/post-painterly-abstraction-es\/helen-frankenthaler-entre-expresionismo-abstracto-y-color-field\/\"><strong>Helen Frankenthaler<\/strong><\/a>, entre otros.<\/p>\n\n\n\n<h2 class=\"wp-block-heading\"><strong><a href=\"https:\/\/www.aparences.net\/es\/arte-contemporaneo\/hard-edge-painting-es\/hard-edge-painting\/\">Hard-edge Painting<\/a> (1960 &#8211; 1970)<\/strong><\/h2>\n\n\n\n<div class=\"wp-block-columns is-layout-flex wp-container-core-columns-is-layout-9d6595d7 wp-block-columns-is-layout-flex\">\n<div class=\"wp-block-column is-layout-flow wp-block-column-is-layout-flow\">\n<p>El <strong>Hard-edge painting<\/strong> es un estilo art\u00edstico que se desarroll\u00f3 principalmente en la d\u00e9cada de <strong>1960<\/strong> aunque algunos artistas lo extendieron hasta la d\u00e9cada de <strong>1970<\/strong>.<\/p>\n\n\n\n<p>El movimiento se caracterizaba por la utilizaci\u00f3n de l\u00edneas definidas y colores n\u00edtidos, que creaban composiciones geom\u00e9tricas sin difuminaci\u00f3n ni transiciones suaves entre las \u00e1reas de color.<\/p>\n\n\n\n<p>Algunos de los principales artistas representantes de este movimiento del arte contempor\u00e1neo fueron: <strong>Ellsworth Kelly<\/strong>, <a href=\"https:\/\/www.aparences.net\/es\/arte-contemporaneo\/hard-edge-painting-es\/frank-stella-lo-que-ves-es-lo-que-ves\/\"><strong>Frank Stella<\/strong><\/a> y <strong>Kenneth Noland<\/strong>.<\/p>\n\n\n\n<p><strong><strong>Seguir leyendo<\/strong>: <strong><strong><a href=\"https:\/\/www.aparences.net\/es\/arte-contemporaneo\/hard-edge-painting-es\/hard-edge-painting\/\">Hard-edge painting<\/a><\/strong><\/strong><\/strong><\/p>\n<\/div>\n\n\n\n<div class=\"wp-block-column is-layout-flow wp-block-column-is-layout-flow\">\n<figure class=\"wp-block-image size-full is-resized\"><img loading=\"lazy\" decoding=\"async\" width=\"464\" height=\"460\" src=\"https:\/\/www.aparences.net\/wp-content\/uploads\/2023\/12\/frank-stella-photographie-black-painting-1958-62.webp\" alt=\"Arte Contempor\u00e1neo: Frank Stella\" class=\"wp-image-30066\" style=\"width:380px\" srcset=\"https:\/\/www.aparences.net\/wp-content\/uploads\/2023\/12\/frank-stella-photographie-black-painting-1958-62.webp 464w, https:\/\/www.aparences.net\/wp-content\/uploads\/2023\/12\/frank-stella-photographie-black-painting-1958-62-100x100.webp 100w, https:\/\/www.aparences.net\/wp-content\/uploads\/2023\/12\/frank-stella-photographie-black-painting-1958-62-150x150.webp 150w\" sizes=\"auto, (max-width: 464px) 100vw, 464px\" \/><\/figure>\n<\/div>\n<\/div>\n\n\n\n<div class=\"wp-block-themezee-magazine-blocks-columns tz-magazine-block\"><div class=\"tz-magazine-columns\"><div class=\"wp-block-themezee-magazine-blocks-column tz-magazine-block\"><div class=\"tz-magazine-column\"><div class=\"tz-magazine-highlight-post\"><div class=\"tz-post-wrap\"><article id=\"post-25163\" class=\"tz-magazine-post post-25163 post tz-type-post status-publish format-standard has-post-thumbnail hentry category-hard-edge-painting-es tag-arte-abstracto tag-frank-stella-es tag-minimalismo tag-pintura-hard-edge\"><figure class=\"tz-entry-image entry-image\"><a href=\"https:\/\/www.aparences.net\/es\/arte-contemporaneo\/hard-edge-painting-es\/frank-stella-lo-que-ves-es-lo-que-ves\/\" rel=\"bookmark\"><img loading=\"lazy\" decoding=\"async\" width=\"355\" height=\"177\" src=\"https:\/\/www.aparences.net\/wp-content\/uploads\/2022\/05\/frank-stella-355x177.webp\" class=\"attachment-355x177 size-355x177 wp-post-image\" alt=\"\" srcset=\"https:\/\/www.aparences.net\/wp-content\/uploads\/2022\/05\/frank-stella-355x177.webp 355w, https:\/\/www.aparences.net\/wp-content\/uploads\/2022\/05\/frank-stella-768x384.webp 768w, https:\/\/www.aparences.net\/wp-content\/uploads\/2022\/05\/frank-stella-204x102.webp 204w, https:\/\/www.aparences.net\/wp-content\/uploads\/2022\/05\/frank-stella-720x360.webp 720w, https:\/\/www.aparences.net\/wp-content\/uploads\/2022\/05\/frank-stella.webp 1080w\" sizes=\"auto, (max-width: 355px) 100vw, 355px\" \/><\/a><\/figure><header class=\"tz-entry-header entry-header\"><h2 class=\"tz-entry-title entry-title\"><a href=\"https:\/\/www.aparences.net\/es\/arte-contemporaneo\/hard-edge-painting-es\/frank-stella-lo-que-ves-es-lo-que-ves\/\" rel=\"bookmark\">Frank Stella: lo que ves es lo que ves<\/a><\/h2><\/header><\/article><\/div><\/div><div class=\"tz-magazine-thumbnail-list\"><\/div><\/div><\/div>\n\n<div class=\"wp-block-themezee-magazine-blocks-column tz-magazine-block\"><div class=\"tz-magazine-column\"><div class=\"tz-magazine-highlight-post\"><div class=\"tz-post-wrap\"><article id=\"post-25137\" class=\"tz-magazine-post post-25137 post tz-type-post status-publish format-standard has-post-thumbnail hentry category-hard-edge-painting-es tag-four-abstract-classicists-2 tag-hard-edge-painting-2 tag-jules-langsner-2 tag-pintura-abstracta tag-pintura-de-borde-duro\"><figure class=\"tz-entry-image entry-image\"><a href=\"https:\/\/www.aparences.net\/es\/arte-contemporaneo\/hard-edge-painting-es\/hard-edge-painting-2\/\" rel=\"bookmark\"><img loading=\"lazy\" decoding=\"async\" width=\"355\" height=\"177\" src=\"https:\/\/www.aparences.net\/wp-content\/uploads\/2022\/05\/hard-edge-painting-355x177.webp\" class=\"attachment-355x177 size-355x177 wp-post-image\" alt=\"\" srcset=\"https:\/\/www.aparences.net\/wp-content\/uploads\/2022\/05\/hard-edge-painting-355x177.webp 355w, https:\/\/www.aparences.net\/wp-content\/uploads\/2022\/05\/hard-edge-painting-768x384.webp 768w, https:\/\/www.aparences.net\/wp-content\/uploads\/2022\/05\/hard-edge-painting-204x102.webp 204w, https:\/\/www.aparences.net\/wp-content\/uploads\/2022\/05\/hard-edge-painting-720x360.webp 720w, https:\/\/www.aparences.net\/wp-content\/uploads\/2022\/05\/hard-edge-painting.webp 1080w\" sizes=\"auto, (max-width: 355px) 100vw, 355px\" \/><\/a><\/figure><header class=\"tz-entry-header entry-header\"><h2 class=\"tz-entry-title entry-title\"><a href=\"https:\/\/www.aparences.net\/es\/arte-contemporaneo\/hard-edge-painting-es\/hard-edge-painting-2\/\" rel=\"bookmark\">Hard-edge painting<\/a><\/h2><\/header><\/article><\/div><\/div><div class=\"tz-magazine-thumbnail-list\"><\/div><\/div><\/div><\/div><\/div>\n\n\n\n<h2 class=\"wp-block-heading\"><strong><a href=\"https:\/\/www.aparences.net\/art-contemporain\/mouvements\/pop-art\/\">Pop Art<\/a> (1950 \u2013 1960)<\/strong><\/h2>\n\n\n\n<div class=\"wp-block-columns is-layout-flex wp-container-core-columns-is-layout-9d6595d7 wp-block-columns-is-layout-flex\">\n<div class=\"wp-block-column is-layout-flow wp-block-column-is-layout-flow\">\n<p>El <strong><a href=\"https:\/\/www.aparences.net\/art-contemporain\/mouvements\/pop-art\/\">Pop Art<\/a><\/strong> fue un movimiento art\u00edstico que surgi\u00f3 principalmente en la d\u00e9cada de <strong>1950 en el Reino Unido<\/strong> y continu\u00f3 a principios de la d\u00e9cada de <strong>1960 en los Estados Unidos<\/strong>. Este movimiento dej\u00f3 una marca duradera en el arte contempor\u00e1neo y sigue siendo influyente hasta el d\u00eda de hoy.<strong><br><br><\/strong>El movimiento <strong>Pop Art<\/strong> se caracteriza por la incorporaci\u00f3n de elementos de la cultura popular y de masas en el arte visual. Los artistas pop art se inspiraron en la publicidad, los c\u00f3mics, la cultura de consumo y los objetos cotidianos, utilizando colores brillantes y formas audaces.<\/p>\n\n\n\n<p>Entre los principales artistas del <strong>Pop Art <\/strong>se incluyen a <strong><a href=\"https:\/\/www.aparences.net\/es\/arte-contemporaneo\/movimientos\/pop-art\/#andy-warhol-y-la-t%C3%A9cnica-de-la-repetici%C3%B3n\">Andy Warhol<\/a>, <a href=\"https:\/\/www.aparences.net\/es\/arte-contemporaneo\/movimientos\/pop-art\/#roy-lichtenstein\">Roy Lichtenstein<\/a><\/strong>,<strong> Claes Oldenburg, Jasper Johns<\/strong>,<strong> <a href=\"https:\/\/www.aparences.net\/es\/arte-contemporaneo\/movimientos\/pop-art\/#la-segunda-generaci%C3%B3n-del-pop-art-ingl%C3%A9s:-david-hockney\">David Hockney<\/a> <\/strong>y<strong> <a href=\"https:\/\/www.aparences.net\/es\/arte-contemporaneo\/movimientos\/pop-art\/#richard-hamilton\">Richard Hamilton<\/a><\/strong>,<strong> <\/strong>entre otros.<\/p>\n<\/div>\n\n\n\n<div class=\"wp-block-column is-layout-flow wp-block-column-is-layout-flow\"><div class=\"wp-block-image\">\n<figure class=\"aligncenter size-full is-resized\"><img loading=\"lazy\" decoding=\"async\" width=\"630\" height=\"446\" src=\"https:\/\/www.aparences.net\/wp-content\/uploads\/2023\/11\/claes-oldenbourg-giant-blt.webp\" alt=\"Arte Contempor\u00e1neo : Giant BLT (Bacon, Lettuce, and Tomato Sandwich), 1963, Claes Oldenburg\" class=\"wp-image-29784\" style=\"width:380px\"\/><figcaption class=\"wp-element-caption\"><em><em><strong>Giant BLT<\/strong> (Bacon, Lettuce, and Tomato Sandwich), 1963,<\/em><\/em><br><em><em><strong>Claes Oldenburg<\/strong><\/em><\/em><\/figcaption><\/figure>\n<\/div>\n\n\n<p class=\"has-text-align-center\"><strong>Seguir leyendo<\/strong>: <strong><strong><a href=\"https:\/\/www.aparences.net\/art-contemporain\/mouvements\/pop-art\/\">Pop Art<\/a><\/strong><\/strong><\/p>\n<\/div>\n<\/div>\n\n\n\n<h2 class=\"wp-block-heading\"><strong><a href=\"https:\/\/www.aparences.net\/es\/arte-contemporaneo\/movimientos\/nuevo-realismo\/\">Nuevo Realismo<\/a> (1960)<\/strong><\/h2>\n\n\n\n<div class=\"wp-block-columns is-layout-flex wp-container-core-columns-is-layout-9d6595d7 wp-block-columns-is-layout-flex\">\n<div class=\"wp-block-column is-layout-flow wp-block-column-is-layout-flow\">\n<p>El <strong><a href=\"https:\/\/www.aparences.net\/es\/arte-contemporaneo\/movimientos\/nuevo-realismo\/\">Nuevo Realismo<\/a><\/strong>, tambi\u00e9n conocido como Nouveau R\u00e9alisme en franc\u00e9s, fue un movimiento art\u00edstico del arte contempor\u00e1neo que surgi\u00f3 en la d\u00e9cada de 1960 en Francia como una reacci\u00f3n al predominio del arte abstracto y el pop art. El t\u00e9rmino \u00ab<strong>Nouveau R\u00e9alisme<\/strong>\u00bb fue acu\u00f1ado por el cr\u00edtico de arte franc\u00e9s <strong>Pierre Restany<\/strong>.<\/p>\n\n\n\n<p>El <strong>Nuevo Realismo<\/strong> redefini\u00f3 la expresi\u00f3n art\u00edstica al centrarse en la representaci\u00f3n de la realidad tangible. Los artistas de este movimiento utilizaron objetos y materiales reales de la vida cotidiana para explorar la objetividad y la observaci\u00f3n de la vida cotidiana.<\/p>\n\n\n\n<p><strong>Aunque el movimiento tuvo su apogeo en la d\u00e9cada de 1960, su influencia persiste en el arte contempor\u00e1neo.<\/strong><\/p>\n\n\n\n<p>Principales artistas del <strong>Nuevo Realismo<\/strong> incluyen a <a href=\"https:\/\/www.aparences.net\/es\/arte-contemporaneo\/movimientos\/nuevo-realismo\/#yves-klein,-la-aventura-monocrom%C3%A1tica\"><strong>Yves Klein<\/strong><\/a>, <a href=\"https:\/\/www.aparences.net\/es\/arte-contemporaneo\/movimientos\/nuevo-realismo\/#arman.-el-realismo-de-las-acumulaciones\"><strong>Arman Fern\u00e1ndez<\/strong><\/a>, <a href=\"https:\/\/www.aparences.net\/es\/arte-contemporaneo\/movimientos\/nuevo-realismo\/#c%C3%A9sar:-compresiones,-expansiones\"><strong>C\u00e9sar Baldaccini<\/strong><\/a>, <a href=\"https:\/\/www.aparences.net\/es\/arte-contemporaneo\/movimientos\/nuevo-realismo\/#raymond-hains-y-los-carteles-rasgados\"><strong>Raymond Hains<\/strong><\/a>, <a href=\"https:\/\/www.aparences.net\/es\/arte-contemporaneo\/movimientos\/nuevo-realismo\/#yves-klein,-la-aventura-monocrom%C3%A1tica\"><strong>Yves Klein<\/strong>,<\/a> <a href=\"https:\/\/www.aparences.net\/es\/arte-contemporaneo\/movimientos\/nuevo-realismo\/#daniel-spoerri:-cuadros-trampa\"><strong>Daniel Spoerri<\/strong><\/a>, <strong><a href=\"https:\/\/www.aparences.net\/es\/arte-contemporaneo\/movimientos\/nuevo-realismo\/#jean-tinguely\">Jean Tinguely<\/a><\/strong>, <strong><strong><a href=\"https:\/\/www.aparences.net\/es\/arte-contemporaneo\/movimientos\/nuevo-realismo\/#niki-de-saint-phalle\">Niki de Saint-Phalle<\/a><\/strong> y Christo, entre otros. <\/strong><\/p>\n<\/div>\n\n\n\n<div class=\"wp-block-column is-layout-flow wp-block-column-is-layout-flow\">\n<figure class=\"wp-block-image size-full\"><img loading=\"lazy\" decoding=\"async\" width=\"560\" height=\"373\" src=\"https:\/\/www.aparences.net\/wp-content\/uploads\/2023\/11\/tinguely-meta-harmonie-IV.webp\" alt=\"Arte Contempor\u00e1neo : M\u00e9ta-Harmonie IV, 1985, Jean Tinguely\" class=\"wp-image-29438\"\/><figcaption class=\"wp-element-caption\"><em><em><em><strong>Meta-armon\u00eda IV<\/strong>, 1985, <strong>Jean Tinguely<\/strong><\/em><\/em><\/em><\/figcaption><\/figure>\n\n\n\n<figure class=\"wp-block-image size-full\"><img loading=\"lazy\" decoding=\"async\" width=\"546\" height=\"319\" src=\"https:\/\/www.aparences.net\/wp-content\/uploads\/2023\/11\/spoerri-les-puces.webp\" alt=\"Arte Contempor\u00e1neo : Les Puces, 1961, Daniel Spoerri\" class=\"wp-image-29420\"\/><figcaption class=\"wp-element-caption\"><em><strong>Les Puces<\/strong>, 1961, <strong>Daniel Spoerri<\/strong><\/em>.<\/figcaption><\/figure>\n\n\n\n<p class=\"has-text-align-center\"><strong>Seguir leyendo<\/strong>: <strong><strong><strong><a href=\"https:\/\/www.aparences.net\/es\/arte-contemporaneo\/movimientos\/nuevo-realismo\/\">Nuevo Realismo<\/a><\/strong><\/strong><\/strong><\/p>\n<\/div>\n<\/div>\n\n\n\n<h2 class=\"wp-block-heading\"><strong><a href=\"https:\/\/www.aparences.net\/es\/arte-contemporaneo\/movimientos\/arte-povera\/\">Arte Povera<\/a> (1960 &#8211; 1970)<\/strong><\/h2>\n\n\n\n<div class=\"wp-block-columns is-layout-flex wp-container-core-columns-is-layout-9d6595d7 wp-block-columns-is-layout-flex\">\n<div class=\"wp-block-column is-layout-flow wp-block-column-is-layout-flow\">\n<p>Aunque el movimiento fue particularmente influyente en la d\u00e9cada de <strong>1960<\/strong> y <strong>1970<\/strong>, su legado persiste en la escena del arte contempor\u00e1neo.<\/p>\n\n\n\n<p>El <strong><a href=\"https:\/\/www.aparences.net\/es\/arte-contemporaneo\/movimientos\/arte-povera\/\">Arte Povera<\/a><\/strong> fue un movimiento art\u00edstico que surgi\u00f3 en Italia y aunque fue particularmente influyente en la d\u00e9cada de 1960 y 1970, su legado persiste en la escena del arte contempor\u00e1neo. El t\u00e9rmino \u00ab<strong>Arte Povera<\/strong>\u00bb se traduce en italiano como \u00ab<strong>arte pobre<\/strong>\u00bb y refleja la idea de utilizar materiales simples y cotidianos en la creaci\u00f3n art\u00edstica. Este movimiento buscaba desafiar las convenciones del arte establecido y explorar nuevas formas de expresi\u00f3n experimentado con formas no convencionales. El <strong>Arte Povera<\/strong> tambi\u00e9n puso inter\u00e9s en la relaci\u00f3n entre el arte y el espectador.<\/p>\n\n\n\n<p>Artistas clave del Arte Povera incluyen a <a href=\"https:\/\/www.aparences.net\/es\/arte-contemporaneo\/movimientos\/arte-povera\/#jannis-kounellis\"><strong>Jannis Kounellis<\/strong><\/a>, <a href=\"https:\/\/www.aparences.net\/es\/arte-contemporaneo\/movimientos\/arte-povera\/#giuseppe-penone\"><strong>Giuseppe Penone<\/strong><\/a>, <a href=\"https:\/\/www.aparences.net\/es\/arte-contemporaneo\/movimientos\/arte-povera\/#gilberto-zorio\"><strong>Gilberto Zorio<\/strong><\/a>, <strong>Giovanni Anselmo<\/strong>, <strong>Alighiero Boetti<\/strong>, <a href=\"https:\/\/www.aparences.net\/es\/arte-contemporaneo\/movimientos\/arte-povera\/#mario-merz\"><strong>Mario Merz<\/strong><\/a>, <a href=\"https:\/\/www.aparences.net\/es\/arte-contemporaneo\/movimientos\/arte-povera\/#michelangelo-pistoletto\"><strong>Michelangelo Pistoletto<\/strong><\/a>, entre otros. Estos artistas buscaban romper con las limitaciones del mercado del arte comercial y redefinir el papel del artista y la obra de arte en la sociedad contempor\u00e1nea.<\/p>\n\n\n\n<p><strong>Seguir leyendo<\/strong>: <strong><strong><strong><a href=\"https:\/\/www.aparences.net\/es\/arte-contemporaneo\/movimientos\/arte-povera\/\" data-type=\"link\" data-id=\"https:\/\/www.aparences.net\/es\/arte-contemporaneo\/movimientos\/arte-povera\/\">Arte Povera<\/a><a href=\"https:\/\/www.aparences.net\/es\/arte-contemporaneo\/movimientos\/nuevo-realismo\/\"><\/a><\/strong><\/strong><\/strong><\/p>\n<\/div>\n\n\n\n<div class=\"wp-block-column is-layout-flow wp-block-column-is-layout-flow\">\n<figure class=\"wp-block-image size-full\"><img loading=\"lazy\" decoding=\"async\" width=\"477\" height=\"319\" src=\"https:\/\/www.aparences.net\/wp-content\/uploads\/2023\/11\/pistoletto-venere-degli-stracci.webp\" alt=\"Arte Contempor\u00e1neo : Venere degli stracci (Venus de los trapos), 1967-1970, Michelangelo Pistoletto\" class=\"wp-image-29351\"\/><figcaption class=\"wp-element-caption\"><em><em><em><em><strong>Venere degli stracci<\/strong> (Venus de los trapos), 1967-1970,<\/em><br><em><strong>Michelangelo Pistoletto<\/strong><\/em><\/em><\/em><\/em>.<\/figcaption><\/figure>\n\n\n\n<figure class=\"wp-block-image size-full\"><img loading=\"lazy\" decoding=\"async\" width=\"564\" height=\"379\" src=\"https:\/\/www.aparences.net\/wp-content\/uploads\/2023\/11\/penone-alpi-marittime.webp\" alt=\"Arte Contempor\u00e1neo : Alpi marittime, 1968, Giuseppe Penone\" class=\"wp-image-29376\"\/><figcaption class=\"wp-element-caption\"><em><strong>Alpi marittime<\/strong>, 1968, <strong>Giuseppe Penone<\/strong><\/em>.<\/figcaption><\/figure>\n<\/div>\n<\/div>\n\n\n\n<h2 class=\"wp-block-heading\"><strong><a href=\"https:\/\/www.aparences.net\/es\/arte-contemporaneo\/movimientos\/op-art\/\">Op Art<\/a> (1960)<\/strong><\/h2>\n\n\n\n<div class=\"wp-block-columns is-layout-flex wp-container-core-columns-is-layout-9d6595d7 wp-block-columns-is-layout-flex\">\n<div class=\"wp-block-column is-layout-flow wp-block-column-is-layout-flow\">\n<p>El <strong><a href=\"https:\/\/www.aparences.net\/es\/arte-contemporaneo\/movimientos\/op-art\/\">Op Art<\/a><\/strong>, o <strong>Arte \u00d3ptico<\/strong>, fue un movimiento art\u00edstico enmarcado en el arte contempor\u00e1neo que surgi\u00f3 en la d\u00e9cada de <strong>1960<\/strong> y se caracteriz\u00f3 por la creaci\u00f3n de ilusiones \u00f3pticas y efectos visuales que desaf\u00edan la percepci\u00f3n del espectador. Sus caracter\u00edsticas t\u00e9cnicas clave incluyen el uso magistral de patrones geom\u00e9tricos y l\u00edneas, as\u00ed como la combinaci\u00f3n de colores contrastantes.<\/p>\n\n\n\n<p>Los artistas <strong>Op<\/strong> emplean estas t\u00e9cnicas para generar efectos visuales din\u00e1micos, creando la ilusi\u00f3n de movimiento y profundidad en obras bidimensionales. La interacci\u00f3n activa del espectador, invitado a explorar las piezas desde diferentes perspectivas, es esencial para apreciar plenamente la riqueza visual y la singularidad de cada obra <strong>Op Art<\/strong>. Este movimiento no solo destaca por su impactante est\u00e9tica, sino tambi\u00e9n por su influencia duradera en la exploraci\u00f3n visual y perceptual en el \u00e1mbito del arte contempor\u00e1neo y su historia.<\/p>\n\n\n\n<p>Principales artistas del <strong>Op Art<\/strong> incluyen a <a href=\"https:\/\/www.aparences.net\/es\/arte-contemporaneo\/movimientos\/op-art\/#victor-vasarely\">Victor Vasarely<\/a>, Bridget Riley, <a href=\"https:\/\/www.aparences.net\/es\/arte-contemporaneo\/movimientos\/op-art\/#jes%C3%BAs-rafael-soto\">Jes\u00fas Rafael Soto<\/a>, Yaacov Agam, <a href=\"https:\/\/www.aparences.net\/es\/arte-contemporaneo\/movimientos\/op-art\/#ellsworth-kelly\">Ellsworth Kelly<\/a>, <a href=\"https:\/\/www.aparences.net\/es\/arte-contemporaneo\/movimientos\/op-art\/#julio-le-parc\">Julio Le Parc<\/a>, <a href=\"https:\/\/www.aparences.net\/es\/arte-contemporaneo\/movimientos\/op-art\/#fran%C3%A7ois-morellet\">Fran\u00e7ois Morellet<\/a> y <a href=\"https:\/\/www.aparences.net\/es\/arte-contemporaneo\/movimientos\/op-art\/#larry-poons\">Larry Poons<\/a>, entre otros.<\/p>\n\n\n\n<p><strong><strong>Seguir leyendo<\/strong>: <strong><a href=\"https:\/\/www.aparences.net\/es\/arte-contemporaneo\/movimientos\/op-art\/\">Op Art<\/a><\/strong><\/strong><\/p>\n<\/div>\n\n\n\n<div class=\"wp-block-column is-layout-flow wp-block-column-is-layout-flow\"><div class=\"wp-block-image\">\n<figure class=\"aligncenter size-full is-resized\"><img loading=\"lazy\" decoding=\"async\" width=\"427\" height=\"419\" src=\"https:\/\/www.aparences.net\/wp-content\/uploads\/2023\/11\/victor-vasarely.webp\" alt=\"Arte Contempor\u00e1neo : Victor Vasarely delante de sus obras, hacia 1978\" class=\"wp-image-29312\" style=\"width:380px\"\/><figcaption class=\"wp-element-caption\"><em><em><em><em><em><strong>Victor Vasarely<\/strong> delante de sus obras, hacia 1978<\/em><\/em><\/em><\/em><\/em>.<\/figcaption><\/figure>\n<\/div>\n\n<div class=\"wp-block-image\">\n<figure class=\"aligncenter size-full is-resized\"><img loading=\"lazy\" decoding=\"async\" width=\"431\" height=\"430\" src=\"https:\/\/www.aparences.net\/wp-content\/uploads\/2023\/11\/ellsworth-kelly-spectrum-colors-ii.webp\" alt=\"Arte Contempor\u00e1neo : Spectrum Colors Arranged by Chance II, 1951, Ellsworth Kelly\" class=\"wp-image-29314\" style=\"width:380px\" srcset=\"https:\/\/www.aparences.net\/wp-content\/uploads\/2023\/11\/ellsworth-kelly-spectrum-colors-ii.webp 431w, https:\/\/www.aparences.net\/wp-content\/uploads\/2023\/11\/ellsworth-kelly-spectrum-colors-ii-100x100.webp 100w, https:\/\/www.aparences.net\/wp-content\/uploads\/2023\/11\/ellsworth-kelly-spectrum-colors-ii-150x150.webp 150w\" sizes=\"auto, (max-width: 431px) 100vw, 431px\" \/><figcaption class=\"wp-element-caption\"><em><strong>Spectrum Colors Arranged by Chance II<\/strong>, 1951,<\/em><br><em><strong>Ellsworth Kelly<\/strong><\/em>.<\/figcaption><\/figure>\n<\/div><\/div>\n<\/div>\n\n\n\n<h2 class=\"wp-block-heading\"><strong><a href=\"https:\/\/www.aparences.net\/es\/arte-contemporaneo\/movimientos\/el-minimalismo\/\">Minimalismo<\/a> (1960)<\/strong><\/h2>\n\n\n\n<div class=\"wp-block-columns is-layout-flex wp-container-core-columns-is-layout-9d6595d7 wp-block-columns-is-layout-flex\">\n<div class=\"wp-block-column is-layout-flow wp-block-column-is-layout-flow\">\n<p><strong><a href=\"https:\/\/www.aparences.net\/es\/arte-contemporaneo\/movimientos\/el-minimalismo\/\">El Minimalismo<\/a><\/strong>, en historia del arte contempor\u00e1neo, fue un movimiento art\u00edstico que surgi\u00f3 en la d\u00e9cada de <strong>1960<\/strong> y se centr\u00f3 en <strong>la simplicidad y la reducci\u00f3n esencial de elementos<\/strong>.<\/p>\n\n\n\n<p>Los artistas minimalistas buscaron destilar la expresi\u00f3n art\u00edstica a lo esencial, eliminando ornamentaciones y elementos superfluos.<\/p>\n\n\n\n<p>Principales artistas minimalistas incluyen a<strong> <a href=\"https:\/\/www.aparences.net\/es\/arte-contemporaneo\/movimientos\/el-minimalismo\/#donald-judd\">Donald Judd<\/a><\/strong>, <strong>Agnes Martin<\/strong>,<strong> <a href=\"https:\/\/www.aparences.net\/es\/arte-contemporaneo\/movimientos\/el-minimalismo\/#frank-stella\">Frank Stella<\/a><\/strong>,<strong> <a href=\"https:\/\/www.aparences.net\/es\/arte-contemporaneo\/movimientos\/el-minimalismo\/#dan-flavin\">Dan Flavin<\/a><\/strong>,<strong> <a href=\"https:\/\/www.aparences.net\/es\/arte-contemporaneo\/movimientos\/el-minimalismo\/#richard-serra\">Richard Serra<\/a> <\/strong>y<strong> <a href=\"https:\/\/www.aparences.net\/es\/arte-contemporaneo\/movimientos\/el-minimalismo\/#carl-andre\">Carl Andre<\/a> <\/strong>entre otros.<\/p>\n\n\n\n<p><strong>Seguir leyendo<\/strong>: <a href=\"https:\/\/www.aparences.net\/es\/arte-contemporaneo\/movimientos\/el-minimalismo\/\"><strong>El Minimalismo<\/strong><\/a><\/p>\n<\/div>\n\n\n\n<div class=\"wp-block-column is-layout-flow wp-block-column-is-layout-flow\"><div class=\"wp-block-image\">\n<figure class=\"aligncenter size-full\"><img loading=\"lazy\" decoding=\"async\" width=\"568\" height=\"362\" src=\"https:\/\/www.aparences.net\/wp-content\/uploads\/2023\/11\/donald-judd-untitled-1989.webp\" alt=\"Arte Contempor\u00e1neo : Untitled, 1989, Donald Judd\" class=\"wp-image-29287\"\/><figcaption class=\"wp-element-caption\"><em><strong>Untitled<\/strong>, 1989, <strong>Donald Judd<\/strong><\/em><\/figcaption><\/figure>\n<\/div><\/div>\n<\/div>\n\n\n\n<h2 class=\"wp-block-heading\"><strong><a href=\"https:\/\/www.aparences.net\/es\/arte-contemporaneo\/movimientos\/hiperrealismo\/\">Hiperrealismo<\/a> (1960)<\/strong><\/h2>\n\n\n\n<div class=\"wp-block-columns is-layout-flex wp-container-core-columns-is-layout-9d6595d7 wp-block-columns-is-layout-flex\">\n<div class=\"wp-block-column is-layout-flow wp-block-column-is-layout-flow\">\n<p><strong><a href=\"https:\/\/www.aparences.net\/es\/arte-contemporaneo\/movimientos\/hiperrealismo\/\">El hiperrealismo<\/a><\/strong> es un estilo art\u00edstico enmarcado en el <strong>arte contempor\u00e1neo<\/strong> que surgi\u00f3 alrededor de la d\u00e9cada de <strong>1960<\/strong> como una reacci\u00f3n y extensi\u00f3n del realismo y el fotorrealismo. <strong>El hiperrealismo<\/strong> se caracteriz\u00f3 por la representaci\u00f3n extremadamente detallada y precisa de la realidad.<\/p>\n\n\n\n<p>Los artistas hiperrealistas se esfuerzan por capturar cada detalle, textura y sombra de sus sujetos con una precisi\u00f3n asombrosa. A trav\u00e9s del uso de t\u00e9cnicas avanzadas, como el uso de pinceles finos, capas de pintura minuciosas y una atenci\u00f3n meticulosa a los detalles, los artistas hiperrealistas buscan crear obras que se asemejen sorprendentemente a fotograf\u00edas.<\/p>\n\n\n\n<p>Es importante destacar que el hiperrealismo coexiste con una variedad de estilos y movimientos dentro del arte contempor\u00e1neo, y su desarrollo y evoluci\u00f3n contin\u00faan en la actualidad.<\/p>\n\n\n\n<p>Algunos de los principales artistas hiperrealistas incluyen a<strong> <a href=\"https:\/\/www.aparences.net\/es\/arte-contemporaneo\/movimientos\/hiperrealismo\/#chuck-close-y-los-rostros-perdidos\">Chuck Close<\/a><\/strong>, <strong>Audrey Flack<\/strong>,<strong> <a href=\"https:\/\/www.aparences.net\/es\/arte-contemporaneo\/movimientos\/hiperrealismo\/#richard-estes-y-los-barrios-de-nueva-york\">Richard Estes<\/a>, Robert Bechtle <\/strong>y<strong> <a href=\"https:\/\/www.aparences.net\/es\/arte-contemporaneo\/movimientos\/hiperrealismo\/#vija-celmins\">Vija Celmins<\/a><\/strong> entre otros.<\/p>\n\n\n\n<p><strong>Seguir leyendo<\/strong>: <a href=\"https:\/\/www.aparences.net\/es\/arte-contemporaneo\/movimientos\/hiperrealismo\/\"><strong>Hiperrealismo<\/strong><\/a><\/p>\n<\/div>\n\n\n\n<div class=\"wp-block-column is-layout-flow wp-block-column-is-layout-flow\">\n<figure class=\"wp-block-image size-full\"><img loading=\"lazy\" decoding=\"async\" width=\"360\" height=\"460\" src=\"https:\/\/www.aparences.net\/wp-content\/uploads\/2016\/06\/chuck-close-self-portrait.webp\" alt=\"Arte Contempor\u00e1neo : Self-Portrait, 1967-1968, Chuck Close\" class=\"wp-image-29457\"\/><figcaption class=\"wp-element-caption\"><em><em><strong>Self-Portrait<\/strong>, 1967-1968, <strong>Chuck Close<\/strong><\/em><\/em>.<\/figcaption><\/figure>\n\n\n\n<figure class=\"wp-block-image size-full\"><img loading=\"lazy\" decoding=\"async\" width=\"506\" height=\"383\" src=\"https:\/\/www.aparences.net\/wp-content\/uploads\/2023\/11\/vija-celmins-fraser.webp\" alt=\"Arte Contempor\u00e1neo : Fraser, 1967, Vija Celmins\" class=\"wp-image-29465\"\/><figcaption class=\"wp-element-caption\"><em><strong>Fraser<\/strong>, 1967, <strong>Vija Celmins<\/strong><\/em>.<\/figcaption><\/figure>\n<\/div>\n<\/div>\n\n\n\n<h2 class=\"wp-block-heading\"><strong><a href=\"https:\/\/www.aparences.net\/es\/arte-contemporaneo\/movimientos\/bad-painting\/\">Bad Painting<\/a> (1970)<\/strong><\/h2>\n\n\n\n<div class=\"wp-block-columns is-layout-flex wp-container-core-columns-is-layout-9d6595d7 wp-block-columns-is-layout-flex\">\n<div class=\"wp-block-column is-layout-flow wp-block-column-is-layout-flow\">\n<p>El <strong><a href=\"https:\/\/www.aparences.net\/es\/arte-contemporaneo\/movimientos\/bad-painting\/\">Bad Painting<\/a><\/strong> (Pintura mala) surgi\u00f3 principalmente en la d\u00e9cada de 1970 como una reacci\u00f3n a las normas convencionales de belleza y t\u00e9cnica en el arte y se refiere espec\u00edficamente a un enfoque art\u00edstico que abraza la fealdad, lo grotesco y lo antiest\u00e9tico como una declaraci\u00f3n deliberada.<\/p>\n\n\n\n<p>El <strong>Bad Painting<\/strong> se caracteriza por una est\u00e9tica no convencional, antiacad\u00e9mica, y celebra imperfecciones y \u00aberrores\u00bb art\u00edsticos, privilegiando la expresividad y emotividad sobre la t\u00e9cnica refinada.<\/p>\n\n\n\n<p>Artistas como<strong> <a href=\"https:\/\/www.aparences.net\/es\/arte-contemporaneo\/movimientos\/bad-painting\/#eric-fischl\">Eric Fischl<\/a><\/strong>,<strong> Philip Guston<\/strong>,<strong> <a href=\"https:\/\/www.aparences.net\/es\/arte-contemporaneo\/movimientos\/bad-painting\/#julian-schnabel\">Julian Schnabel<\/a><\/strong>,<strong> <a href=\"https:\/\/www.aparences.net\/es\/arte-contemporaneo\/movimientos\/bad-painting\/#david-salle\">David Salle<\/a><\/strong>,<strong> <a href=\"https:\/\/www.aparences.net\/es\/arte-contemporaneo\/movimientos\/bad-painting\/#jean-michel-basquiat\">Jean-Michel Basquiat<\/a><\/strong>,<strong> Joan Brown <\/strong>y <strong><a href=\"https:\/\/www.aparences.net\/es\/arte-contemporaneo\/movimientos\/bad-painting\/#keith-haring\">Keith Haring<\/a><\/strong>, entre otros, fueron algunos de los m\u00e1s destacados nombres en este movimiento del arte contempor\u00e1neo.<\/p>\n\n\n\n<p><strong>Seguir leyendo<\/strong>: <strong><a href=\"https:\/\/www.aparences.net\/es\/arte-contemporaneo\/movimientos\/bad-painting\/\">Bad Painting<\/a><\/strong><\/p>\n<\/div>\n\n\n\n<div class=\"wp-block-column is-layout-flow wp-block-column-is-layout-flow\">\n<figure class=\"wp-block-image size-full\"><img loading=\"lazy\" decoding=\"async\" width=\"630\" height=\"305\" src=\"https:\/\/www.aparences.net\/wp-content\/uploads\/2023\/11\/basquiat-notary.webp\" alt=\"Arte Contempor\u00e1neo : Notary, 1983, Jean-Michel Basquiat\" class=\"wp-image-29583\"\/><figcaption class=\"wp-element-caption\"><em><em><strong>Notary<\/strong>, 1983, <strong>Jean-Michel Basquiat<\/strong><\/em><\/em>.<\/figcaption><\/figure>\n\n\n\n<figure class=\"wp-block-image size-full\"><img loading=\"lazy\" decoding=\"async\" width=\"630\" height=\"352\" src=\"https:\/\/www.aparences.net\/wp-content\/uploads\/2023\/11\/keith-haring-ignorace-fear.webp\" alt=\"Arte Contempor\u00e1neo : Ignorancia = Miedo, 1989, Keith Haring\" class=\"wp-image-29594\"\/><figcaption class=\"wp-element-caption\"><strong>Ignorancia<\/strong> = <strong>Miedo<\/strong>, 1989, <strong>Keith Haring<\/strong><\/figcaption><\/figure>\n<\/div>\n<\/div>\n\n\n\n<h2 class=\"wp-block-heading\"><strong><a href=\"https:\/\/www.aparences.net\/es\/arte-contemporaneo\/movimientos\/neoexpresionismo-aleman\/\">Neoexpresionismo Alem\u00e1n<\/a> (1970 &#8211; 1980)<\/strong><\/h2>\n\n\n\n<div class=\"wp-block-columns is-layout-flex wp-container-core-columns-is-layout-9d6595d7 wp-block-columns-is-layout-flex\">\n<div class=\"wp-block-column is-layout-flow wp-block-column-is-layout-flow\">\n<p><strong><a href=\"https:\/\/www.aparences.net\/es\/arte-contemporaneo\/movimientos\/neoexpresionismo-aleman\/\">El Neoexpresionismo Alem\u00e1n<\/a><\/strong>, tambi\u00e9n conocido como <strong>\u00abNeue Wilde\u00bb (Nuevos Salvajes)<\/strong> en Alemania, fue un movimiento art\u00edstico que emergi\u00f3 a fines de la d\u00e9cada de <strong>1970<\/strong> y alcanz\u00f3 su apogeo en la d\u00e9cada de <strong>1980<\/strong>. Este movimiento buscaba revivir la expresividad emocional y la pintura figurativa, en contraposici\u00f3n a las tendencias abstractas y conceptuales predominantes en ese momento.<\/p>\n\n\n\n<p>Caracterizado por pinceladas audaces y gestuales, los artistas neo-expresionistas exploraron temas personales y sociales con una intensidad emocional palpable. La figuraci\u00f3n distorsionada, las formas intensas y la influencia del <strong><a href=\"https:\/\/www.aparences.net\/es\/arte-contemporaneo\/movimientos\/expresionismo-abstracto\/\">Expresionismo Abstracto<\/a><\/strong> estadounidense definieron este movimiento.<\/p>\n\n\n\n<p>Entre los principales artistas del Neoexpresionismo Alem\u00e1n se incluyen a <a href=\"https:\/\/www.aparences.net\/es\/arte-contemporaneo\/movimientos\/neoexpresionismo-aleman\/#georg-baselitz\">Georg Baselitz<\/a>, <a href=\"https:\/\/www.aparences.net\/es\/arte-contemporaneo\/movimientos\/neoexpresionismo-aleman\/#anselm-kiefer\">Anselm Kiefer<\/a>, <a href=\"https:\/\/www.aparences.net\/es\/arte-contemporaneo\/movimientos\/neoexpresionismo-aleman\/#j%C3%B6rg-immendorff\">J\u00f6rg Immendorff<\/a>, <a href=\"https:\/\/www.aparences.net\/es\/arte-contemporaneo\/movimientos\/neoexpresionismo-aleman\/#markus-l%C3%BCpertz,-entre-figuraci%C3%B3n-y-abstracci%C3%B3n\">Markus L\u00fcpertz<\/a> y <a href=\"https:\/\/www.aparences.net\/es\/arte-contemporaneo\/movimientos\/neoexpresionismo-aleman\/#neuen-wilden-(los-nuevos-salvajes)\">Neuen Wilden<\/a> entre otros.<\/p>\n\n\n\n<p><strong>Seguir leyendo<\/strong>: <strong><a href=\"https:\/\/www.aparences.net\/es\/arte-contemporaneo\/movimientos\/neoexpresionismo-aleman\/\">Neoexpresionism Alem\u00e1n<\/a><\/strong><\/p>\n<\/div>\n\n\n\n<div class=\"wp-block-column is-layout-flow wp-block-column-is-layout-flow\">\n<figure class=\"wp-block-image size-full\"><img loading=\"lazy\" decoding=\"async\" width=\"536\" height=\"460\" src=\"https:\/\/www.aparences.net\/wp-content\/uploads\/2023\/11\/immendorff-cafe-deutschland.webp\" alt=\"Arte Contempor\u00e1neo : Caf\u00e9 Deutschland, 1978, J\u00f6rg Immendorff\" class=\"wp-image-29541\"\/><figcaption class=\"wp-element-caption\"><em><strong>Caf\u00e9 Deutschland<\/strong>, 1978, <strong>J\u00f6rg Immendorff<\/strong><\/em><\/figcaption><\/figure>\n\n\n\n<figure class=\"wp-block-image size-full\"><img loading=\"lazy\" decoding=\"async\" width=\"640\" height=\"259\" src=\"https:\/\/www.aparences.net\/wp-content\/uploads\/2023\/11\/markus-lupertz-sans-titre.webp\" alt=\"Arte Contempor\u00e1neo : Sin t\u00edtulo, 2013, Markus L\u00fcpertz\" class=\"wp-image-29561\"\/><figcaption class=\"wp-element-caption\"><em><strong>Sin t\u00edtulo<\/strong>, 2013, <strong>Markus L\u00fcpertz<\/strong><\/em><\/figcaption><\/figure>\n<\/div>\n<\/div>\n\n\n\n<h2 class=\"wp-block-heading\"><strong><a href=\"https:\/\/www.aparences.net\/es\/arte-contemporaneo\/movimientos\/transvanguardia\/\">Transvanguardia<\/a> (1980)<\/strong><\/h2>\n\n\n\n<div class=\"wp-block-columns is-layout-flex wp-container-core-columns-is-layout-9d6595d7 wp-block-columns-is-layout-flex\">\n<div class=\"wp-block-column is-layout-flow wp-block-column-is-layout-flow\">\n<p><strong><a href=\"https:\/\/www.aparences.net\/es\/arte-contemporaneo\/movimientos\/transvanguardia\/\">La Transvanguardia<\/a> <\/strong>es un <strong>movimiento art\u00edstico<\/strong> que surgi\u00f3 en la d\u00e9cada de <strong>1980<\/strong> como una reacci\u00f3n al arte conceptual y minimalista predominante en las d\u00e9cadas anteriores. El t\u00e9rmino transvanguardia fue acu\u00f1ado por el cr\u00edtico italiano <strong>Achille Bonito Oliva<\/strong> que lo utiliz\u00f3 por primera vez en un art\u00edculo publicado por la revista <em>Flash Ar<\/em>t en 1979, publicando al a\u00f1o siguiente un libro titulado<strong> <\/strong><em>Transavanguardia italiana<\/em><strong>.<\/strong><\/p>\n\n\n\n<p>Este movimiento enmarcado en la historia del arte contempor\u00e1neo abraza la pintura como medio central, revitalizando la expresividad y el color. La <strong>Transvanguardia<\/strong> incorpora elementos narrativos y figurativos que celebran la individualidad del artista y rechazan restricciones formales. La <strong>Transvanguardia<\/strong> destaca por su enfoque expresivo y su ruptura con las convenciones establecidas.<\/p>\n\n\n\n<p>Artistas como<strong> <a href=\"https:\/\/www.aparences.net\/es\/arte-contemporaneo\/movimientos\/transvanguardia\/#sandro-chia\">Sandro Chia<\/a><\/strong>, <strong><a href=\"https:\/\/www.aparences.net\/es\/arte-contemporaneo\/movimientos\/transvanguardia\/#francesco-clemente\">Francesco Clemente<\/a><\/strong>,<strong> <a href=\"https:\/\/www.aparences.net\/es\/arte-contemporaneo\/movimientos\/transvanguardia\/#enzo-cucchi\">Enzo Cucchi<\/a> <\/strong>y<strong> <a href=\"https:\/\/www.aparences.net\/es\/arte-contemporaneo\/movimientos\/transvanguardia\/#mimmo-paladino\">Mimmo Paladino<\/a> <\/strong>son algunos de los m\u00e1s destacados artistas del movimiento Transvanguardia.<\/p>\n\n\n\n<p><strong>Seguir leyendo<\/strong>: <strong><strong><a href=\"https:\/\/www.aparences.net\/es\/arte-contemporaneo\/movimientos\/transvanguardia\/\">La Transvanguardia<\/a><\/strong><\/strong><\/p>\n<\/div>\n\n\n\n<div class=\"wp-block-column is-layout-flow wp-block-column-is-layout-flow\">\n<figure class=\"wp-block-image size-full\"><img loading=\"lazy\" decoding=\"async\" width=\"631\" height=\"430\" src=\"https:\/\/www.aparences.net\/wp-content\/uploads\/2023\/11\/francesco-clemente-avec-modele.webp\" alt=\"Arte Contempor\u00e1neo : Francesco Clemente en su estudio, 2008\" class=\"wp-image-29492\"\/><figcaption class=\"wp-element-caption\"><em><em><strong>Francesco Clemente<\/strong> en su estudio, 2008,<\/em><\/em><br><em><em>fotograf\u00eda de <strong>Annie Leibovitz<\/strong><\/em><\/em>.<\/figcaption><\/figure>\n\n\n\n<figure class=\"wp-block-image size-full\"><img loading=\"lazy\" decoding=\"async\" width=\"629\" height=\"233\" src=\"https:\/\/www.aparences.net\/wp-content\/uploads\/2023\/11\/enzo-cucchi-deposito-occidentale.webp\" alt=\"Arte Contempor\u00e1neo : Deposito occidentale, 1986, Enzo Cucchi\" class=\"wp-image-29498\"\/><figcaption class=\"wp-element-caption\"><em><em><strong>Deposito occidentale<\/strong>, 1986, <strong>Enzo Cucchi<\/strong><\/em><\/em><\/figcaption><\/figure>\n<\/div>\n<\/div>\n\n\n\n<h2 class=\"wp-block-heading\"><strong>Pintura americana (<a href=\"https:\/\/www.aparences.net\/es\/arte-contemporaneo\/la-pintura-americana-de-los-anos-1970\/\">1970<\/a> \u2013 <a href=\"https:\/\/www.aparences.net\/es\/arte-contemporaneo\/pintores-americanos-de-los-anos-1980\/\">1980<\/a>)<\/strong><\/h2>\n\n\n\n<p>En los a\u00f1os sesenta, se produjo una respuesta contraria al expresionismo rom\u00e1ntico de la <strong><a href=\"https:\/\/www.aparences.net\/es\/arte-contemporaneo\/realismo-en-torno-a-la-escuela-de-nueva-york\/#table\">Escuela de Nueva York<\/a><\/strong>. En los a\u00f1os 70 se rechazaron las superficies lisas, el gigantismo y el grafismo simplificado de la d\u00e9cada anterior, marcando un cambio hacia la diversidad y expresi\u00f3n personal. <strong><a href=\"https:\/\/www.aparences.net\/es\/arte-contemporaneo\/la-pintura-americana-de-los-anos-1970\/\">La pintura americana de los a\u00f1os setenta<\/a><\/strong> destaca por su mayor heterogeneidad y pluralismo, a menudo mostrando una intimidad y poes\u00eda m\u00e1s personal que en los 60.<\/p>\n\n\n\n<div class=\"wp-block-themezee-magazine-blocks-columns tz-magazine-block\"><div class=\"tz-magazine-columns\"><div class=\"wp-block-themezee-magazine-blocks-column tz-magazine-block\"><div class=\"tz-magazine-column\"><div class=\"tz-magazine-highlight-post\"><div class=\"tz-post-wrap\"><article id=\"post-32236\" class=\"tz-magazine-post post-32236 post tz-type-post status-publish format-standard has-post-thumbnail hentry category-arte-contemporaneo\"><figure class=\"tz-entry-image entry-image\"><a href=\"https:\/\/www.aparences.net\/es\/arte-contemporaneo\/fairfield-porter\/\" rel=\"bookmark\"><img loading=\"lazy\" decoding=\"async\" width=\"355\" height=\"177\" src=\"https:\/\/www.aparences.net\/wp-content\/uploads\/2024\/03\/fairfield-porter-mini-355x177.webp\" class=\"attachment-355x177 size-355x177 wp-post-image\" alt=\"\" srcset=\"https:\/\/www.aparences.net\/wp-content\/uploads\/2024\/03\/fairfield-porter-mini-355x177.webp 355w, https:\/\/www.aparences.net\/wp-content\/uploads\/2024\/03\/fairfield-porter-mini-768x384.webp 768w, https:\/\/www.aparences.net\/wp-content\/uploads\/2024\/03\/fairfield-porter-mini-204x102.webp 204w, https:\/\/www.aparences.net\/wp-content\/uploads\/2024\/03\/fairfield-porter-mini-720x360.webp 720w, https:\/\/www.aparences.net\/wp-content\/uploads\/2024\/03\/fairfield-porter-mini.webp 1080w\" sizes=\"auto, (max-width: 355px) 100vw, 355px\" \/><\/a><\/figure><header class=\"tz-entry-header entry-header\"><h2 class=\"tz-entry-title entry-title\"><a href=\"https:\/\/www.aparences.net\/es\/arte-contemporaneo\/fairfield-porter\/\" rel=\"bookmark\">Fairfield Porter<\/a><\/h2><\/header><\/article><\/div><\/div><div class=\"tz-magazine-thumbnail-list\"><\/div><\/div><\/div>\n\n<div class=\"wp-block-themezee-magazine-blocks-column tz-magazine-block\"><div class=\"tz-magazine-column\"><div class=\"tz-magazine-highlight-post\"><div class=\"tz-post-wrap\"><article id=\"post-32208\" class=\"tz-magazine-post post-32208 post tz-type-post status-publish format-standard has-post-thumbnail hentry category-arte-contemporaneo category-expresionismo-abstracto tag-capilla-rothko tag-rothko-clasico tag-rothko-figurativo\"><figure class=\"tz-entry-image entry-image\"><a href=\"https:\/\/www.aparences.net\/es\/arte-contemporaneo\/mark-rothko-2\/\" rel=\"bookmark\"><img loading=\"lazy\" decoding=\"async\" width=\"355\" height=\"177\" src=\"https:\/\/www.aparences.net\/wp-content\/uploads\/2024\/02\/mark-rothko--355x177.webp\" class=\"attachment-355x177 size-355x177 wp-post-image\" alt=\"\" srcset=\"https:\/\/www.aparences.net\/wp-content\/uploads\/2024\/02\/mark-rothko--355x177.webp 355w, https:\/\/www.aparences.net\/wp-content\/uploads\/2024\/02\/mark-rothko--768x384.webp 768w, https:\/\/www.aparences.net\/wp-content\/uploads\/2024\/02\/mark-rothko--204x102.webp 204w, https:\/\/www.aparences.net\/wp-content\/uploads\/2024\/02\/mark-rothko--720x360.webp 720w, https:\/\/www.aparences.net\/wp-content\/uploads\/2024\/02\/mark-rothko-.webp 1080w\" sizes=\"auto, (max-width: 355px) 100vw, 355px\" \/><\/a><\/figure><header class=\"tz-entry-header entry-header\"><h2 class=\"tz-entry-title entry-title\"><a href=\"https:\/\/www.aparences.net\/es\/arte-contemporaneo\/mark-rothko-2\/\" rel=\"bookmark\">Mark Rothko<\/a><\/h2><\/header><\/article><\/div><\/div><div class=\"tz-magazine-thumbnail-list\"><\/div><\/div><\/div><\/div><\/div>\n\n\n\n<p>Llegados los a\u00f1os ochenta, se observ\u00f3 un cambio de enfoque hacia preocupaciones que tradicionalmente se asociaban con el realismo. Se volvi\u00f3 hacia im\u00e1genes reconocibles, representaci\u00f3n de figuras, pintura de g\u00e9nero, pintura de historia, paisajes y, en algunos casos, una expresi\u00f3n social y cr\u00edtica, ya sea expl\u00edcita o impl\u00edcita. El impacto positivo del <a href=\"https:\/\/www.aparences.net\/es\/arte-contemporaneo\/movimientos\/pop-art\/\" data-type=\"link\" data-id=\"https:\/\/www.aparences.net\/es\/arte-contemporaneo\/movimientos\/pop-art\/\"><strong>pop art<\/strong><\/a> convenci\u00f3 a la nueva generaci\u00f3n de pintores estadounidenses de que <a href=\"https:\/\/www.aparences.net\/es\/arte-contemporaneo\/pintores-americanos-de-los-anos-1980\/\"><strong>la pintura americana de la d\u00e9cada de 1980<\/strong><\/a> pod\u00eda ser un poderoso medio de comunicaci\u00f3n. No obstante, el retorno a la figuraci\u00f3n por parte de nuevos creadores visuales como <strong>Susan Rothenberg<\/strong>, <strong>Robert Moskowitz<\/strong>, <strong>Lois Lane<\/strong> o <strong>Bill Jensen<\/strong> no debe interpretarse como un \u00ababrazo\u00bb a la cultura popular, sino m\u00e1s bien como un rechazo de la misma en sus obras.<\/p>\n\n\n<div class=\"\"><!-- PerArticle2024 --><ins class=\"adsbygoogle\" style=\"display:block;\" data-ad-client=\"ca-pub-1492686843181351\" data-ad-slot=\"6683191716\" data-ad-format=\"auto\" data-full-width-responsive=\"true\"><\/ins><script> (adsbygoogle = window.adsbygoogle || []).push({});<\/script><\/div>\n\n\n\n<h2 class=\"wp-block-heading\"><a href=\"https:\/\/www.aparences.net\/es\/arte-contemporaneo\/realismo-magico-contemporaneo\/realismo-magico-contemporaneo\/\">Realismo m\u00e1gico<\/a> (Siglo XX y XXI)<\/h2>\n\n\n\n<div class=\"wp-block-columns is-layout-flex wp-container-core-columns-is-layout-9d6595d7 wp-block-columns-is-layout-flex\">\n<div class=\"wp-block-column is-layout-flow wp-block-column-is-layout-flow\">\n<p>En <strong>1943<\/strong>, el <strong>Museo de Arte Moderno de Nueva York (MoMA)<\/strong> organiz\u00f3 una <a href=\"https:\/\/www.moma.org\/momaorg\/shared\/pdfs\/docs\/press_archives\/856\/releases\/MOMA_1943_0008_1943-02-08_43208-9.pdf\" target=\"_blank\" rel=\"noreferrer noopener\">exposici\u00f3n<\/a> titulada Realismo m\u00e1gico (<strong>Realists and Magic Realists<\/strong>), sin embargo, es importante destacar que, aunque esta exposici\u00f3n present\u00f3 artistas que compart\u00edan un enfoque realista, no necesariamente estableci\u00f3 la categor\u00eda espec\u00edfica de \u00ab<strong>Realismo M\u00e1gico<\/strong>\u00bb como se entiende com\u00fanmente hoy en d\u00eda.<\/p>\n\n\n\n<p>El t\u00e9rmino \u00ab<strong>Realismo M\u00e1gico<\/strong>\u00bb se populariz\u00f3 principalmente en la literatura y se asoci\u00f3 inicialmente con obras escritas en Am\u00e9rica Latina, especialmente con la novela \u00abCien a\u00f1os de soledad\u00bb de <strong>Gabriel Garc\u00eda M\u00e1rquez<\/strong>, publicada en 1967. Sin embargo, su aplicaci\u00f3n a las artes visuales, como la pintura, no tiene una delimitaci\u00f3n temporal tan precisa.<\/p>\n\n\n\n<p>El <strong>Realismo M\u00e1gico<\/strong> en la pintura no se puede vincular espec\u00edficamente a una d\u00e9cada o per\u00edodo, ya que su influencia y aplicaci\u00f3n var\u00edan a lo largo del tiempo. Aunque algunos artistas exploraron este estilo en la d\u00e9cada de 1960 y continuaron haci\u00e9ndolo en las d\u00e9cadas siguientes, su presencia perdura hasta la actualidad.<\/p>\n<\/div>\n\n\n\n<div class=\"wp-block-column is-layout-flow wp-block-column-is-layout-flow\">\n<figure class=\"wp-block-image size-full\"><img loading=\"lazy\" decoding=\"async\" width=\"578\" height=\"531\" src=\"https:\/\/www.aparences.net\/wp-content\/uploads\/2023\/10\/franz-radziwill-der-bunte-gasometer-1960.webp\" alt=\"Arte Contempor\u00e1neo : Der bunte Gasometer, 1960, Franz Radziwill\" class=\"wp-image-27919\"\/><figcaption class=\"wp-element-caption\"><em><strong>Der bunte Gasometer<\/strong>, 1960, <strong>Franz Radziwill<\/strong><\/em>.<\/figcaption><\/figure>\n\n\n\n<figure class=\"wp-block-image size-full\"><img loading=\"lazy\" decoding=\"async\" width=\"631\" height=\"249\" src=\"https:\/\/www.aparences.net\/wp-content\/uploads\/2023\/10\/paula-rego-jane-eyre-triptych-2002.webp\" alt=\"Arte Contempor\u00e1neo : Paula Rego, Tr\u00edptico Jane Eyre\" class=\"wp-image-27983\"\/><figcaption class=\"wp-element-caption\"><em><em><em><strong>Tr\u00edptico Jane Eyre<\/strong>: Jane; Edward; Bertha\u2019s Monkey;<\/em><\/em><\/em><br><em><em><em>2002,<strong>Paula Rego<\/strong><\/em><\/em><\/em><\/figcaption><\/figure>\n<\/div>\n<\/div>\n\n\n<div class=\"wp-block-themezee-magazine-blocks-grid tz-magazine-block\"><div class=\"tz-magazine-grid-columns tz-magazine-grid-columns-4\"><div class=\"tz-post-wrap\"><article id=\"post-26036\" class=\"tz-magazine-post post-26036 post tz-type-post status-publish format-standard has-post-thumbnail hentry category-realismo-magico-contemporaneo tag-realismo-magico tag-realismo-magico-contemporaneo tag-realismo-magico-en-fotografia tag-realismo-magico-en-pintura\"><figure class=\"tz-entry-image entry-image\"><a href=\"https:\/\/www.aparences.net\/es\/arte-contemporaneo\/realismo-magico-contemporaneo\/realismo-magico-contemporaneo\/\" rel=\"bookmark\"><img loading=\"lazy\" decoding=\"async\" width=\"355\" height=\"177\" src=\"https:\/\/www.aparences.net\/wp-content\/uploads\/2023\/03\/gary-ruddell-realisme-magique-contemporain-355x177.webp\" class=\"attachment-355x177 size-355x177 wp-post-image\" alt=\"\" srcset=\"https:\/\/www.aparences.net\/wp-content\/uploads\/2023\/03\/gary-ruddell-realisme-magique-contemporain-355x177.webp 355w, https:\/\/www.aparences.net\/wp-content\/uploads\/2023\/03\/gary-ruddell-realisme-magique-contemporain-768x384.webp 768w, https:\/\/www.aparences.net\/wp-content\/uploads\/2023\/03\/gary-ruddell-realisme-magique-contemporain-204x102.webp 204w, https:\/\/www.aparences.net\/wp-content\/uploads\/2023\/03\/gary-ruddell-realisme-magique-contemporain-720x360.webp 720w, https:\/\/www.aparences.net\/wp-content\/uploads\/2023\/03\/gary-ruddell-realisme-magique-contemporain.webp 1080w\" sizes=\"auto, (max-width: 355px) 100vw, 355px\" \/><\/a><\/figure><header class=\"tz-entry-header entry-header\"><h2 class=\"tz-entry-title entry-title\"><a href=\"https:\/\/www.aparences.net\/es\/arte-contemporaneo\/realismo-magico-contemporaneo\/realismo-magico-contemporaneo\/\" rel=\"bookmark\">Realismo m\u00e1gico contempor\u00e1neo<\/a><\/h2><\/header><\/article><\/div><div class=\"tz-post-wrap\"><article id=\"post-25994\" class=\"tz-magazine-post post-25994 post tz-type-post status-publish format-standard has-post-thumbnail hentry category-realismo-magico-contemporaneo tag-el-baile tag-paula-rego-2 tag-pintura-y-literatura tag-realismo-magico-contemporaneo tag-surrealismo tag-the-london-group-2\"><figure class=\"tz-entry-image entry-image\"><a href=\"https:\/\/www.aparences.net\/es\/arte-contemporaneo\/realismo-magico-contemporaneo\/paula-rego-2\/\" rel=\"bookmark\"><img loading=\"lazy\" decoding=\"async\" width=\"355\" height=\"177\" src=\"https:\/\/www.aparences.net\/wp-content\/uploads\/2023\/03\/paula-rego--355x177.webp\" class=\"attachment-355x177 size-355x177 wp-post-image\" alt=\"The Dance 1988 Paula Rego born 1935 Purchased 1989 http:\/\/www.tate.org.uk\/art\/work\/T05534\" srcset=\"https:\/\/www.aparences.net\/wp-content\/uploads\/2023\/03\/paula-rego--355x177.webp 355w, https:\/\/www.aparences.net\/wp-content\/uploads\/2023\/03\/paula-rego--768x384.webp 768w, https:\/\/www.aparences.net\/wp-content\/uploads\/2023\/03\/paula-rego--204x102.webp 204w, https:\/\/www.aparences.net\/wp-content\/uploads\/2023\/03\/paula-rego--720x360.webp 720w, https:\/\/www.aparences.net\/wp-content\/uploads\/2023\/03\/paula-rego-.webp 1080w\" sizes=\"auto, (max-width: 355px) 100vw, 355px\" \/><\/a><\/figure><header class=\"tz-entry-header entry-header\"><h2 class=\"tz-entry-title entry-title\"><a href=\"https:\/\/www.aparences.net\/es\/arte-contemporaneo\/realismo-magico-contemporaneo\/paula-rego-2\/\" rel=\"bookmark\">Paula Rego<\/a><\/h2><\/header><\/article><\/div><div class=\"tz-post-wrap\"><article id=\"post-25937\" class=\"tz-magazine-post post-25937 post tz-type-post status-publish format-standard has-post-thumbnail hentry category-realismo-magico-contemporaneo tag-echo-lake-2 tag-milky-way-2 tag-paisaje-surrealista tag-peter-doig-2 tag-realismo-magico tag-realismo-magico-contemporaneo tag-trinidad-2\"><figure class=\"tz-entry-image entry-image\"><a href=\"https:\/\/www.aparences.net\/es\/arte-contemporaneo\/realismo-magico-contemporaneo\/peter-doig-2\/\" rel=\"bookmark\"><img loading=\"lazy\" decoding=\"async\" width=\"355\" height=\"177\" src=\"https:\/\/www.aparences.net\/wp-content\/uploads\/2023\/03\/peter-doig-355x177.webp\" class=\"attachment-355x177 size-355x177 wp-post-image\" alt=\"\" srcset=\"https:\/\/www.aparences.net\/wp-content\/uploads\/2023\/03\/peter-doig-355x177.webp 355w, https:\/\/www.aparences.net\/wp-content\/uploads\/2023\/03\/peter-doig-768x384.webp 768w, https:\/\/www.aparences.net\/wp-content\/uploads\/2023\/03\/peter-doig-204x102.webp 204w, https:\/\/www.aparences.net\/wp-content\/uploads\/2023\/03\/peter-doig-720x360.webp 720w, https:\/\/www.aparences.net\/wp-content\/uploads\/2023\/03\/peter-doig.webp 1080w\" sizes=\"auto, (max-width: 355px) 100vw, 355px\" \/><\/a><\/figure><header class=\"tz-entry-header entry-header\"><h2 class=\"tz-entry-title entry-title\"><a href=\"https:\/\/www.aparences.net\/es\/arte-contemporaneo\/realismo-magico-contemporaneo\/peter-doig-2\/\" rel=\"bookmark\">Peter Doig<\/a><\/h2><\/header><\/article><\/div><div class=\"tz-post-wrap\"><article id=\"post-25963\" class=\"tz-magazine-post post-25963 post tz-type-post status-publish format-standard has-post-thumbnail hentry category-realismo-magico-contemporaneo tag-alex-colville-2 tag-imagenes-silenciosas tag-realismo-magico tag-realismo-magico-contemporaneo\"><figure class=\"tz-entry-image entry-image\"><a href=\"https:\/\/www.aparences.net\/es\/arte-contemporaneo\/realismo-magico-contemporaneo\/alex-colville-y-el-realismo-magico\/\" rel=\"bookmark\"><img loading=\"lazy\" decoding=\"async\" width=\"355\" height=\"177\" src=\"https:\/\/www.aparences.net\/wp-content\/uploads\/2023\/03\/alex-colville-355x177.webp\" class=\"attachment-355x177 size-355x177 wp-post-image\" alt=\"\" srcset=\"https:\/\/www.aparences.net\/wp-content\/uploads\/2023\/03\/alex-colville-355x177.webp 355w, https:\/\/www.aparences.net\/wp-content\/uploads\/2023\/03\/alex-colville-768x384.webp 768w, https:\/\/www.aparences.net\/wp-content\/uploads\/2023\/03\/alex-colville-204x102.webp 204w, https:\/\/www.aparences.net\/wp-content\/uploads\/2023\/03\/alex-colville-720x360.webp 720w, https:\/\/www.aparences.net\/wp-content\/uploads\/2023\/03\/alex-colville.webp 1080w\" sizes=\"auto, (max-width: 355px) 100vw, 355px\" \/><\/a><\/figure><header class=\"tz-entry-header entry-header\"><h2 class=\"tz-entry-title entry-title\"><a href=\"https:\/\/www.aparences.net\/es\/arte-contemporaneo\/realismo-magico-contemporaneo\/alex-colville-y-el-realismo-magico\/\" rel=\"bookmark\">Alex Colville y el realismo m\u00e1gico<\/a><\/h2><\/header><\/article><\/div><\/div><\/div>\n\n\n<p>En el \u00e1mbito art\u00edstico, especialmente en la pintura, el <strong>Realismo M\u00e1gico<\/strong> se manifiesta a trav\u00e9s de obras que fusionan lo cotidiano con elementos surrealistas o extraordinarios, creando una sensaci\u00f3n de asombro y desconcierto, mostrando una clara influencia del <a href=\"https:\/\/www.aparences.net\/es\/periodos\/arte-moderno\/el-surrealismo\/\" data-type=\"link\" data-id=\"https:\/\/www.aparences.net\/es\/periodos\/arte-moderno\/el-surrealismo\/\"><strong>Surrealismo<\/strong><\/a>.<\/p>\n\n\n\n<p>Artistas como <strong><a data-type=\"post\" data-id=\"25805\" href=\"https:\/\/www.aparences.net\/es\/tematicos\/las-mujeres-del-surrealismo\/remedios-varo\/\">Remedios Varo<\/a><\/strong>, <a href=\"https:\/\/www.aparences.net\/es\/arte-contemporaneo\/realismo-magico-contemporaneo\/paula-rego\/\"><strong>Paula Rego<\/strong><\/a>, <a href=\"https:\/\/www.aparences.net\/es\/arte-contemporaneo\/realismo-magico-contemporaneo\/peter-doig\/\"><strong>Peter Doig<\/strong><\/a>, <a href=\"https:\/\/www.aparences.net\/es\/tematicos\/las-mujeres-del-surrealismo\/leonora-carrington\/\"><strong>Leonora Carrington<\/strong><\/a>, Octavio Ocampo o <a href=\"https:\/\/www.aparences.net\/es\/arte-contemporaneo\/realismo-magico-contemporaneo\/alex-colville-y-el-realismo-magico\/\"><strong>Alex Colville<\/strong><\/a>, entre otros, han explorado el <strong>Realismo M\u00e1gico en la pintura<\/strong>.<\/p>\n\n\n\n<h2 class=\"wp-block-heading\">Arte, aut\u00f3matas y robots (Siglos XVIII a XXI)<\/h2>\n\n\n\n<div class=\"wp-block-columns is-layout-flex wp-container-core-columns-is-layout-9d6595d7 wp-block-columns-is-layout-flex\">\n<div class=\"wp-block-column is-layout-flow wp-block-column-is-layout-flow\" style=\"flex-basis:66.66%\">\n<p>El \u00ab<strong>Arte de la Rob\u00f3tica<\/strong>\u00bb o \u00ab<strong>Arte de los Aut\u00f3matas<\/strong>\u00bb es una disciplina art\u00edstica del arte contempor\u00e1neo que se centra en la creaci\u00f3n y el uso de aut\u00f3matas, robots y otros dispositivos mec\u00e1nicos y digitales como medios de expresi\u00f3n art\u00edstica. Esta forma de arte combina la creatividad art\u00edstica con la ingenier\u00eda y la tecnolog\u00eda para explorar temas relacionados con la interacci\u00f3n humano-m\u00e1quina, la inteligencia artificial, la automatizaci\u00f3n y la relaci\u00f3n entre lo org\u00e1nico y lo artificial.<\/p>\n\n\n\n<p>El \u00ab<strong>arte con aut\u00f3matas<\/strong>\u00bb precedi\u00f3 al \u00abarte de la rob\u00f3tica\u00bb en la historia del arte contempor\u00e1neo, pero ambos comparten una preocupaci\u00f3n com\u00fan por la interacci\u00f3n entre humanos y m\u00e1quinas, aunque con enfoques y tecnolog\u00edas diferentes.<\/p>\n\n\n\n<p>El arte con aut\u00f3matas se centr\u00f3 en la creaci\u00f3n y uso de dispositivos mec\u00e1nicos simples, como aut\u00f3matas y marionetas, para crear obras de arte que incorporaran elementos de movimiento y sorpresa. Estas primeras expresiones art\u00edsticas con aut\u00f3matas se remontan a la antig\u00fcedad y se desarrollaron a lo largo de la historia, culminando en el arte mec\u00e1nico del siglo XVIII y XIX, donde se crearon aut\u00f3matas ingeniosos y complejos. Entre los principales artistas se encotraban <strong>Jacques de Vaucanson<\/strong> (1709-1782), <strong>Pierre Jaquet-Droz<\/strong> (1721-1790), <strong>Henri Maillardet<\/strong> (1745-1830) y <strong>Friedrich von Knaus<\/strong> (siglo XIX) o <strong>Christian Werdin<\/strong> (nacido en 1953) entre otros.<\/p>\n\n\n\n<h2 class=\"wp-block-heading\">Arte de la rob\u00f3tica en el arte contempor\u00e1neo<\/h2>\n\n\n\n<p>Por otro lado, el \u00ab<strong>arte de la rob\u00f3tica<\/strong>\u00bb propiamente dicho surge en el siglo XX con los avances en tecnolog\u00eda y la creaci\u00f3n de robots programables y automatizados. A medida que la tecnolog\u00eda avanzaba, los artistas comenzaron a explorar las posibilidades creativas de los robots en el <strong>arte contempor\u00e1neo<\/strong>, utilizando sensores, motores y sistemas de control para crear obras interactivas y cin\u00e9ticas que respondieran a la presencia del espectador o al entorno circundante. Esta nueva forma de arte no solo incorporaba la est\u00e9tica de la m\u00e1quina, sino que tambi\u00e9n planteaba preguntas m\u00e1s profundas sobre la naturaleza de la inteligencia, la relaci\u00f3n entre humanos y m\u00e1quinas, y las implicaciones \u00e9ticas y sociales de la automatizaci\u00f3n.<\/p>\n\n\n\n<p>Algunos de los principales referentes que han contribuido de manera significativa al desarrollo de esta disciplina son <strong>Marcel Duchamp<\/strong> (1887-1968), <strong>Jean Tinguely<\/strong> (1925-1991), <strong>Nam June Paik<\/strong> (1932-2006), <strong>Stelarc<\/strong> (nacido en 1946), <strong>Rebecca Horn<\/strong> (nacida en 1944), <strong>Chris Burden<\/strong> (1946-2015) o <strong>Marcel\u00b7l\u00ed Ant\u00fanez<\/strong> (nacido en 1959), entre otros. <\/p>\n<\/div>\n\n\n\n<div class=\"wp-block-column is-layout-flow wp-block-column-is-layout-flow\" style=\"flex-basis:33.33%\">\n<figure class=\"wp-block-image size-full\"><img loading=\"lazy\" decoding=\"async\" width=\"600\" height=\"597\" src=\"https:\/\/www.aparences.net\/wp-content\/uploads\/2024\/03\/Digesting_Duck.webp\" alt=\"\" class=\"wp-image-32250\" srcset=\"https:\/\/www.aparences.net\/wp-content\/uploads\/2024\/03\/Digesting_Duck.webp 600w, https:\/\/www.aparences.net\/wp-content\/uploads\/2024\/03\/Digesting_Duck-100x100.webp 100w, https:\/\/www.aparences.net\/wp-content\/uploads\/2024\/03\/Digesting_Duck-150x150.webp 150w\" sizes=\"auto, (max-width: 600px) 100vw, 600px\" \/><figcaption class=\"wp-element-caption\"><strong>Jacques de Vaucanson<\/strong><br><em>Canard dig\u00e9rateur<\/em> &#8211; 1739<\/figcaption><\/figure>\n\n\n\n<figure class=\"wp-block-image size-full is-resized\"><a href=\"https:\/\/fi.edu\/en\/museum-madness\" target=\"_blank\" rel=\"noreferrer noopener\"><img loading=\"lazy\" decoding=\"async\" width=\"1095\" height=\"867\" src=\"https:\/\/www.aparences.net\/wp-content\/uploads\/2024\/03\/General_MuseumMadness_Automaton-MuseumMadness.webp\" alt=\"\" class=\"wp-image-32252\" style=\"width:293px;height:auto\" srcset=\"https:\/\/www.aparences.net\/wp-content\/uploads\/2024\/03\/General_MuseumMadness_Automaton-MuseumMadness.webp 1095w, https:\/\/www.aparences.net\/wp-content\/uploads\/2024\/03\/General_MuseumMadness_Automaton-MuseumMadness-768x608.webp 768w\" sizes=\"auto, (max-width: 1095px) 100vw, 1095px\" \/><\/a><figcaption class=\"wp-element-caption\"><strong>Henri Maillardet<\/strong><br>The \u00abDraughtsman-Writer\u00bb automaton, c. 1800 &#8211; Fuente: fi.edu\/en\/museum-madness<\/figcaption><\/figure>\n\n\n\n<figure class=\"wp-block-image size-full\"><a href=\"https:\/\/nga.gov.au\/stories-ideas\/love-machine\/\" target=\"_blank\" rel=\"noreferrer noopener\"><img loading=\"lazy\" decoding=\"async\" width=\"924\" height=\"616\" src=\"https:\/\/www.aparences.net\/wp-content\/uploads\/2024\/03\/1991_Les_Amants_Tinguely_KarinWeyrich_Museum_Tinguely_Basel_2019_0_online.webp\" alt=\"\" class=\"wp-image-32254\" srcset=\"https:\/\/www.aparences.net\/wp-content\/uploads\/2024\/03\/1991_Les_Amants_Tinguely_KarinWeyrich_Museum_Tinguely_Basel_2019_0_online.webp 924w, https:\/\/www.aparences.net\/wp-content\/uploads\/2024\/03\/1991_Les_Amants_Tinguely_KarinWeyrich_Museum_Tinguely_Basel_2019_0_online-768x512.webp 768w\" sizes=\"auto, (max-width: 924px) 100vw, 924px\" \/><\/a><figcaption class=\"wp-element-caption\"><strong>Rebecca Horn<\/strong>, <em>Los amantes [The lovers]<\/em>, 1991<br>Fuente: https:\/\/nga.gov.au\/stories-ideas\/love-machine\/<\/figcaption><\/figure>\n\n\n\n<figure class=\"wp-block-image size-full is-resized\"><img loading=\"lazy\" decoding=\"async\" width=\"600\" height=\"450\" src=\"https:\/\/www.aparences.net\/wp-content\/uploads\/2024\/03\/Antunez-Epizoo.webp\" alt=\"\" class=\"wp-image-32256\" style=\"width:293px;height:auto\"\/><figcaption class=\"wp-element-caption\"><strong>Marcel.l\u00ed Ant\u00fanez Roca<\/strong><br>Epizoo (1994) <\/figcaption><\/figure>\n<\/div>\n<\/div>\n\n\n<div class=\"\"><!-- PerArticle2024 --><ins class=\"adsbygoogle\" style=\"display:block;\" data-ad-client=\"ca-pub-1492686843181351\" data-ad-slot=\"6683191716\" data-ad-format=\"auto\" data-full-width-responsive=\"true\"><\/ins><script> (adsbygoogle = window.adsbygoogle || []).push({});<\/script><\/div>\n\n\n\n<h2 class=\"wp-block-heading\">Arte Digital y Nuevos Medios (1960 en adelante)<\/h2>\n\n\n\n<div class=\"wp-block-columns is-layout-flex wp-container-core-columns-is-layout-9d6595d7 wp-block-columns-is-layout-flex\">\n<div class=\"wp-block-column is-layout-flow wp-block-column-is-layout-flow\" style=\"flex-basis:66.66%\">\n<p>El advenimiento de la tecnolog\u00eda digital en la<strong> historia del arte contempor\u00e1neo<\/strong> ha transformado radicalmente el paisaje creativo, ofreciendo a los artistas un vasto arsenal de herramientas y posibilidades sin precedentes. Desde la manipulaci\u00f3n digital de im\u00e1genes y v\u00eddeos hasta la creaci\u00f3n de mundos virtuales y la experimentaci\u00f3n con la interactividad, los artistas han encontrado en la tecnolog\u00eda digital un lienzo infinito para plasmar sus ideas y emociones.<br><br>Este per\u00edodo de innovaci\u00f3n sin fin ha dado lugar a una diversidad extraordinaria de formas de expresi\u00f3n art\u00edstica, trascendiendo los l\u00edmites tradicionales de los medios y desafiando constantemente las percepciones establecidas de lo que puede ser el arte:<\/p>\n<\/div>\n\n\n\n<div class=\"wp-block-column is-layout-flow wp-block-column-is-layout-flow\" style=\"flex-basis:33.33%\">\n<figure class=\"wp-block-image size-full\"><img loading=\"lazy\" decoding=\"async\" width=\"600\" height=\"800\" src=\"https:\/\/www.aparences.net\/wp-content\/uploads\/2024\/03\/password-breach_w.webp\" alt=\"\" class=\"wp-image-32242\"\/><figcaption class=\"wp-element-caption\"><strong>Rafael Lozano-Hemmer<\/strong> <br>Password Breach (2021)<\/figcaption><\/figure>\n<\/div>\n<\/div>\n\n\n\n<div class=\"wp-block-columns is-layout-flex wp-container-core-columns-is-layout-9d6595d7 wp-block-columns-is-layout-flex\">\n<div class=\"wp-block-column is-layout-flow wp-block-column-is-layout-flow\" style=\"flex-basis:66.66%\">\n<h4 class=\"wp-block-heading\">Principales estilos del Arte Digital y Nuevos Medios<\/h4>\n\n\n\n<p>Aunque el arte contempor\u00e1neo abarca una inmensa variedad de estilos y enfoques, estos son algunos de los principales que han marcado el desarrollo del arte digital y los nuevos medios. Cada uno ofrece una perspectiva \u00fanica sobre la interacci\u00f3n entre tecnolog\u00eda y creatividad.<\/p>\n\n\n\n<ul class=\"wp-block-list\">\n<li><strong>Videoarte:<\/strong> Pioneros como <strong>Nam June Paik<\/strong>, <strong>Bill Viola<\/strong> y <strong>Joan Jonas<\/strong> exploraron el medio del video como una forma de expresi\u00f3n art\u00edstica, utilizando la manipulaci\u00f3n de im\u00e1genes en movimiento para transmitir ideas, emociones y narrativas complejas.<\/li>\n\n\n\n<li><strong>Arte Digital:<\/strong> Artistas como <strong>Rafael Lozano-Hemmer<\/strong>, <strong>Manfred Mohr<\/strong> y <strong>Casey Reas<\/strong> han llevado la experimentaci\u00f3n digital a nuevas alturas, creando obras que exploran la interactividad, la generaci\u00f3n algor\u00edtmica y la est\u00e9tica digital.<\/li>\n\n\n\n<li><strong>Arte Generativo:<\/strong> Creadores como <strong>Casey Reas<\/strong> y <strong>Joshua Davis<\/strong> emplean algoritmos y sistemas autom\u00e1ticos para producir obras de arte, explorando c\u00f3mo la programaci\u00f3n puede influir en el proceso creativo y en los resultados art\u00edsticos.<\/li>\n\n\n\n<li><strong>Arte de Realidad Virtual (VR):<\/strong> Pioneros como <strong>Char Davies<\/strong>, <strong>Isaac Cohen<\/strong> y <strong>Jacolby Satter<\/strong>white han utilizado la realidad virtual para sumergir a los espectadores en mundos alternativos y experiencias sensoriales inmersivas.<\/li>\n\n\n\n<li><strong>Arte de Realidad Aumentada (AR):<\/strong> Artistas como <strong>Tamiko Thiel<\/strong>, <strong>John Craig Freeman<\/strong> y <strong>Olafur Eliasson<\/strong> han aprovechado la realidad aumentada para superponer elementos digitales en entornos f\u00edsicos, creando nuevas formas de interacci\u00f3n y percepci\u00f3n.<\/li>\n\n\n\n<li><strong>Arte de Videojuegos:<\/strong> Figuras como <strong>Hideo Kojima<\/strong>, <strong>Kellee Santiago<\/strong> y <strong>Jenova Chen<\/strong> han trascendido los l\u00edmites del entretenimiento para crear videojuegos que son experiencias art\u00edsticas profundas, explorando temas complejos y desafiando las narrativas convencionales.<\/li>\n\n\n\n<li><strong>Arte de Medios Mixtos:<\/strong> Artistas como <strong>Nam June Paik<\/strong>, <strong>Bill Viola<\/strong> y <strong>Tony Oursler<\/strong> han fusionado diferentes medios, desde el video hasta la instalaci\u00f3n, para crear obras que exploran la relaci\u00f3n entre lo digital y lo anal\u00f3gico, lo f\u00edsico y lo virtual.<\/li>\n<\/ul>\n<\/div>\n\n\n\n<div class=\"wp-block-column is-layout-flow wp-block-column-is-layout-flow\" style=\"flex-basis:33.33%\">\n<figure class=\"wp-block-image size-full\"><img loading=\"lazy\" decoding=\"async\" width=\"314\" height=\"237\" src=\"https:\/\/www.aparences.net\/wp-content\/uploads\/2024\/03\/TV-Buda-1974.webp\" alt=\"\" class=\"wp-image-32244\"\/><figcaption class=\"wp-element-caption\"><strong>Nam June Paik<\/strong> &#8211; TV Buda (1974)<\/figcaption><\/figure>\n\n\n\n<figure class=\"wp-block-image size-full\"><img loading=\"lazy\" decoding=\"async\" width=\"500\" height=\"280\" src=\"https:\/\/www.aparences.net\/wp-content\/uploads\/2024\/03\/reas_infinite_command.webp\" alt=\"\" class=\"wp-image-32246\"\/><figcaption class=\"wp-element-caption\"><strong>Casey Reas<\/strong> &#8211; Infinite Command Team<br>V\u00eddeo (2013)<\/figcaption><\/figure>\n\n\n\n<figure class=\"wp-block-image size-full\"><img loading=\"lazy\" decoding=\"async\" width=\"911\" height=\"720\" src=\"https:\/\/www.aparences.net\/wp-content\/uploads\/2024\/03\/maxresdefault.webp\" alt=\"\" class=\"wp-image-32248\" srcset=\"https:\/\/www.aparences.net\/wp-content\/uploads\/2024\/03\/maxresdefault.webp 911w, https:\/\/www.aparences.net\/wp-content\/uploads\/2024\/03\/maxresdefault-768x607.webp 768w\" sizes=\"auto, (max-width: 911px) 100vw, 911px\" \/><figcaption class=\"wp-element-caption\"><strong>Jenova Chen <\/strong>&#8211; Final Fantasy<\/figcaption><\/figure>\n<\/div>\n<\/div>\n\n\n<div class=\"\"><!-- PerArticle2024 --><ins class=\"adsbygoogle\" style=\"display:block;\" data-ad-client=\"ca-pub-1492686843181351\" data-ad-slot=\"6683191716\" data-ad-format=\"auto\" data-full-width-responsive=\"true\"><\/ins><script> (adsbygoogle = window.adsbygoogle || []).push({});<\/script><\/div>\n\n\n\n<h2 class=\"wp-block-heading\">Algunas escuelas relevantes en el desarrollo de la Historia del Arte contempor\u00e1neo<\/h2>\n\n\n\n<h2 class=\"wp-block-heading\"><strong><a href=\"https:\/\/www.aparences.net\/es\/art-contemporain\/movimiento-figurativo-area-bahia-san-francisco\/\">La Escuela de San Francisco<\/a> (1940 &#8211; 1950)<\/strong><\/h2>\n\n\n\n<div class=\"wp-block-columns no-margin-columns is-layout-flex wp-container-core-columns-is-layout-093b9794 wp-block-columns-is-layout-flex\" style=\"padding-bottom:0\">\n<div class=\"wp-block-column is-layout-flow wp-block-column-is-layout-flow\" style=\"padding-top:0;padding-bottom:0\">\n<p>La <strong><a href=\"https:\/\/www.aparences.net\/es\/art-contemporain\/movimiento-figurativo-area-bahia-san-francisco\/\">Escuela de San Francisco<\/a><\/strong> o Movimiento Figurativo del \u00c1rea de la Bah\u00eda<strong> (Bay Area Figurative Movement)<\/strong> surgi\u00f3 en la d\u00e9cada de <strong>1940<\/strong> y <strong>1950<\/strong> y se caracterizaba por ser un movimiento art\u00edstico que se centraba en la figuraci\u00f3n y la representaci\u00f3n, en contraste con el predominio del <a href=\"https:\/\/www.aparences.net\/es\/arte-contemporaneo\/movimientos\/expresionismo-abstracto\/\"><strong>Expresionismo Abstracto<\/strong><\/a> en <strong>Nueva York<\/strong> durante la misma \u00e9poca. Esta escuela tuvo una influencia significativa en el desarrollo de la pintura figurativa contempor\u00e1nea.<\/p>\n\n\n\n<p>El movimiento cont\u00f3 con artistas notables como <strong>Wayne Thiebaud<\/strong>, <strong>Clyfford Still<\/strong>, <strong>Mark Rothko<\/strong>, <a href=\"https:\/\/www.aparences.net\/es\/arte-contemporaneo\/escuela-de-san-francisco\/david-park\/\"><strong>David Park<\/strong><\/a>, <strong><a href=\"https:\/\/www.aparences.net\/es\/arte-contemporaneo\/escuela-de-san-francisco\/richard-diebenkorn\/\" data-type=\"post\" data-id=\"29189\">Richard Diebenkorn<\/a><\/strong>, <strong>Jess Collins<\/strong>, <strong>Manuel Neri<\/strong>, <strong>Joan Brown<\/strong>,  <a href=\"https:\/\/www.aparences.net\/es\/art-contemporain\/movimiento-figurativo-area-bahia-san-francisco\/#elmer-bischoff\"><strong>Elmer Bischoff<\/strong><\/a>, <strong>Roland Petersen<\/strong>,<strong>Theophilus Brown<\/strong>,y <strong>John Hultberg<\/strong> entre muchos otros.<\/p>\n<\/div>\n\n\n\n<div class=\"wp-block-column is-vertically-aligned-top is-layout-flow wp-block-column-is-layout-flow\">\n<div class=\"wp-block-group alignfull\" style=\"padding-top:0px;padding-right:0px;padding-bottom:0px;padding-left:0px\"><div class=\"wp-block-group__inner-container is-layout-flow wp-block-group-is-layout-flow\">\n<div class=\"wp-block-columns is-layout-flex wp-container-core-columns-is-layout-9d6595d7 wp-block-columns-is-layout-flex\">\n<div class=\"wp-block-column is-layout-flow wp-block-column-is-layout-flow\" style=\"flex-basis:100%\">\n<figure class=\"wp-block-image alignfull size-full is-style-default\"><a href=\"https:\/\/www.aparences.net\/es\/art-contemporain\/movimiento-figurativo-area-bahia-san-francisco\/\"><img loading=\"lazy\" decoding=\"async\" width=\"488\" height=\"460\" src=\"https:\/\/www.aparences.net\/wp-content\/uploads\/2023\/11\/wayne-thiebaud-four-pinball-machines-1962.webp\" alt=\"\" class=\"wp-image-28678\" title=\"Immagine del tempo, 1951, Emilio Vedova\"\/><\/a><figcaption class=\"wp-element-caption\"><em><strong>Four Pinball Machines<\/strong>, 1962, <strong>Wayne Thiebaud<\/strong><\/em>.<\/figcaption><\/figure>\n<\/div>\n<\/div>\n<\/div><\/div>\n<\/div>\n<\/div>\n\n\n<div class=\"wp-block-themezee-magazine-blocks-grid tz-magazine-block\"><div class=\"tz-magazine-grid-columns tz-magazine-grid-columns-4\"><div class=\"tz-post-wrap\"><article id=\"post-28690\" class=\"tz-magazine-post post-28690 post tz-type-post status-publish format-standard has-post-thumbnail hentry category-art-contemporain category-escuela-de-san-francisco tag-abstraccion-figurativa tag-estilo-figurativo tag-movimiento-artistico-americano\"><figure class=\"tz-entry-image entry-image\"><a href=\"https:\/\/www.aparences.net\/es\/arte-contemporaneo\/escuela-de-san-francisco\/movimiento-figurativo-area-bahia-san-francisco\/\" rel=\"bookmark\"><img loading=\"lazy\" decoding=\"async\" width=\"355\" height=\"177\" src=\"https:\/\/www.aparences.net\/wp-content\/uploads\/2023\/11\/paul-wonner-ecole-de-san-francisco-355x177.webp\" class=\"attachment-355x177 size-355x177 wp-post-image\" alt=\"\" srcset=\"https:\/\/www.aparences.net\/wp-content\/uploads\/2023\/11\/paul-wonner-ecole-de-san-francisco-355x177.webp 355w, https:\/\/www.aparences.net\/wp-content\/uploads\/2023\/11\/paul-wonner-ecole-de-san-francisco-768x384.webp 768w, https:\/\/www.aparences.net\/wp-content\/uploads\/2023\/11\/paul-wonner-ecole-de-san-francisco-204x102.webp 204w, https:\/\/www.aparences.net\/wp-content\/uploads\/2023\/11\/paul-wonner-ecole-de-san-francisco-720x360.webp 720w, https:\/\/www.aparences.net\/wp-content\/uploads\/2023\/11\/paul-wonner-ecole-de-san-francisco.webp 1080w\" sizes=\"auto, (max-width: 355px) 100vw, 355px\" \/><\/a><\/figure><header class=\"tz-entry-header entry-header\"><h2 class=\"tz-entry-title entry-title\"><a href=\"https:\/\/www.aparences.net\/es\/arte-contemporaneo\/escuela-de-san-francisco\/movimiento-figurativo-area-bahia-san-francisco\/\" rel=\"bookmark\">Movimiento Figurativo del \u00c1rea de la Bah\u00eda de San Francisco<\/a><\/h2><\/header><\/article><\/div><div class=\"tz-post-wrap\"><article id=\"post-30059\" class=\"tz-magazine-post post-30059 post tz-type-post status-publish format-standard has-post-thumbnail hentry category-escuela-de-san-francisco tag-abstraccion-figurativa tag-estilo-figurativo tag-movimiento-artistico-americano\"><figure class=\"tz-entry-image entry-image\"><a href=\"https:\/\/www.aparences.net\/es\/arte-contemporaneo\/escuela-de-san-francisco\/david-park-2\/\" rel=\"bookmark\"><img loading=\"lazy\" decoding=\"async\" width=\"355\" height=\"177\" src=\"https:\/\/www.aparences.net\/wp-content\/uploads\/2023\/12\/david-park-ecole-de-san-francisco-355x177.webp\" class=\"attachment-355x177 size-355x177 wp-post-image\" alt=\"\" srcset=\"https:\/\/www.aparences.net\/wp-content\/uploads\/2023\/12\/david-park-ecole-de-san-francisco-355x177.webp 355w, https:\/\/www.aparences.net\/wp-content\/uploads\/2023\/12\/david-park-ecole-de-san-francisco-768x384.webp 768w, https:\/\/www.aparences.net\/wp-content\/uploads\/2023\/12\/david-park-ecole-de-san-francisco-204x102.webp 204w, https:\/\/www.aparences.net\/wp-content\/uploads\/2023\/12\/david-park-ecole-de-san-francisco-720x360.webp 720w, https:\/\/www.aparences.net\/wp-content\/uploads\/2023\/12\/david-park-ecole-de-san-francisco.webp 1080w\" sizes=\"auto, (max-width: 355px) 100vw, 355px\" \/><\/a><\/figure><header class=\"tz-entry-header entry-header\"><h2 class=\"tz-entry-title entry-title\"><a href=\"https:\/\/www.aparences.net\/es\/arte-contemporaneo\/escuela-de-san-francisco\/david-park-2\/\" rel=\"bookmark\">David Park<\/a><\/h2><\/header><\/article><\/div><div class=\"tz-post-wrap\"><article id=\"post-29189\" class=\"tz-magazine-post post-29189 post tz-type-post status-publish format-standard has-post-thumbnail hentry category-escuela-de-san-francisco tag-abstraccion-figurativa tag-escuela-de-san-francisco tag-peinture-figurative tag-pintura-abstracta\"><figure class=\"tz-entry-image entry-image\"><a href=\"https:\/\/www.aparences.net\/es\/arte-contemporaneo\/escuela-de-san-francisco\/richard-diebenkorn-2\/\" rel=\"bookmark\"><img loading=\"lazy\" decoding=\"async\" width=\"355\" height=\"177\" src=\"https:\/\/www.aparences.net\/wp-content\/uploads\/2023\/11\/richard-diebenkorn-bay-area-figurative-movement-355x177.webp\" class=\"attachment-355x177 size-355x177 wp-post-image\" alt=\"\" srcset=\"https:\/\/www.aparences.net\/wp-content\/uploads\/2023\/11\/richard-diebenkorn-bay-area-figurative-movement-355x177.webp 355w, https:\/\/www.aparences.net\/wp-content\/uploads\/2023\/11\/richard-diebenkorn-bay-area-figurative-movement-768x384.webp 768w, https:\/\/www.aparences.net\/wp-content\/uploads\/2023\/11\/richard-diebenkorn-bay-area-figurative-movement-204x102.webp 204w, https:\/\/www.aparences.net\/wp-content\/uploads\/2023\/11\/richard-diebenkorn-bay-area-figurative-movement-720x360.webp 720w, https:\/\/www.aparences.net\/wp-content\/uploads\/2023\/11\/richard-diebenkorn-bay-area-figurative-movement.webp 1080w\" sizes=\"auto, (max-width: 355px) 100vw, 355px\" \/><\/a><\/figure><header class=\"tz-entry-header entry-header\"><h2 class=\"tz-entry-title entry-title\"><a href=\"https:\/\/www.aparences.net\/es\/arte-contemporaneo\/escuela-de-san-francisco\/richard-diebenkorn-2\/\" rel=\"bookmark\">Richard Diebenkorn<\/a><\/h2><\/header><\/article><\/div><\/div><\/div>\n\n\n<h2 class=\"wp-block-heading\">La Escuela de Nueva York (1940 a 1950)<\/h2>\n\n\n\n<div class=\"wp-block-columns is-layout-flex wp-container-core-columns-is-layout-9d6595d7 wp-block-columns-is-layout-flex\">\n<div class=\"wp-block-column is-layout-flow wp-block-column-is-layout-flow\" style=\"flex-basis:66.66%\">\n<p>La <strong><a href=\"https:\/\/www.aparences.net\/es\/arte-contemporaneo\/realismo-en-torno-a-la-escuela-de-nueva-york\/\">Escuela de Nueva York<\/a><\/strong> fue un movimiento art\u00edstico que surgi\u00f3 en la ciudad de Nueva York durante la d\u00e9cada de 1940 y 1950 y se destac\u00f3 principalmente por el desarrollo del <a href=\"https:\/\/www.aparences.net\/es\/arte-contemporaneo\/movimientos\/expresionismo-abstracto\/\">expresionismo abstracto<\/a>.<\/p>\n\n\n\n<p>Entre algunos de los artistas m\u00e1s destacados asociados con la Escuela de Nueva York se encontraban<strong> <a href=\"https:\/\/www.aparences.net\/es\/arte-contemporaneo\/movimientos\/expresionismo-abstracto\/#jackson-pollock\">Jackson Pollock<\/a>, <a href=\"https:\/\/www.aparences.net\/es\/arte-contemporaneo\/movimientos\/expresionismo-abstracto\/#willem-de-kooning\">Willem de Kooning<\/a>, <\/strong><a href=\"https:\/\/www.aparences.net\/es\/arte-contemporaneo\/movimientos\/expresionismo-abstracto\/#franz-kline\"><strong>Franz Kline<\/strong><\/a>, <a href=\"https:\/\/www.aparences.net\/es\/arte-contemporaneo\/movimientos\/expresionismo-abstracto\/#robert-motherwell\"><strong>Robert Motherwell<\/strong><\/a>, <strong>William Baziotes<\/strong>, <strong>Barnett Newman<\/strong> y <strong><a href=\"https:\/\/www.aparences.net\/es\/arte-contemporaneo\/expresionismo-abstracto\/mark-rothko\/\">Mark Rothko<\/a><\/strong>, etre otros.<\/p>\n<\/div>\n\n\n\n<div class=\"wp-block-column is-layout-flow wp-block-column-is-layout-flow\" style=\"flex-basis:33.33%\"><div class=\"wp-block-image\">\n<figure class=\"aligncenter size-full is-resized\"><img loading=\"lazy\" decoding=\"async\" width=\"220\" height=\"369\" src=\"https:\/\/www.aparences.net\/wp-content\/uploads\/2024\/03\/Obra_Sabra-Franz_Kline.webp\" alt=\"\" class=\"wp-image-32265\" style=\"width:166px;height:auto\"\/><figcaption class=\"wp-element-caption\">Obra Sabra (1966) de <strong>Franz Kline<\/strong><\/figcaption><\/figure>\n<\/div><\/div>\n<\/div>\n\n\n\n<h2 class=\"wp-block-heading\"><a href=\"https:\/\/www.aparences.net\/es\/arte-contemporaneo\/movimientos\/la-escuela-de-londres\/\">La Escuela de Londres<\/a> (finales de 1940)<\/h2>\n\n\n\n<div class=\"wp-block-columns is-layout-flex wp-container-core-columns-is-layout-9d6595d7 wp-block-columns-is-layout-flex\">\n<div class=\"wp-block-column is-layout-flow wp-block-column-is-layout-flow\" style=\"flex-basis:66.66%\">\n<p>Aunque el t\u00e9rmino \u00ab<strong>Escuela de Londres<\/strong>\u00bb se atribuye com\u00fanmente al artista <strong>R.B. Kitaj<\/strong>, quien lo populariz\u00f3 en la d\u00e9cada de 1960 para referirse a un grupo de artistas figurativos que trabajaban en Londres en ese momento, \u00ab<a href=\"https:\/\/www.aparences.net\/es\/arte-contemporaneo\/movimientos\/la-escuela-de-londres\/\">La Escuela de Londres<\/a><strong>\u00ab<\/strong> surgi\u00f3 a finales de la d\u00e9cada de 1940 en un contexto de posguerra en Londres, Reino Unido.<\/p>\n\n\n\n<p>Los pintores se reun\u00edan en el bar <em>Colony Room del Soho<\/em>, cuyo ambiente bohemio y vanguardista influy\u00f3 significativamente en el desarrollo estil\u00edstico y conceptual de los artistas de aquella \u00abescuela\u00bb, artistas que exploraron la figuraci\u00f3n y la condici\u00f3n humana en sus obras con una intensidad emocional \u00fanica, a la vez que proporcionaron una alternativa a la pintura europea de la postguerra. <\/p>\n\n\n\n<p>Entre algunos de los artistas m\u00e1s destacados de este movimiento del arte contempor\u00e1neo se encontraban <strong>Michael Andrews<\/strong>, <a href=\"https:\/\/www.aparences.net\/es\/arte-contemporaneo\/movimientos\/la-escuela-de-londres\/#francis-bacon\">Francis Bacon<\/a>, <a href=\"https:\/\/www.aparences.net\/es\/arte-contemporaneo\/movimientos\/la-escuela-de-londres\/#lucian-freud-y-la-negaci%C3%B3n-de-la-belleza\">Lucian Freud<\/a>, <a href=\"https:\/\/www.aparences.net\/es\/arte-contemporaneo\/movimientos\/la-escuela-de-londres\/#frank-auerbach\">Frank Auerbach<\/a>, <strong>David Hockney <\/strong>y <strong>Leon Kossoff<\/strong><strong> <\/strong><strong>entre otros.<\/strong><\/p>\n<\/div>\n\n\n\n<div class=\"wp-block-column is-layout-flow wp-block-column-is-layout-flow\" style=\"flex-basis:33.33%\">\n<figure class=\"wp-block-image size-full\"><img loading=\"lazy\" decoding=\"async\" width=\"460\" height=\"460\" src=\"https:\/\/www.aparences.net\/wp-content\/uploads\/2023\/11\/freud-reflection-with-two-children.webp\" alt=\"Reflection with Two Children, Self-Portrait, 1965, Lucian Freud\" class=\"wp-image-29838\" srcset=\"https:\/\/www.aparences.net\/wp-content\/uploads\/2023\/11\/freud-reflection-with-two-children.webp 460w, https:\/\/www.aparences.net\/wp-content\/uploads\/2023\/11\/freud-reflection-with-two-children-100x100.webp 100w, https:\/\/www.aparences.net\/wp-content\/uploads\/2023\/11\/freud-reflection-with-two-children-150x150.webp 150w\" sizes=\"auto, (max-width: 460px) 100vw, 460px\" \/><figcaption class=\"wp-element-caption\"><em><strong>Reflection with Two Children<\/strong> (Self-Portrait), 1965, <strong>Lucian Freud<\/strong><\/em><\/figcaption><\/figure>\n\n\n\n<figure class=\"wp-block-image size-full\"><img loading=\"lazy\" decoding=\"async\" width=\"291\" height=\"187\" src=\"https:\/\/www.aparences.net\/wp-content\/uploads\/2024\/03\/frank-auerbach-portrait-1.webp\" alt=\"\" class=\"wp-image-32263\"\/><figcaption class=\"wp-element-caption\">Autoretrato <strong>Frank Auerbach<\/strong> (Detalle)<\/figcaption><\/figure>\n<\/div>\n<\/div>\n\n\n\n<h2 class=\"wp-block-heading\"><a href=\"https:\/\/www.aparences.net\/es\/escuelas\/nueva-escuela-de-leipzig\/nueva-escuela-de-leipzig\/\"><strong>La Escuela de <\/strong>Leipzig<\/a><strong> (Siglos XX a XI)<\/strong><\/h2>\n\n\n\n<div class=\"wp-block-columns is-layout-flex wp-container-core-columns-is-layout-9d6595d7 wp-block-columns-is-layout-flex\">\n<div class=\"wp-block-column is-layout-flow wp-block-column-is-layout-flow\" style=\"flex-basis:66.66%\">\n<p>La \u00ab<strong>Escuela de Leipzig<\/strong>\u00ab, o \u00ab<strong>Neue Leipziger Schule<\/strong>\u00bb en alem\u00e1n, es un movimiento art\u00edstico del arte contempor\u00e1neo surgido en la ciudad de <strong>Leipzig<\/strong> (Alemania), en las \u00faltimas d\u00e9cadas del siglo XX y principios del XXI. Esta escuela es conocida por su enfoque en la pintura figurativa y narrativa, que contrasta con las tendencias dominantes del arte contempor\u00e1neo internacional en ese momento. La <strong>Escuela de Leipzig<\/strong> se destaca por su t\u00e9cnica acad\u00e9mica, realista y detallada, as\u00ed como por su exploraci\u00f3n de temas sociales, pol\u00edticos y personales en un contexto post-reunificaci\u00f3n alemana.<\/p>\n\n\n\n<p>Los artistas de esta escuela a menudo utilizan una paleta de colores vibrantes y una narrativa evocadora para crear obras que abordan la complejidad de la experiencia humana en la era moderna. La <strong>Escuela de Leipzig<\/strong> ha ganado reconocimiento internacional por su contribuci\u00f3n al renacimiento de la pintura figurativa en el arte contempor\u00e1neo y sigue siendo una fuerza influyente en la escena art\u00edstica actual.<br><br>Entre algunos de sus artistas m\u00e1s reconocidos se encuentran <a href=\"https:\/\/www.aparences.net\/es\/escuelas\/nueva-escuela-de-leipzig\/nueva-escuela-de-leipzig\/#axel-krause\">Axel Krause<\/a>, <strong>Neo Rauch, Tim Eitel, David Shnell<\/strong>, <a href=\"https:\/\/www.aparences.net\/es\/escuelas\/nueva-escuela-de-leipzig\/nueva-escuela-de-leipzig\/#rosa-loy\">Rosa Loy<\/a>, <a href=\"https:\/\/www.aparences.net\/es\/escuelas\/nueva-escuela-de-leipzig\/nueva-escuela-de-leipzig\/#matthias-weischer\">Matthias Weischer<\/a> o <a href=\"https:\/\/www.aparences.net\/es\/escuelas\/nueva-escuela-de-leipzig\/nueva-escuela-de-leipzig\/#christoph-ruckh\u00e4berle\">Christoph Ruckh\u00e4berle<\/a><\/p>\n\n\n\n<p><\/p>\n<\/div>\n\n\n\n<div class=\"wp-block-column is-layout-flow wp-block-column-is-layout-flow\" style=\"flex-basis:33.33%\">\n<figure class=\"wp-block-image size-full is-resized\"><img loading=\"lazy\" decoding=\"async\" width=\"584\" height=\"448\" src=\"https:\/\/www.aparences.net\/wp-content\/uploads\/2024\/03\/matthias-weischer-automat-2004.webp\" alt=\"\" class=\"wp-image-32257\" style=\"width:293px;height:auto\"\/><figcaption class=\"wp-element-caption\"><em><strong>Aut\u00f3mata<\/strong>, 2004, <strong>Matthias Weischer<\/strong>, Colecci\u00f3n privada.<\/em><\/figcaption><\/figure>\n\n\n\n<figure class=\"wp-block-image size-full\"><img loading=\"lazy\" decoding=\"async\" width=\"353\" height=\"460\" src=\"https:\/\/www.aparences.net\/wp-content\/uploads\/2024\/03\/rosa-loy-nostalgie-2015.webp\" alt=\"\" class=\"wp-image-32259\"\/><figcaption class=\"wp-element-caption\"><em><strong>Sehnsucht<\/strong> (Nostalgia), 2015, <strong>Rosa Loy<\/strong>, Colecci\u00f3n privada.<\/em><\/figcaption><\/figure>\n<\/div>\n<\/div>\n","protected":false},"excerpt":{"rendered":"<p>Explora la evoluci\u00f3n del arte contempor\u00e1neo, desde sus ra\u00edces en el siglo XX hasta las innovaciones actuales, a trav\u00e9s de los contenidos de esta web. [&#8230;]<\/p>\n","protected":false},"author":2,"featured_media":32543,"comment_status":"closed","ping_status":"closed","sticky":false,"template":"","format":"standard","meta":{"footnotes":""},"categories":[3018],"tags":[],"class_list":["post-32536","post","type-post","status-publish","format-standard","has-post-thumbnail","hentry","category-arte-contemporaneo"],"yoast_head":"<!-- This site is optimized with the Yoast SEO plugin v27.2 - https:\/\/yoast.com\/product\/yoast-seo-wordpress\/ -->\n<title>Historia del Arte Contempor\u00e1neo<\/title>\n<meta name=\"description\" content=\"Descubre la Historia del Arte Contempor\u00e1neo explorando los principales movimientos y artistas que han definido las \u00faltimas d\u00e9cadas.\" \/>\n<meta name=\"robots\" content=\"index, follow, max-snippet:-1, max-image-preview:large, max-video-preview:-1\" \/>\n<link rel=\"canonical\" href=\"https:\/\/www.aparences.net\/es\/arte-contemporaneo\/historia-del-arte-contemporaneo\/\" \/>\n<meta property=\"og:locale\" content=\"es_ES\" \/>\n<meta property=\"og:type\" content=\"article\" \/>\n<meta property=\"og:title\" content=\"Historia del Arte Contempor\u00e1neo\" \/>\n<meta property=\"og:description\" content=\"Descubre la Historia del Arte Contempor\u00e1neo explorando los principales movimientos y artistas que han definido las \u00faltimas d\u00e9cadas.\" \/>\n<meta property=\"og:url\" content=\"https:\/\/www.aparences.net\/es\/arte-contemporaneo\/historia-del-arte-contemporaneo\/\" \/>\n<meta property=\"og:site_name\" content=\"Aparences\" \/>\n<meta property=\"article:published_time\" content=\"2024-09-13T11:09:26+00:00\" \/>\n<meta property=\"article:modified_time\" content=\"2025-12-11T18:40:55+00:00\" \/>\n<meta property=\"og:image\" content=\"https:\/\/www.aparences.net\/wp-content\/uploads\/2024\/09\/it-is-here-2.webp\" \/>\n\t<meta property=\"og:image:width\" content=\"1080\" \/>\n\t<meta property=\"og:image:height\" content=\"540\" \/>\n\t<meta property=\"og:image:type\" content=\"image\/webp\" \/>\n<meta name=\"author\" content=\"admin\" \/>\n<meta name=\"twitter:card\" content=\"summary_large_image\" \/>\n<meta name=\"twitter:label1\" content=\"Escrito por\" \/>\n\t<meta name=\"twitter:data1\" content=\"admin\" \/>\n\t<meta name=\"twitter:label2\" content=\"Tiempo de lectura\" \/>\n\t<meta name=\"twitter:data2\" content=\"28 minutos\" \/>\n<script type=\"application\/ld+json\" class=\"yoast-schema-graph\">{\"@context\":\"https:\/\/schema.org\",\"@graph\":[{\"@type\":\"Article\",\"@id\":\"https:\/\/www.aparences.net\/es\/arte-contemporaneo\/historia-del-arte-contemporaneo\/#article\",\"isPartOf\":{\"@id\":\"https:\/\/www.aparences.net\/es\/arte-contemporaneo\/historia-del-arte-contemporaneo\/\"},\"author\":{\"name\":\"admin\",\"@id\":\"https:\/\/www.aparences.net\/es\/#\/schema\/person\/af349f6ffc31b16c68963e61268afca5\"},\"headline\":\"Historia del Arte Contempor\u00e1neo\",\"datePublished\":\"2024-09-13T11:09:26+00:00\",\"dateModified\":\"2025-12-11T18:40:55+00:00\",\"mainEntityOfPage\":{\"@id\":\"https:\/\/www.aparences.net\/es\/arte-contemporaneo\/historia-del-arte-contemporaneo\/\"},\"wordCount\":4665,\"publisher\":{\"@id\":\"https:\/\/www.aparences.net\/es\/#organization\"},\"image\":{\"@id\":\"https:\/\/www.aparences.net\/es\/arte-contemporaneo\/historia-del-arte-contemporaneo\/#primaryimage\"},\"thumbnailUrl\":\"https:\/\/www.aparences.net\/wp-content\/uploads\/2024\/09\/it-is-here-2.webp\",\"articleSection\":[\"Arte contempor\u00e1neo\"],\"inLanguage\":\"es\"},{\"@type\":[\"WebPage\",\"ItemPage\"],\"@id\":\"https:\/\/www.aparences.net\/es\/arte-contemporaneo\/historia-del-arte-contemporaneo\/\",\"url\":\"https:\/\/www.aparences.net\/es\/arte-contemporaneo\/historia-del-arte-contemporaneo\/\",\"name\":\"Historia del Arte Contempor\u00e1neo\",\"isPartOf\":{\"@id\":\"https:\/\/www.aparences.net\/es\/#website\"},\"primaryImageOfPage\":{\"@id\":\"https:\/\/www.aparences.net\/es\/arte-contemporaneo\/historia-del-arte-contemporaneo\/#primaryimage\"},\"image\":{\"@id\":\"https:\/\/www.aparences.net\/es\/arte-contemporaneo\/historia-del-arte-contemporaneo\/#primaryimage\"},\"thumbnailUrl\":\"https:\/\/www.aparences.net\/wp-content\/uploads\/2024\/09\/it-is-here-2.webp\",\"datePublished\":\"2024-09-13T11:09:26+00:00\",\"dateModified\":\"2025-12-11T18:40:55+00:00\",\"description\":\"Descubre la Historia del Arte Contempor\u00e1neo explorando los principales movimientos y artistas que han definido las \u00faltimas d\u00e9cadas.\",\"breadcrumb\":{\"@id\":\"https:\/\/www.aparences.net\/es\/arte-contemporaneo\/historia-del-arte-contemporaneo\/#breadcrumb\"},\"inLanguage\":\"es\",\"potentialAction\":[{\"@type\":\"ReadAction\",\"target\":[\"https:\/\/www.aparences.net\/es\/arte-contemporaneo\/historia-del-arte-contemporaneo\/\"]}]},{\"@type\":\"ImageObject\",\"inLanguage\":\"es\",\"@id\":\"https:\/\/www.aparences.net\/es\/arte-contemporaneo\/historia-del-arte-contemporaneo\/#primaryimage\",\"url\":\"https:\/\/www.aparences.net\/wp-content\/uploads\/2024\/09\/it-is-here-2.webp\",\"contentUrl\":\"https:\/\/www.aparences.net\/wp-content\/uploads\/2024\/09\/it-is-here-2.webp\",\"width\":1080,\"height\":540},{\"@type\":\"BreadcrumbList\",\"@id\":\"https:\/\/www.aparences.net\/es\/arte-contemporaneo\/historia-del-arte-contemporaneo\/#breadcrumb\",\"itemListElement\":[{\"@type\":\"ListItem\",\"position\":1,\"name\":\"Portada\",\"item\":\"https:\/\/www.aparences.net\/es\/\"},{\"@type\":\"ListItem\",\"position\":2,\"name\":\"Historia del Arte Contempor\u00e1neo\"}]},{\"@type\":\"WebSite\",\"@id\":\"https:\/\/www.aparences.net\/es\/#website\",\"url\":\"https:\/\/www.aparences.net\/es\/\",\"name\":\"Aparences: Historia del Arte y Actualidad Cultural\",\"description\":\"\",\"publisher\":{\"@id\":\"https:\/\/www.aparences.net\/es\/#organization\"},\"potentialAction\":[{\"@type\":\"SearchAction\",\"target\":{\"@type\":\"EntryPoint\",\"urlTemplate\":\"https:\/\/www.aparences.net\/es\/?s={search_term_string}\"},\"query-input\":{\"@type\":\"PropertyValueSpecification\",\"valueRequired\":true,\"valueName\":\"search_term_string\"}}],\"inLanguage\":\"es\"},{\"@type\":\"Organization\",\"@id\":\"https:\/\/www.aparences.net\/es\/#organization\",\"name\":\"Aparences: Historia del Arte y Actualidad Cultural\",\"url\":\"https:\/\/www.aparences.net\/es\/\",\"logo\":{\"@type\":\"ImageObject\",\"inLanguage\":\"es\",\"@id\":\"https:\/\/www.aparences.net\/es\/#\/schema\/logo\/image\/\",\"url\":\"https:\/\/www.aparences.net\/wp-content\/uploads\/2023\/09\/logo-quadrat-color-e1695915315229.png\",\"contentUrl\":\"https:\/\/www.aparences.net\/wp-content\/uploads\/2023\/09\/logo-quadrat-color-e1695915315229.png\",\"width\":120,\"height\":120,\"caption\":\"Aparences: Historia del Arte y Actualidad Cultural\"},\"image\":{\"@id\":\"https:\/\/www.aparences.net\/es\/#\/schema\/logo\/image\/\"}},{\"@type\":\"Person\",\"@id\":\"https:\/\/www.aparences.net\/es\/#\/schema\/person\/af349f6ffc31b16c68963e61268afca5\",\"name\":\"admin\",\"url\":\"https:\/\/www.aparences.net\/es\/author\/admin\/\"}]}<\/script>\n<!-- \/ Yoast SEO plugin. -->","yoast_head_json":{"title":"Historia del Arte Contempor\u00e1neo","description":"Descubre la Historia del Arte Contempor\u00e1neo explorando los principales movimientos y artistas que han definido las \u00faltimas d\u00e9cadas.","robots":{"index":"index","follow":"follow","max-snippet":"max-snippet:-1","max-image-preview":"max-image-preview:large","max-video-preview":"max-video-preview:-1"},"canonical":"https:\/\/www.aparences.net\/es\/arte-contemporaneo\/historia-del-arte-contemporaneo\/","og_locale":"es_ES","og_type":"article","og_title":"Historia del Arte Contempor\u00e1neo","og_description":"Descubre la Historia del Arte Contempor\u00e1neo explorando los principales movimientos y artistas que han definido las \u00faltimas d\u00e9cadas.","og_url":"https:\/\/www.aparences.net\/es\/arte-contemporaneo\/historia-del-arte-contemporaneo\/","og_site_name":"Aparences","article_published_time":"2024-09-13T11:09:26+00:00","article_modified_time":"2025-12-11T18:40:55+00:00","og_image":[{"width":1080,"height":540,"url":"https:\/\/www.aparences.net\/wp-content\/uploads\/2024\/09\/it-is-here-2.webp","type":"image\/webp"}],"author":"admin","twitter_card":"summary_large_image","twitter_misc":{"Escrito por":"admin","Tiempo de lectura":"28 minutos"},"schema":{"@context":"https:\/\/schema.org","@graph":[{"@type":"Article","@id":"https:\/\/www.aparences.net\/es\/arte-contemporaneo\/historia-del-arte-contemporaneo\/#article","isPartOf":{"@id":"https:\/\/www.aparences.net\/es\/arte-contemporaneo\/historia-del-arte-contemporaneo\/"},"author":{"name":"admin","@id":"https:\/\/www.aparences.net\/es\/#\/schema\/person\/af349f6ffc31b16c68963e61268afca5"},"headline":"Historia del Arte Contempor\u00e1neo","datePublished":"2024-09-13T11:09:26+00:00","dateModified":"2025-12-11T18:40:55+00:00","mainEntityOfPage":{"@id":"https:\/\/www.aparences.net\/es\/arte-contemporaneo\/historia-del-arte-contemporaneo\/"},"wordCount":4665,"publisher":{"@id":"https:\/\/www.aparences.net\/es\/#organization"},"image":{"@id":"https:\/\/www.aparences.net\/es\/arte-contemporaneo\/historia-del-arte-contemporaneo\/#primaryimage"},"thumbnailUrl":"https:\/\/www.aparences.net\/wp-content\/uploads\/2024\/09\/it-is-here-2.webp","articleSection":["Arte contempor\u00e1neo"],"inLanguage":"es"},{"@type":["WebPage","ItemPage"],"@id":"https:\/\/www.aparences.net\/es\/arte-contemporaneo\/historia-del-arte-contemporaneo\/","url":"https:\/\/www.aparences.net\/es\/arte-contemporaneo\/historia-del-arte-contemporaneo\/","name":"Historia del Arte Contempor\u00e1neo","isPartOf":{"@id":"https:\/\/www.aparences.net\/es\/#website"},"primaryImageOfPage":{"@id":"https:\/\/www.aparences.net\/es\/arte-contemporaneo\/historia-del-arte-contemporaneo\/#primaryimage"},"image":{"@id":"https:\/\/www.aparences.net\/es\/arte-contemporaneo\/historia-del-arte-contemporaneo\/#primaryimage"},"thumbnailUrl":"https:\/\/www.aparences.net\/wp-content\/uploads\/2024\/09\/it-is-here-2.webp","datePublished":"2024-09-13T11:09:26+00:00","dateModified":"2025-12-11T18:40:55+00:00","description":"Descubre la Historia del Arte Contempor\u00e1neo explorando los principales movimientos y artistas que han definido las \u00faltimas d\u00e9cadas.","breadcrumb":{"@id":"https:\/\/www.aparences.net\/es\/arte-contemporaneo\/historia-del-arte-contemporaneo\/#breadcrumb"},"inLanguage":"es","potentialAction":[{"@type":"ReadAction","target":["https:\/\/www.aparences.net\/es\/arte-contemporaneo\/historia-del-arte-contemporaneo\/"]}]},{"@type":"ImageObject","inLanguage":"es","@id":"https:\/\/www.aparences.net\/es\/arte-contemporaneo\/historia-del-arte-contemporaneo\/#primaryimage","url":"https:\/\/www.aparences.net\/wp-content\/uploads\/2024\/09\/it-is-here-2.webp","contentUrl":"https:\/\/www.aparences.net\/wp-content\/uploads\/2024\/09\/it-is-here-2.webp","width":1080,"height":540},{"@type":"BreadcrumbList","@id":"https:\/\/www.aparences.net\/es\/arte-contemporaneo\/historia-del-arte-contemporaneo\/#breadcrumb","itemListElement":[{"@type":"ListItem","position":1,"name":"Portada","item":"https:\/\/www.aparences.net\/es\/"},{"@type":"ListItem","position":2,"name":"Historia del Arte Contempor\u00e1neo"}]},{"@type":"WebSite","@id":"https:\/\/www.aparences.net\/es\/#website","url":"https:\/\/www.aparences.net\/es\/","name":"Aparences: Historia del Arte y Actualidad Cultural","description":"","publisher":{"@id":"https:\/\/www.aparences.net\/es\/#organization"},"potentialAction":[{"@type":"SearchAction","target":{"@type":"EntryPoint","urlTemplate":"https:\/\/www.aparences.net\/es\/?s={search_term_string}"},"query-input":{"@type":"PropertyValueSpecification","valueRequired":true,"valueName":"search_term_string"}}],"inLanguage":"es"},{"@type":"Organization","@id":"https:\/\/www.aparences.net\/es\/#organization","name":"Aparences: Historia del Arte y Actualidad Cultural","url":"https:\/\/www.aparences.net\/es\/","logo":{"@type":"ImageObject","inLanguage":"es","@id":"https:\/\/www.aparences.net\/es\/#\/schema\/logo\/image\/","url":"https:\/\/www.aparences.net\/wp-content\/uploads\/2023\/09\/logo-quadrat-color-e1695915315229.png","contentUrl":"https:\/\/www.aparences.net\/wp-content\/uploads\/2023\/09\/logo-quadrat-color-e1695915315229.png","width":120,"height":120,"caption":"Aparences: Historia del Arte y Actualidad Cultural"},"image":{"@id":"https:\/\/www.aparences.net\/es\/#\/schema\/logo\/image\/"}},{"@type":"Person","@id":"https:\/\/www.aparences.net\/es\/#\/schema\/person\/af349f6ffc31b16c68963e61268afca5","name":"admin","url":"https:\/\/www.aparences.net\/es\/author\/admin\/"}]}},"_links":{"self":[{"href":"https:\/\/www.aparences.net\/es\/wp-json\/wp\/v2\/posts\/32536","targetHints":{"allow":["GET"]}}],"collection":[{"href":"https:\/\/www.aparences.net\/es\/wp-json\/wp\/v2\/posts"}],"about":[{"href":"https:\/\/www.aparences.net\/es\/wp-json\/wp\/v2\/types\/post"}],"author":[{"embeddable":true,"href":"https:\/\/www.aparences.net\/es\/wp-json\/wp\/v2\/users\/2"}],"replies":[{"embeddable":true,"href":"https:\/\/www.aparences.net\/es\/wp-json\/wp\/v2\/comments?post=32536"}],"version-history":[{"count":0,"href":"https:\/\/www.aparences.net\/es\/wp-json\/wp\/v2\/posts\/32536\/revisions"}],"wp:featuredmedia":[{"embeddable":true,"href":"https:\/\/www.aparences.net\/es\/wp-json\/wp\/v2\/media\/32543"}],"wp:attachment":[{"href":"https:\/\/www.aparences.net\/es\/wp-json\/wp\/v2\/media?parent=32536"}],"wp:term":[{"taxonomy":"category","embeddable":true,"href":"https:\/\/www.aparences.net\/es\/wp-json\/wp\/v2\/categories?post=32536"},{"taxonomy":"post_tag","embeddable":true,"href":"https:\/\/www.aparences.net\/es\/wp-json\/wp\/v2\/tags?post=32536"}],"curies":[{"name":"wp","href":"https:\/\/api.w.org\/{rel}","templated":true}]}}