{"id":32608,"date":"2024-10-19T11:44:23","date_gmt":"2024-10-19T09:44:23","guid":{"rendered":"https:\/\/www.aparences.net\/?p=32608"},"modified":"2025-12-11T19:40:55","modified_gmt":"2025-12-11T18:40:55","slug":"francesco-hayez-el-romanticismo-historico","status":"publish","type":"post","link":"https:\/\/www.aparences.net\/es\/periodos\/romanticismo\/francesco-hayez-el-romanticismo-historico\/","title":{"rendered":"Francesco Hayez: El romanticismo hist\u00f3rico"},"content":{"rendered":"<p><!--contents--><\/p>\n\n\n<h2 class=\"wp-block-heading\">Hayez: Como en el teatro<\/h2>\n\n\n\n<p>La relaci\u00f3n entre <strong>Francesco Hayez<\/strong> (Venecia 1791-Mil\u00e1n 1882) y el mundo del teatro fue compleja, alimentada por la misma cultura hist\u00f3rica y literaria y basada en sus frecuentes visitas a los c\u00edrculos culturales de <strong>Mil\u00e1n durante el <\/strong><a href=\"https:\/\/historia.nationalgeographic.com.es\/a\/risorgimento-tortuosa-unificacion-italia_15171\" data-type=\"link\" data-id=\"https:\/\/historia.nationalgeographic.com.es\/a\/risorgimento-tortuosa-unificacion-italia_15171\">Risorgimento<\/a>. Umberto Eco consider\u00f3 el car\u00e1cter \u00abteatral\u00bb de la obra de Hayez como el elemento m\u00e1s caracter\u00edstico de un estilo pict\u00f3rico que naci\u00f3 \u00abcomo comentario de la literatura y el teatro\u00bb y ofrec\u00eda \u00abla ocasi\u00f3n para revivir emociones est\u00e9ticas experimentadas en el teatro\u00bb. La relaci\u00f3n entre los dos lenguajes es, en efecto, particularmente evidente: anclada en ideales profundamente afines, se realiza en la coincidencia de temas y modos de representaci\u00f3n, con c\u00f3digos de expresi\u00f3n que pueden transferirse f\u00e1cilmente de uno a otro, como ocurre en particular con los grandes dramas colectivos, destinados a convertirse en las obras maestras de la pintura civil italiana y del melodrama rom\u00e1ntico.<\/p>\n\n\n<div class=\"wp-block-image\">\n<figure class=\"aligncenter size-full\"><img loading=\"lazy\" decoding=\"async\" width=\"550\" height=\"460\" src=\"https:\/\/www.aparences.net\/wp-content\/uploads\/2024\/08\/francesco-hayez-accusation-secrete-1847-1848.webp\" alt=\"Acusaci\u00f3n secreta, 1847-1848, Francesco Hayez\" class=\"wp-image-32437\" title=\"Acusaci\u00f3n secreta, 1847-1848, Francesco Hayez\"\/><figcaption class=\"wp-element-caption\"><em><strong>La accusa segreta<\/strong> (Acusaci\u00f3n secreta), 1847-1848, <strong>Francesco Hayez<\/strong>,<\/em><br><em> Pavia, Musei Civici del Castello Visconteo.<\/em><\/figcaption><\/figure>\n<\/div>\n\n\n<p>El lenguaje del pintor fue tomando forma, con el desarrollo de un estilo pict\u00f3rico que recorr\u00eda las etapas de la historia italiana para convertirse en portavoz de los ideales de la naci\u00f3n que luchaba por la libertad y la unidad. El punto de inflexi\u00f3n en la carrera de <strong>Francesco Hayez, que se hab\u00eda formado en un ambiente neocl\u00e1sico<\/strong>, se sell\u00f3 con el \u00e9xito de obras como <em>Pietro Rossi<\/em> (1818-1820) y <em>Il conte di Carmagnola<\/em> (1820-1821), basada en la tragedia hom\u00f3nima del dramaturgo <a href=\"https:\/\/es.wikipedia.org\/wiki\/Alessandro_Manzoni\" data-type=\"link\" data-id=\"https:\/\/es.wikipedia.org\/wiki\/Alessandro_Manzoni\">Alessandro Manzoni<\/a>. El cuadro, perdido en el bombardeo de Montecassino durante la Segunda guerra mundial, hab\u00eda sido expuesto ya en 1821 en la Accademia di Brera de Mil\u00e1n, lo que le vali\u00f3 al artista no s\u00f3lo la estima del propio Manzoni, sino tambi\u00e9n la simpat\u00eda de un p\u00fablico dispuesto a reconocer en \u00e9l una <strong>clara referencia a los dram\u00e1ticos acontecimientos pol\u00edticos italianos<\/strong>. El primer cuadro de <em><strong>Pietro Rossi, llamado a dirigir el ej\u00e9rcito veneciano<\/strong><\/em>, representa un momento conmovedor de la vida de un mercenario al servicio de la Rep\u00fablica de Venecia a principios del siglo XV, cuya fuerza dram\u00e1tica procede del conflicto entre el deber y el amor a la familia, que le empuja a renunciar a la idea de ir a la guerra. Pietro Rossi, representado con armadura en el centro del lienzo, acoge las palabras del joven emisario veneciano situado a su izquierda, mientras se rodea de las mujeres de su casa, cuyas expresiones dram\u00e1ticas fueron la principal preocupaci\u00f3n del pintor. La obra est\u00e1 marcada por su<strong> arquitectura medieval<\/strong>, en boga por su encanto pintoresco, mientras que el vestuario de los personajes se inspira en los pintores del primer Renacimiento veneciano, como <a href=\"https:\/\/www.aparences.net\/es\/arte-y-mecenazgo\/los-gonzaga-de-mantua\/andrea-mantegna-pintor-de-corte\/\" data-type=\"link\" data-id=\"https:\/\/www.aparences.net\/es\/arte-y-mecenazgo\/los-gonzaga-de-mantua\/andrea-mantegna-pintor-de-corte\/\">Andrea Mantegna<\/a>, <a href=\"https:\/\/www.aparences.net\/es\/escuelas\/la-pintura-veneciana\/giovanni-bellini\/\" data-type=\"link\" data-id=\"https:\/\/www.aparences.net\/es\/escuelas\/la-pintura-veneciana\/giovanni-bellini\/\">Giovanni Bellini<\/a>, <a href=\"https:\/\/www.aparences.net\/es\/escuelas\/la-pintura-veneciana\/vittore-carpaccio\/\" data-type=\"link\" data-id=\"https:\/\/www.aparences.net\/es\/escuelas\/la-pintura-veneciana\/vittore-carpaccio\/\">Carpaccio<\/a>, <strong>Cima da Conegliano<\/strong> y <a href=\"https:\/\/www.aparences.net\/es\/escuelas\/la-pintura-veneciana\/el-cinquecento-o-alto-renacimiento-en-venecia\/#giorgione\" data-type=\"link\" data-id=\"https:\/\/www.aparences.net\/es\/escuelas\/la-pintura-veneciana\/el-cinquecento-o-alto-renacimiento-en-venecia\/#giorgione\">Giorgione<\/a>. Lejos de <a href=\"https:\/\/www.aparences.net\/es\/arte-y-mecenazgo\/el-retrato-en-el-renacimiento-italiano\/\" data-type=\"link\" data-id=\"https:\/\/www.aparences.net\/es\/arte-y-mecenazgo\/el-retrato-en-el-renacimiento-italiano\/\">retratos<\/a> idealizados de los <a href=\"https:\/\/www.aparences.net\/es\/periodos\/neoclasicismo\/\" data-type=\"link\" data-id=\"https:\/\/www.aparences.net\/es\/periodos\/neoclasicismo\/\">pintores neocl\u00e1sicos<\/a>, Hayez dio a las figuras los rostros de sus contempor\u00e1neos, elegidos entre sus amigos o personalidades milanesas de la \u00e9poca.<\/p>\n\n\n<div class=\"wp-block-image\">\n<figure class=\"aligncenter size-full\"><img loading=\"lazy\" decoding=\"async\" width=\"587\" height=\"494\" src=\"https:\/\/www.aparences.net\/wp-content\/uploads\/2024\/08\/francesco-hayez-pietro-rossi-1818-1820.jpg\" alt=\"Pietro Rossi llamado al mando del ej\u00e9rcito veneciano, 1818-1820, Francesco Hayez\" class=\"wp-image-32473\" title=\"Pietro Rossi llamado al mando del ej\u00e9rcito veneciano, 1818-1820, Francesco Hayez\"\/><figcaption class=\"wp-element-caption\"><em><strong>Pietro Rossi<\/strong> llamado al mando del ej\u00e9rcito veneciano, 1818-1820, <strong>Francesco Hayez<\/strong> <br>Mil\u00e1n, Pinacoteca di Brera.<\/em><\/figcaption><\/figure>\n<\/div>\n\n\n<p>Este cuadro fue el primero que el joven <strong>Francesco Hayez<\/strong>, llegado de Venecia, present\u00f3 en la exposici\u00f3n anual de la Accademia di Brera de Mil\u00e1n en 1820. La obra lleg\u00f3 a Mil\u00e1n en el momento justo, en plena <strong>querella entre cl\u00e1sicos y rom\u00e1nticos<\/strong>. Hayez gan\u00f3 la causa de <a href=\"https:\/\/www.aparences.net\/es\/periodos\/romanticismo\/\" data-type=\"link\" data-id=\"https:\/\/www.aparences.net\/es\/periodos\/romanticismo\/\">los rom\u00e1nticos<\/a> al elegir un tema hist\u00f3rico \u00abmoderno\u00bb con vestimenta de \u00e9poca. Por otra parte, al elegir un tema que exalta cierto patriotismo y la rebeli\u00f3n contra la tiran\u00eda, la obra llam\u00f3 la atenci\u00f3n de los c\u00edrculos revolucionarios y patri\u00f3ticos milaneses, <a href=\"https:\/\/es.wikipedia.org\/wiki\/Carbonarios\" data-type=\"link\" data-id=\"https:\/\/es.wikipedia.org\/wiki\/Carbonarios\">los Carbonari<\/a>, en v\u00edsperas del gran levantamiento de marzo de 1821 en el que particip\u00f3 activamente el marqu\u00e9s Giorgio Pallavicini Trivulzio, primer propietario del cuadro.<\/p>\n\n\n<div class=\"wp-block-image\">\n<figure class=\"aligncenter size-full\"><img loading=\"lazy\" decoding=\"async\" width=\"694\" height=\"410\" src=\"https:\/\/www.aparences.net\/wp-content\/uploads\/2024\/08\/francesco-hayez-pietro-rossi-1820.jpg\" alt=\"Pietro Rossi, 1818-1820, Francesco Hayez\" class=\"wp-image-32475\" title=\"Pietro Rossi, 1818-1820, Francesco Hayez\"\/><figcaption class=\"wp-element-caption\"><em>Pietro Rossi llamado al mando del ej\u00e9rcito veneciano, detalle, 1818-1820, Francesco Hayez, <br>Mil\u00e1n, Pinacoteca di Brera.<\/em><\/figcaption><\/figure>\n<\/div>\n\n\n<p><em><strong>La conjura de los Lampugnani<\/strong><\/em> es otro ejemplo significativo de obra maestra del <a href=\"https:\/\/www.aparences.net\/es\/periodos\/romanticismo\/el-movimiento-romantico\/\" data-type=\"link\" data-id=\"https:\/\/www.aparences.net\/es\/periodos\/romanticismo\/el-movimiento-romantico\/\">romanticismo hist\u00f3rico<\/a>. Realizada en 1826, representa el complot urdido por tres j\u00f3venes milaneses contra el tirano duque <a href=\"https:\/\/www.aparences.net\/es\/arte-y-mecenazgo\/el-ducado-de-milan\/milan-en-la-epoca-de-los-sforza\/#galeazzo-maria-sforza\" data-type=\"link\" data-id=\"https:\/\/www.aparences.net\/es\/arte-y-mecenazgo\/el-ducado-de-milan\/milan-en-la-epoca-de-los-sforza\/#galeazzo-maria-sforza\">Galeazzo Maria Sforza<\/a>, asesinado a pu\u00f1aladas mientras asist\u00eda a una ceremonia en la iglesia de Santo Stefano el 27 de diciembre de 1476. El impacto emocional generado por la <strong>alusi\u00f3n a los movimientos insurreccionales de los Carbonari<\/strong> que evoca el cuadro, se ve acrecentado por la transcripci\u00f3n \u00abteatral\u00bb del acontecimiento, y por la iluminaci\u00f3n que pone de relieve la tragedia a punto de desencadenarse, mientras el tirano se acerca desde el fondo, en la oscuridad de la iglesia.<\/p>\n\n\n<div class=\"wp-block-image\">\n<figure class=\"aligncenter size-full\"><img loading=\"lazy\" decoding=\"async\" width=\"587\" height=\"460\" src=\"https:\/\/www.aparences.net\/wp-content\/uploads\/2024\/08\/francesco-hayez-la-conjuration-des-lampugnani-1928.jpg\" alt=\"La conjura de los Lampugnani, 1826-1829, Francesco Hayez\" class=\"wp-image-32469\" title=\"La conjura de los Lampugnani, 1826-1829, Francesco Hayez\"\/><figcaption class=\"wp-element-caption\"><em><strong>La conjura de los Lampugnani<\/strong>, 1826-1829, <strong>Francesco Hayez<\/strong>, <\/em><br><em>Mil\u00e1n, Accademia di Belle Arti di Brera.<\/em><\/figcaption><\/figure>\n<\/div>\n\n\n<p>Grandes obras maestras de la pintura civil como <em><strong>Pedro el Ermita\u00f1o<\/strong><\/em> (1827-1829), sobre el tema de las Cruzadas, retomado m\u00e1s tarde en la obra de <a href=\"https:\/\/es.wikipedia.org\/wiki\/Giuseppe_Verdi\" data-type=\"link\" data-id=\"https:\/\/es.wikipedia.org\/wiki\/Giuseppe_Verdi\">Giuseppe Verdi<\/a>, o <em><strong>Los habitantes de Parga abandonando su patria<\/strong><\/em> (18216-1831), que representan dramas colectivos y populares, donde la cuidada orquestaci\u00f3n de la composici\u00f3n pone de relieve la expresi\u00f3n de acciones y sentimientos sobre un fondo de paisajes de tonos fr\u00edos y transparentes, que constituyen verdaderos telones de fondo. Aqu\u00ed, de nuevo, <strong>Hayez da a los rostros las facciones de personajes conocidos<\/strong>. Como en el teatro, este artificio permit\u00eda al p\u00fablico identificarse con acontecimientos del pasado; con estas dos obras, Hayez se erigi\u00f3 en l\u00edder de la nueva <a href=\"https:\/\/www.aparences.net\/es\/periodos\/romanticismo\/\" data-type=\"link\" data-id=\"https:\/\/www.aparences.net\/es\/periodos\/romanticismo\/\">pintura rom\u00e1ntica<\/a>.<\/p>\n\n\n<div class=\"wp-block-image\">\n<figure class=\"aligncenter size-full\"><img loading=\"lazy\" decoding=\"async\" width=\"603\" height=\"460\" src=\"https:\/\/www.aparences.net\/wp-content\/uploads\/2024\/08\/francesco-hayez-pierre-lermite-1829.webp\" alt=\"Pedro el Ermita\u00f1o, 1827-1829, Francesco Hayez\" class=\"wp-image-32445\" title=\"Pedro el Ermita\u00f1o, 1827-1829, Francesco Hayez\"\/><figcaption class=\"wp-element-caption\"><em><strong>Pedro el Ermita\u00f1o<\/strong>, 1827-1829, <strong>Francesco Hayez<\/strong>, Colecci\u00f3n particular.<\/em><\/figcaption><\/figure>\n<\/div>\n\n<div class=\"wp-block-image\">\n<figure class=\"aligncenter size-full\"><img loading=\"lazy\" decoding=\"async\" width=\"603\" height=\"356\" src=\"https:\/\/www.aparences.net\/wp-content\/uploads\/2024\/08\/francesco-hayez-les-habitants-de-parga-1831.webp\" alt=\"Los habitantes de Parga abandonan su patria, 1826-1831, Francesco Hayez\" class=\"wp-image-32447\" title=\"Los habitantes de Parga abandonan su patria, 1826-1831, Francesco Hayez\"\/><figcaption class=\"wp-element-caption\"><em><strong>Los habitantes de Parga<\/strong> abandonan su patria, detalle, 1826-1831, <strong>Francesco Hayez<\/strong>, <\/em><br><em>Brescia, Pinacoteca Tosio Martinengo.<\/em><\/figcaption><\/figure>\n<\/div>\n\n\n<!-- AdBoxRight2020 --><ins class=\"adsbygoogle\"     style=\"display:block; margin-top:30px;\"     data-ad-client=\"ca-pub-2468002815867636\"     data-ad-slot=\"3496014735\"     data-ad-format=\"auto\"     data-full-width-responsive=\"false\"><\/ins><script> (adsbygoogle = window.adsbygoogle || []).push({});<\/script><h2 class=\"wp-block-heading\">Hayez: Literatura y artes figurativas<\/h2>\n\n\n\n<p><strong>Francesco Hayez<\/strong> recurri\u00f3 a su biblioteca para la elecci\u00f3n y la pertinencia de sus soluciones iconogr\u00e1ficas, conservando al mismo tiempo cierta libertad en su voluntad de actualizar las escenas con retratos de los protagonistas de la vida milanesa contempor\u00e1nea. Este artificio hace que sus cuadros sean muy atractivos, en una atm\u00f3sfera cercana al melodrama, del que Mil\u00e1n era entonces la capital de Europa. Es importante destacar que el artista frecuentaba el <strong>teatro de La Scala<\/strong> y actuaba como asesor de sus producciones. Sus cuadros posteriores, como Los dos Foscari, <em><strong>Las V\u00edsperas sicilianas<\/strong><\/em> y <em><strong>Los lombardos en la Primera Cruzada<\/strong><\/em>, anticipan la tem\u00e1tica de las <strong>\u00f3peras de Giuseppe Verdi<\/strong>. Hayez abord\u00f3 el episodio dram\u00e1tico del dux veneciano en varias ocasiones: la primera versi\u00f3n del cuadro, titulada <em>L&#8217;ultimo abboccamento di Jacopo Foscari con la propria famiglia prima di partire per l&#8217;esilio cui era stato condannato<\/em> (<em><strong>El \u00faltimo encuentro de Jacopo Foscari con su familia antes de partir hacia el exilio al que hab\u00eda sido condenado<\/strong><\/em>), fue encargado en 1838 por el emperador Fernando I de Austria y presentado en la Brera en 1840. El episodio del dux que condena a su hijo al exilio, se repiti\u00f3 en 1852, en una nueva versi\u00f3n encargada por su amigo, el poeta <a href=\"https:\/\/es.wikipedia.org\/wiki\/Andrea_Maffei\" data-type=\"link\" data-id=\"https:\/\/es.wikipedia.org\/wiki\/Andrea_Maffei\">Andrea Maffei<\/a>. La historia de este cuadro representado en el sublime palacio veneciano del dux , en sus diversas versiones, se cruza con el desarrollo por Verdi del melodrama hom\u00f3nimo, <strong>inspirado tambi\u00e9n en la tragedia de<\/strong> <strong>Byron<\/strong> (1821), en un estrecho intercambio de influencias y sugerencias rec\u00edprocas.<\/p>\n\n\n<div class=\"wp-block-image\">\n<figure class=\"aligncenter size-full\"><img loading=\"lazy\" decoding=\"async\" width=\"637\" height=\"460\" src=\"https:\/\/www.aparences.net\/wp-content\/uploads\/2024\/08\/francesco-hayez-la-derniere-entrevue-de-jacopo-foscari-1840.jpg\" alt=\"\u00daltimo encuentro de Jacopo Foscari, 1838-1840, Francesco Hayez\" class=\"wp-image-32477\" title=\"\u00daltimo encuentro de Jacopo Foscari, 1838-1840, Francesco Hayez\"\/><figcaption class=\"wp-element-caption\"><em><strong>\u00daltimo encuentro de Jacopo Foscari<\/strong> con su familia antes de partir hacia el exilio al que hab\u00eda sido condenado, 1838-1840, <strong>Francesco Hayez<\/strong>, Mil\u00e1n, Fondazione Cariplo.<\/em><\/figcaption><\/figure>\n<\/div>\n\n\n<p>El famoso cuadro de Hayez <em><strong>Los \u00faltimos momentos del dux Marin Faliero<\/strong><\/em>, pintado en 1867, se inspira en la historia del dux condenado por alta traici\u00f3n, <strong>mencionada tambi\u00e9n por <\/strong><a href=\"https:\/\/historia.nationalgeographic.com.es\/a\/lord-byron-el-poeta-del-romanticismo-que-quiso-liberar-grecia_7626\" data-type=\"link\" data-id=\"https:\/\/historia.nationalgeographic.com.es\/a\/lord-byron-el-poeta-del-romanticismo-que-quiso-liberar-grecia_7626\">Lord Byron<\/a><strong> en 1821<\/strong>. En su \u00faltimo cuadro hist\u00f3rico, Hayez utiliz\u00f3 la gran escalera de honor del Palacio Ducal como centro de la composici\u00f3n, un verdadero dispositivo \u00abesc\u00e9nico\u00bb que centra toda la atenci\u00f3n en la figura del protagonista, cuyos rasgos son los del propio pintor, confiriendo al cuadro el valor de testamento art\u00edstico.<\/p>\n\n\n<div class=\"wp-block-image\">\n<figure class=\"aligncenter size-full\"><img loading=\"lazy\" decoding=\"async\" width=\"596\" height=\"460\" src=\"https:\/\/www.aparences.net\/wp-content\/uploads\/2024\/08\/francesco-hayez-derniers-moments-du-dogue-1867.webp\" alt=\"\u00daltimos momentos del dux Faliero, 1867, Francesco Hayez \" class=\"wp-image-32451\" title=\"\u00daltimos momentos del dux Faliero, 1867, Francesco Hayez \"\/><figcaption class=\"wp-element-caption\"><em><strong>Los \u00faltimos momentos del dux<\/strong> Marin Faliero, detalle, 1867, <strong>Francesco Hayez <\/strong><\/em><br><em>Mil\u00e1n, Pinacoteca di Brera.<\/em><\/figcaption><\/figure>\n<\/div>\n\n\n<p>Francesco Hayez parece encarnar as\u00ed las pasiones de los <strong>protagonistas de la historia italiana moderna, entre el final de la Edad Media y el Renacimiento<\/strong>, como sugiere en una serie de ensayos el m\u00e1ximo exponente de la cr\u00edtica rom\u00e1ntica, Defendente Sacchi. Afirmando que la literatura y las artes figurativas deben estar animadas por una \u00abpasi\u00f3n civil\u00bb, Sacchi celebra a Hayez como el principal int\u00e9rprete de esta tendencia espec\u00edficamente rom\u00e1ntica en estos t\u00e9rminos: \u00abToc\u00f3 la verdadera pintura de historia en varios lienzos en los que expone la desgracia del conde de Carmagnola, en prisi\u00f3n o escuchando su sentencia de muerte, o despidi\u00e9ndose de su acongojada familia. En estas escenas, expresa no s\u00f3lo la riqueza de los sentimientos familiares y amistosos, la penitencia de los enemigos o la dignidad del generoso capit\u00e1n, sino tambi\u00e9n el car\u00e1cter ambiguo y orgulloso de los nobles venecianos\u00bb. Si con <em>Pedro el Ermita\u00f1o<\/em> Hayez capta el entusiasmo de los misioneros de otra \u00e9poca, en obras como <em>La conjura de Fiesque<\/em> y <em><strong>Las v\u00edsperas sicilianas<\/strong><\/em> capta tanto el orgullo de los genoveses como la indignaci\u00f3n de los sicilianos ante la audacia imp\u00fadica de los extranjeros. Tales personajes se encuentran tambi\u00e9n en un episodio de <a href=\"https:\/\/www.aparences.net\/es\/tematicos\/la-pintura-al-encuentro-de-tasso\/\" data-type=\"link\" data-id=\"https:\/\/www.aparences.net\/es\/tematicos\/la-pintura-al-encuentro-de-tasso\/\">El Tasso<\/a> y en la muerte de Mar\u00eda Estuardo.<\/p>\n\n\n\n<h2 class=\"wp-block-heading\">Tragedia y teatro rom\u00e1ntico<\/h2>\n\n\n\n<p>Junto a las grandes obras maestras de la pintura civil, <strong>Francesco Hayez<\/strong> realiza una serie de cuadros sobre temas narrativos populares, destinados a una gran popularidad entre el p\u00fablico contempor\u00e1neo, en los que aparecen temas comunes a la literatura y al teatro rom\u00e1nticos, particularmente significativos para analizar la relaci\u00f3n entre la pintura de Hayez y el melodrama. Adem\u00e1s de obras famosas como <em>El \u00faltimo beso de Romeo a Julieta<\/em> (1823), <em>Imelda de Lambertazzi<\/em> (1853) y los cinco cuadros dedicados a la historia de Mar\u00eda Estuardo, reina de Escocia, <em><strong>Caterina Cornaro recibiendo la noticia de su destituci\u00f3n como reina de Chipre<\/strong><\/em>, presentado en Brera en 1842, tambi\u00e9n pertenece a esta serie. Inspirada en la tragedia l\u00edrica, en un pr\u00f3logo y dos actos, con libreto de Giacomo Sacch\u00e8ro, cuenta la historia de la reina de Chipre depuesta y relegada al castillo de Asolo, tuvo un gran \u00e9xito esc\u00e9nico y fue musicada por Fromental Hal\u00e9vy, Donizetti y Pacini. Se represent\u00f3 por primera vez en N\u00e1poles, en el Teatro San Carlo, el 12 de enero de 1944. La proximidad de los dos lenguajes queda subrayada por <strong>el enfoque teatral adoptado por Hayez<\/strong> en las poses, los encuadres y la iluminaci\u00f3n, que resalta con la violencia de un foco esc\u00e9nico, la figura de la protagonista y la descripci\u00f3n del traje, dejando el rostro en penumbra.<\/p>\n\n\n<div class=\"wp-block-image\">\n<figure class=\"aligncenter size-full\"><img loading=\"lazy\" decoding=\"async\" width=\"583\" height=\"460\" src=\"https:\/\/www.aparences.net\/wp-content\/uploads\/2024\/08\/francesco-hayez-caterina-cornaro-1842.jpg\" alt=\"Caterina Cornaro recibiendo la noticia de su destituci\u00f3n, 1842, Francesco Hayez\" class=\"wp-image-32467\" title=\"Caterina Cornaro recibiendo la noticia de su destituci\u00f3n, 1842, Francesco Hayez\"\/><figcaption class=\"wp-element-caption\"><em><strong>Caterina Cornaro<\/strong> recibiendo la noticia de su destituci\u00f3n como reina de Chipre, 1842, <strong>Francesco Hayez<\/strong>, B\u00e9rgamo, Accademia Carrara.<\/em><\/figcaption><\/figure>\n<\/div>\n\n\n<p>El v\u00ednculo con el teatro, lejos de disolverse, sigue caracterizando la obra de Francesco Hayez de manera ineludible; transpuesto a una narrativa m\u00e1s \u00edntima, adopta la forma de un romance apasionado. De hecho, fue un romance compuesto por su amigo Andrea Maffei el que acompa\u00f1\u00f3 la producci\u00f3n del cuadro <em><strong>El Consejo de la Venganza<\/strong><\/em>, evocando el tema de la venganza por amor. El cuadro representa a la delatora Raquel, oculta bajo una m\u00e1scara negra, mientras sugiere a Mar\u00eda que denuncie a su amante.<\/p>\n\n\n<div class=\"wp-block-image\">\n<figure class=\"aligncenter size-full\"><img loading=\"lazy\" decoding=\"async\" width=\"671\" height=\"460\" src=\"https:\/\/www.aparences.net\/wp-content\/uploads\/2024\/08\/francesco-hayez-le-conseil-a-la-vengeance-1851.webp\" alt=\"El Consejo de la Venganza, 1851, Francesco Hayez\" class=\"wp-image-32455\" title=\"El Consejo de la Venganza, 1851, Francesco Hayez\"\/><figcaption class=\"wp-element-caption\"><em><strong>El Consejo de la Venganza<\/strong>, 1851, <strong>Francesco Hayez<\/strong>, Viena, Museo de Liechtenstein.<\/em><\/figcaption><\/figure>\n<\/div>\n\n\n<p>La continuaci\u00f3n de <em>El Consejo de la Venganza<\/em> es el siguiente cuadro <em><strong>Acusaci\u00f3n secreta<\/strong><\/em> (1847-1848), que muestra a la joven veneciana depositando su carta de denuncia en la boca del le\u00f3n. Trasladada de un escenario de gran tragedia civil al tel\u00f3n de fondo de un drama amoroso, Venecia, captada bajo la luz fr\u00eda y transparente de la ma\u00f1ana, sigue viviendo en la obra de Hayez (y posteriormente en el imaginario del <a href=\"https:\/\/www.portaluniciso.com\/info\/DECA.pdf\" data-type=\"link\" data-id=\"https:\/\/www.portaluniciso.com\/info\/DECA.pdf\">decadentismo<\/a>) como el lugar ideal para una imagen que conf\u00eda su poder de fascinaci\u00f3n a una teatralidad sutil y ambigua.<\/p>\n\n\n<div class=\"wp-block-image\">\n<figure class=\"aligncenter size-full is-resized\"><img loading=\"lazy\" decoding=\"async\" width=\"355\" height=\"460\" src=\"https:\/\/www.aparences.net\/wp-content\/uploads\/2024\/08\/francesco-hayez-accusation-secrete-1847-1848-1.webp\" alt=\"Acusaci\u00f3n secreta,1847-1848, Francesco Hayez\" class=\"wp-image-32457\" style=\"width:355px;height:auto\" title=\"Acusaci\u00f3n secreta,1847-1848, Francesco Hayez\"\/><figcaption class=\"wp-element-caption\"><em><strong>Acusaci\u00f3n secreta<\/strong>,1847-1848, <strong>Francesco Hayez<\/strong>, <br>Pav\u00eda, Civica Pinacoteca Malaspina.<\/em><\/figcaption><\/figure>\n<\/div>\n\n\n<!-- AdBoxLeft2023 --><ins class=\"adsbygoogle\" style=\"display:block\" data-ad-client=\"ca-pub-2468002815867636\" data-ad-slot=\"1318022963\" data-ad-format=\"auto\" data-full-width-responsive=\"true\"><\/ins><script> (adsbygoogle = window.adsbygoogle || []).push({});<\/script><h2 class=\"wp-block-heading\">Hayez, el pintor de los besos<\/h2>\n\n\n\n<p>En 1823, <strong>Francesco Hayez<\/strong> present\u00f3 en la exposici\u00f3n anual de Brera dos cuadros relacionados con la historia de Julieta y Romeo: <em>Las bodas de Romeo y Julieta<\/em> y <em>El \u00faltimo beso de Romeo y Julieta<\/em>, ambas encargadas por famosos coleccionistas, tuvieron un notable \u00e9xito, como demuestran las entusiastas cr\u00edticas aparecidas en los peri\u00f3dicos locales y el gran n\u00famero de reproducciones (especialmente de El \u00faltimo beso) realizadas en diversos soportes, como grabados, miniaturas y camafeos. Hayez se inspir\u00f3 en la famosa obra de Shakespeare y en la <em><em>Novella novamente ritrovata di due nobili amanti<\/em><\/em> de <strong>Luigi Da Porto<\/strong> (c. 1531), que conten\u00eda la historia de Romeo y Julieta y hab\u00eda inspirado a su vez la versi\u00f3n de<strong> <\/strong><a href=\"https:\/\/www.aparences.net\/es\/tematicos\/shakespeare-la-pintura-y-el-teatro\/\" data-type=\"link\" data-id=\"https:\/\/www.aparences.net\/es\/tematicos\/shakespeare-la-pintura-y-el-teatro\/\">Shakespeare para el teatro<\/a>, m\u00e1s conocida. Los dos cuadros marcan un punto de inflexi\u00f3n, afirmando el auge de un nuevo gusto rom\u00e1ntico que favorec\u00eda los temas extra\u00eddos de los <strong>acontecimientos y leyendas de la Edad Media<\/strong> y el <strong>Renacimiento<\/strong>. Estos nuevos temas de moda sustituyeron a los de la <a href=\"https:\/\/www.aparences.net\/es\/tematicos\/mitologia-y-pintura\/\" data-type=\"link\" data-id=\"https:\/\/www.aparences.net\/es\/tematicos\/mitologia-y-pintura\/\">Antig\u00fcedad cl\u00e1sica<\/a> que hab\u00edan dominado el imaginario del <a href=\"https:\/\/www.aparences.net\/es\/periodos\/neoclasicismo\/el-estilo-neoclasico\/\" data-type=\"link\" data-id=\"https:\/\/www.aparences.net\/es\/periodos\/neoclasicismo\/el-estilo-neoclasico\/\">periodo neocl\u00e1sico<\/a> inmediatamente anterior.<\/p>\n\n\n<div class=\"wp-block-image\">\n<figure class=\"aligncenter size-full\"><img loading=\"lazy\" decoding=\"async\" width=\"588\" height=\"459\" src=\"https:\/\/www.aparences.net\/wp-content\/uploads\/2024\/08\/francesco-hayez-le-mariage-de-romeo-et-juliette-1823.webp\" alt=\"Las bodas de Romeo y Julieta, 1823, Francesco Hayez\" class=\"wp-image-32459\" title=\"Las bodas de Romeo y Julieta, 1823, Franesco Hayez\"\/><figcaption class=\"wp-element-caption\"><em><strong>Las bodas de Romeo y Julieta<\/strong>, 1823, <strong>Francesco Hayez<\/strong>, Colecci\u00f3n particular.<\/em><\/figcaption><\/figure>\n<\/div>\n\n<div class=\"wp-block-image\">\n<figure class=\"aligncenter size-full\"><img loading=\"lazy\" decoding=\"async\" width=\"588\" height=\"464\" src=\"https:\/\/www.aparences.net\/wp-content\/uploads\/2024\/08\/francescohayez-le-dernier-baiser-de-romeo-a-juliette-1823.webp\" alt=\"El \u00faltimo beso de Romeo a Julieta 1823, Francesco Hayez\" class=\"wp-image-32461\" title=\"El \u00faltimo beso de Romeo a Julieta 1823, Francesco Hayez\"\/><figcaption class=\"wp-element-caption\"><em><strong>El \u00faltimo beso<\/strong> de Romeo a Julieta 1823, <strong>Francesco Hayez<\/strong>, Tremezzo, Villa Carlotta.<\/em><\/figcaption><\/figure>\n<\/div>\n\n\n<p><strong>Francesco Hayez retom\u00f3 varias veces la historia de Julieta y Romeo<\/strong> en las d\u00e9cadas de 1820 y 1830: se conservan al menos otras cinco versiones de El \u00faltimo beso y otras dos de Las bodas. Adem\u00e1s, Hayez eligi\u00f3 representar un momento menos conocido de la historia de los amantes narrada en la novela de Da Porto: el momento en que Julieta se despide de su nodriza con un \u00faltimo beso, justo antes de beber el elixir fatal que pone fin a su joven vida. La relaci\u00f3n entre este cuadro y <em>El \u00faltimo beso<\/em> es evidente en el hecho de que <strong>Hayez utiliz\u00f3 la misma modelo<\/strong>, Carolina Zucchi, quien fue durante a\u00f1os amante del artista, para el personaje de Julieta. Hayez opt\u00f3 por representarla con gran naturalismo y un alto grado de sensualidad, alej\u00e1ndose una vez m\u00e1s del fr\u00edo clasicismo imperante en la \u00e9poca anterior a la suya. Se conocen dos versiones de este tema. La primera se public\u00f3 en una monograf\u00eda del historiador Giorgio Nicodemi en 1962, pero fue Fernando Mazzocca quien reconoci\u00f3 el tema en el cat\u00e1logo razonado del pintor. En 2002, Mazzoca descubri\u00f3 esta obra en una colecci\u00f3n privada y se\u00f1al\u00f3 que deb\u00eda considerarse un estudio preliminar para la versi\u00f3n sobre lienzo.<\/p>\n\n\n<div class=\"wp-block-image\">\n<figure class=\"aligncenter size-full\"><img loading=\"lazy\" decoding=\"async\" width=\"650\" height=\"293\" src=\"https:\/\/www.aparences.net\/wp-content\/uploads\/2024\/08\/francesco-hayez-baisers.webp\" alt=\"Julieta se despide de su nodriza; El \u00faltimo beso de Romeo a Julieta, 1823, Francesco Hayez\" class=\"wp-image-32463\" title=\"Julieta se despide de su nodriza; El \u00faltimo beso de Romeo a Julieta, 1823, Francesco Hayez\"\/><figcaption class=\"wp-element-caption\"><em>Julieta se despide de su nodriza; El \u00faltimo beso de Romeo a Julieta, 1823, Francesco Hayez.<\/em><\/figcaption><\/figure>\n<\/div>\n\n<div class=\"wp-block-image\">\n<figure class=\"aligncenter size-full\"><img loading=\"lazy\" decoding=\"async\" width=\"379\" height=\"460\" src=\"https:\/\/www.aparences.net\/wp-content\/uploads\/2024\/08\/francesco-hayez-il-baccio-1859.webp\" alt=\"El beso, 1859, Francesco Hayez\" class=\"wp-image-32465\" title=\"El beso, 1859, Francesco Hayez\"\/><figcaption class=\"wp-element-caption\"><em><strong>El beso<\/strong>, 1859, <strong>Francesco Hayez<\/strong>, <\/em><br><em>Mil\u00e1n, Pinacoteca di Brera.<\/em><\/figcaption><\/figure>\n<\/div>\n\n\n<p>Se suele decir que <strong>Francesco Hayez<\/strong> fue el pintor de los besos, desde <em>El \u00faltimo beso<\/em> de sus a\u00f1os de juventud hasta las tres versiones de su beso m\u00e1s famoso, pintado hacia 1859. En efecto, se trata de sus obras m\u00e1s famosas y de las im\u00e1genes de besos m\u00e1s emblem\u00e1ticas del siglo XIX. La franca sensualidad con la que impregn\u00f3 estas im\u00e1genes -como ocurre ciertamente en la presente obra, con sus dimensiones \u00edntimas y su apretado encuadre en torno a los rostros de las dos mujeres- <strong>recuerda a Canova<\/strong>, cuya <em><strong>Psique resucitada por el beso de Cupido<\/strong><\/em> (1793, Museo del Louvre, Par\u00eds) debi\u00f3 de proporcionar a Hayez un modelo adecuado para sus propias im\u00e1genes evocadoras de besos.<\/p>\n","protected":false},"excerpt":{"rendered":"<p>La obra de Hayez recorre las etapas de la historia italiana.<\/p>\n","protected":false},"author":2,"featured_media":32602,"comment_status":"closed","ping_status":"closed","sticky":false,"template":"","format":"standard","meta":{"footnotes":""},"categories":[2924],"tags":[],"class_list":["post-32608","post","type-post","status-publish","format-standard","has-post-thumbnail","hentry","category-romanticismo"],"yoast_head":"<!-- This site is optimized with the Yoast SEO plugin v27.2 - https:\/\/yoast.com\/product\/yoast-seo-wordpress\/ -->\n<title>Francesco Hayez: El romanticismo hist\u00f3rico<\/title>\n<meta name=\"description\" content=\"La obra de Hayez recorre las etapas de la historia italiana.\" \/>\n<meta name=\"robots\" content=\"index, follow, max-snippet:-1, max-image-preview:large, max-video-preview:-1\" \/>\n<link rel=\"canonical\" href=\"https:\/\/www.aparences.net\/es\/periodos\/romanticismo\/francesco-hayez-el-romanticismo-historico\/\" \/>\n<meta property=\"og:locale\" content=\"es_ES\" \/>\n<meta property=\"og:type\" content=\"article\" \/>\n<meta property=\"og:title\" content=\"Francesco Hayez: El romanticismo hist\u00f3rico\" \/>\n<meta property=\"og:description\" content=\"La obra de Hayez recorre las etapas de la historia italiana.\" \/>\n<meta property=\"og:url\" content=\"https:\/\/www.aparences.net\/es\/periodos\/romanticismo\/francesco-hayez-el-romanticismo-historico\/\" \/>\n<meta property=\"og:site_name\" content=\"Aparences\" \/>\n<meta property=\"article:published_time\" content=\"2024-10-19T09:44:23+00:00\" \/>\n<meta property=\"article:modified_time\" content=\"2025-12-11T18:40:55+00:00\" \/>\n<meta property=\"og:image\" content=\"https:\/\/www.aparences.net\/wp-content\/uploads\/2024\/10\/francesco-hayez.webp\" \/>\n\t<meta property=\"og:image:width\" content=\"1080\" \/>\n\t<meta property=\"og:image:height\" content=\"540\" \/>\n\t<meta property=\"og:image:type\" content=\"image\/webp\" \/>\n<meta name=\"author\" content=\"admin\" \/>\n<meta name=\"twitter:card\" content=\"summary_large_image\" \/>\n<meta name=\"twitter:label1\" content=\"Escrito por\" \/>\n\t<meta name=\"twitter:data1\" content=\"admin\" \/>\n\t<meta name=\"twitter:label2\" content=\"Tiempo de lectura\" \/>\n\t<meta name=\"twitter:data2\" content=\"15 minutos\" \/>\n<script type=\"application\/ld+json\" class=\"yoast-schema-graph\">{\"@context\":\"https:\/\/schema.org\",\"@graph\":[{\"@type\":\"Article\",\"@id\":\"https:\/\/www.aparences.net\/es\/periodos\/romanticismo\/francesco-hayez-el-romanticismo-historico\/#article\",\"isPartOf\":{\"@id\":\"https:\/\/www.aparences.net\/es\/periodos\/romanticismo\/francesco-hayez-el-romanticismo-historico\/\"},\"author\":{\"name\":\"admin\",\"@id\":\"https:\/\/www.aparences.net\/es\/#\/schema\/person\/af349f6ffc31b16c68963e61268afca5\"},\"headline\":\"Francesco Hayez: El romanticismo hist\u00f3rico\",\"datePublished\":\"2024-10-19T09:44:23+00:00\",\"dateModified\":\"2025-12-11T18:40:55+00:00\",\"mainEntityOfPage\":{\"@id\":\"https:\/\/www.aparences.net\/es\/periodos\/romanticismo\/francesco-hayez-el-romanticismo-historico\/\"},\"wordCount\":2630,\"publisher\":{\"@id\":\"https:\/\/www.aparences.net\/es\/#organization\"},\"image\":{\"@id\":\"https:\/\/www.aparences.net\/es\/periodos\/romanticismo\/francesco-hayez-el-romanticismo-historico\/#primaryimage\"},\"thumbnailUrl\":\"https:\/\/www.aparences.net\/wp-content\/uploads\/2024\/10\/francesco-hayez.webp\",\"articleSection\":[\"Romanticismo\"],\"inLanguage\":\"es\"},{\"@type\":[\"WebPage\",\"ItemPage\"],\"@id\":\"https:\/\/www.aparences.net\/es\/periodos\/romanticismo\/francesco-hayez-el-romanticismo-historico\/\",\"url\":\"https:\/\/www.aparences.net\/es\/periodos\/romanticismo\/francesco-hayez-el-romanticismo-historico\/\",\"name\":\"Francesco Hayez: El romanticismo hist\u00f3rico\",\"isPartOf\":{\"@id\":\"https:\/\/www.aparences.net\/es\/#website\"},\"primaryImageOfPage\":{\"@id\":\"https:\/\/www.aparences.net\/es\/periodos\/romanticismo\/francesco-hayez-el-romanticismo-historico\/#primaryimage\"},\"image\":{\"@id\":\"https:\/\/www.aparences.net\/es\/periodos\/romanticismo\/francesco-hayez-el-romanticismo-historico\/#primaryimage\"},\"thumbnailUrl\":\"https:\/\/www.aparences.net\/wp-content\/uploads\/2024\/10\/francesco-hayez.webp\",\"datePublished\":\"2024-10-19T09:44:23+00:00\",\"dateModified\":\"2025-12-11T18:40:55+00:00\",\"description\":\"La obra de Hayez recorre las etapas de la historia italiana.\",\"breadcrumb\":{\"@id\":\"https:\/\/www.aparences.net\/es\/periodos\/romanticismo\/francesco-hayez-el-romanticismo-historico\/#breadcrumb\"},\"inLanguage\":\"es\",\"potentialAction\":[{\"@type\":\"ReadAction\",\"target\":[\"https:\/\/www.aparences.net\/es\/periodos\/romanticismo\/francesco-hayez-el-romanticismo-historico\/\"]}]},{\"@type\":\"ImageObject\",\"inLanguage\":\"es\",\"@id\":\"https:\/\/www.aparences.net\/es\/periodos\/romanticismo\/francesco-hayez-el-romanticismo-historico\/#primaryimage\",\"url\":\"https:\/\/www.aparences.net\/wp-content\/uploads\/2024\/10\/francesco-hayez.webp\",\"contentUrl\":\"https:\/\/www.aparences.net\/wp-content\/uploads\/2024\/10\/francesco-hayez.webp\",\"width\":1080,\"height\":540},{\"@type\":\"BreadcrumbList\",\"@id\":\"https:\/\/www.aparences.net\/es\/periodos\/romanticismo\/francesco-hayez-el-romanticismo-historico\/#breadcrumb\",\"itemListElement\":[{\"@type\":\"ListItem\",\"position\":1,\"name\":\"Portada\",\"item\":\"https:\/\/www.aparences.net\/es\/\"},{\"@type\":\"ListItem\",\"position\":2,\"name\":\"Francesco Hayez: El romanticismo hist\u00f3rico\"}]},{\"@type\":\"WebSite\",\"@id\":\"https:\/\/www.aparences.net\/es\/#website\",\"url\":\"https:\/\/www.aparences.net\/es\/\",\"name\":\"Aparences: Historia del Arte y Actualidad Cultural\",\"description\":\"\",\"publisher\":{\"@id\":\"https:\/\/www.aparences.net\/es\/#organization\"},\"potentialAction\":[{\"@type\":\"SearchAction\",\"target\":{\"@type\":\"EntryPoint\",\"urlTemplate\":\"https:\/\/www.aparences.net\/es\/?s={search_term_string}\"},\"query-input\":{\"@type\":\"PropertyValueSpecification\",\"valueRequired\":true,\"valueName\":\"search_term_string\"}}],\"inLanguage\":\"es\"},{\"@type\":\"Organization\",\"@id\":\"https:\/\/www.aparences.net\/es\/#organization\",\"name\":\"Aparences: Historia del Arte y Actualidad Cultural\",\"url\":\"https:\/\/www.aparences.net\/es\/\",\"logo\":{\"@type\":\"ImageObject\",\"inLanguage\":\"es\",\"@id\":\"https:\/\/www.aparences.net\/es\/#\/schema\/logo\/image\/\",\"url\":\"https:\/\/www.aparences.net\/wp-content\/uploads\/2023\/09\/logo-quadrat-color-e1695915315229.png\",\"contentUrl\":\"https:\/\/www.aparences.net\/wp-content\/uploads\/2023\/09\/logo-quadrat-color-e1695915315229.png\",\"width\":120,\"height\":120,\"caption\":\"Aparences: Historia del Arte y Actualidad Cultural\"},\"image\":{\"@id\":\"https:\/\/www.aparences.net\/es\/#\/schema\/logo\/image\/\"}},{\"@type\":\"Person\",\"@id\":\"https:\/\/www.aparences.net\/es\/#\/schema\/person\/af349f6ffc31b16c68963e61268afca5\",\"name\":\"admin\",\"url\":\"https:\/\/www.aparences.net\/es\/author\/admin\/\"}]}<\/script>\n<!-- \/ Yoast SEO plugin. -->","yoast_head_json":{"title":"Francesco Hayez: El romanticismo hist\u00f3rico","description":"La obra de Hayez recorre las etapas de la historia italiana.","robots":{"index":"index","follow":"follow","max-snippet":"max-snippet:-1","max-image-preview":"max-image-preview:large","max-video-preview":"max-video-preview:-1"},"canonical":"https:\/\/www.aparences.net\/es\/periodos\/romanticismo\/francesco-hayez-el-romanticismo-historico\/","og_locale":"es_ES","og_type":"article","og_title":"Francesco Hayez: El romanticismo hist\u00f3rico","og_description":"La obra de Hayez recorre las etapas de la historia italiana.","og_url":"https:\/\/www.aparences.net\/es\/periodos\/romanticismo\/francesco-hayez-el-romanticismo-historico\/","og_site_name":"Aparences","article_published_time":"2024-10-19T09:44:23+00:00","article_modified_time":"2025-12-11T18:40:55+00:00","og_image":[{"width":1080,"height":540,"url":"https:\/\/www.aparences.net\/wp-content\/uploads\/2024\/10\/francesco-hayez.webp","type":"image\/webp"}],"author":"admin","twitter_card":"summary_large_image","twitter_misc":{"Escrito por":"admin","Tiempo de lectura":"15 minutos"},"schema":{"@context":"https:\/\/schema.org","@graph":[{"@type":"Article","@id":"https:\/\/www.aparences.net\/es\/periodos\/romanticismo\/francesco-hayez-el-romanticismo-historico\/#article","isPartOf":{"@id":"https:\/\/www.aparences.net\/es\/periodos\/romanticismo\/francesco-hayez-el-romanticismo-historico\/"},"author":{"name":"admin","@id":"https:\/\/www.aparences.net\/es\/#\/schema\/person\/af349f6ffc31b16c68963e61268afca5"},"headline":"Francesco Hayez: El romanticismo hist\u00f3rico","datePublished":"2024-10-19T09:44:23+00:00","dateModified":"2025-12-11T18:40:55+00:00","mainEntityOfPage":{"@id":"https:\/\/www.aparences.net\/es\/periodos\/romanticismo\/francesco-hayez-el-romanticismo-historico\/"},"wordCount":2630,"publisher":{"@id":"https:\/\/www.aparences.net\/es\/#organization"},"image":{"@id":"https:\/\/www.aparences.net\/es\/periodos\/romanticismo\/francesco-hayez-el-romanticismo-historico\/#primaryimage"},"thumbnailUrl":"https:\/\/www.aparences.net\/wp-content\/uploads\/2024\/10\/francesco-hayez.webp","articleSection":["Romanticismo"],"inLanguage":"es"},{"@type":["WebPage","ItemPage"],"@id":"https:\/\/www.aparences.net\/es\/periodos\/romanticismo\/francesco-hayez-el-romanticismo-historico\/","url":"https:\/\/www.aparences.net\/es\/periodos\/romanticismo\/francesco-hayez-el-romanticismo-historico\/","name":"Francesco Hayez: El romanticismo hist\u00f3rico","isPartOf":{"@id":"https:\/\/www.aparences.net\/es\/#website"},"primaryImageOfPage":{"@id":"https:\/\/www.aparences.net\/es\/periodos\/romanticismo\/francesco-hayez-el-romanticismo-historico\/#primaryimage"},"image":{"@id":"https:\/\/www.aparences.net\/es\/periodos\/romanticismo\/francesco-hayez-el-romanticismo-historico\/#primaryimage"},"thumbnailUrl":"https:\/\/www.aparences.net\/wp-content\/uploads\/2024\/10\/francesco-hayez.webp","datePublished":"2024-10-19T09:44:23+00:00","dateModified":"2025-12-11T18:40:55+00:00","description":"La obra de Hayez recorre las etapas de la historia italiana.","breadcrumb":{"@id":"https:\/\/www.aparences.net\/es\/periodos\/romanticismo\/francesco-hayez-el-romanticismo-historico\/#breadcrumb"},"inLanguage":"es","potentialAction":[{"@type":"ReadAction","target":["https:\/\/www.aparences.net\/es\/periodos\/romanticismo\/francesco-hayez-el-romanticismo-historico\/"]}]},{"@type":"ImageObject","inLanguage":"es","@id":"https:\/\/www.aparences.net\/es\/periodos\/romanticismo\/francesco-hayez-el-romanticismo-historico\/#primaryimage","url":"https:\/\/www.aparences.net\/wp-content\/uploads\/2024\/10\/francesco-hayez.webp","contentUrl":"https:\/\/www.aparences.net\/wp-content\/uploads\/2024\/10\/francesco-hayez.webp","width":1080,"height":540},{"@type":"BreadcrumbList","@id":"https:\/\/www.aparences.net\/es\/periodos\/romanticismo\/francesco-hayez-el-romanticismo-historico\/#breadcrumb","itemListElement":[{"@type":"ListItem","position":1,"name":"Portada","item":"https:\/\/www.aparences.net\/es\/"},{"@type":"ListItem","position":2,"name":"Francesco Hayez: El romanticismo hist\u00f3rico"}]},{"@type":"WebSite","@id":"https:\/\/www.aparences.net\/es\/#website","url":"https:\/\/www.aparences.net\/es\/","name":"Aparences: Historia del Arte y Actualidad Cultural","description":"","publisher":{"@id":"https:\/\/www.aparences.net\/es\/#organization"},"potentialAction":[{"@type":"SearchAction","target":{"@type":"EntryPoint","urlTemplate":"https:\/\/www.aparences.net\/es\/?s={search_term_string}"},"query-input":{"@type":"PropertyValueSpecification","valueRequired":true,"valueName":"search_term_string"}}],"inLanguage":"es"},{"@type":"Organization","@id":"https:\/\/www.aparences.net\/es\/#organization","name":"Aparences: Historia del Arte y Actualidad Cultural","url":"https:\/\/www.aparences.net\/es\/","logo":{"@type":"ImageObject","inLanguage":"es","@id":"https:\/\/www.aparences.net\/es\/#\/schema\/logo\/image\/","url":"https:\/\/www.aparences.net\/wp-content\/uploads\/2023\/09\/logo-quadrat-color-e1695915315229.png","contentUrl":"https:\/\/www.aparences.net\/wp-content\/uploads\/2023\/09\/logo-quadrat-color-e1695915315229.png","width":120,"height":120,"caption":"Aparences: Historia del Arte y Actualidad Cultural"},"image":{"@id":"https:\/\/www.aparences.net\/es\/#\/schema\/logo\/image\/"}},{"@type":"Person","@id":"https:\/\/www.aparences.net\/es\/#\/schema\/person\/af349f6ffc31b16c68963e61268afca5","name":"admin","url":"https:\/\/www.aparences.net\/es\/author\/admin\/"}]}},"_links":{"self":[{"href":"https:\/\/www.aparences.net\/es\/wp-json\/wp\/v2\/posts\/32608","targetHints":{"allow":["GET"]}}],"collection":[{"href":"https:\/\/www.aparences.net\/es\/wp-json\/wp\/v2\/posts"}],"about":[{"href":"https:\/\/www.aparences.net\/es\/wp-json\/wp\/v2\/types\/post"}],"author":[{"embeddable":true,"href":"https:\/\/www.aparences.net\/es\/wp-json\/wp\/v2\/users\/2"}],"replies":[{"embeddable":true,"href":"https:\/\/www.aparences.net\/es\/wp-json\/wp\/v2\/comments?post=32608"}],"version-history":[{"count":0,"href":"https:\/\/www.aparences.net\/es\/wp-json\/wp\/v2\/posts\/32608\/revisions"}],"wp:featuredmedia":[{"embeddable":true,"href":"https:\/\/www.aparences.net\/es\/wp-json\/wp\/v2\/media\/32602"}],"wp:attachment":[{"href":"https:\/\/www.aparences.net\/es\/wp-json\/wp\/v2\/media?parent=32608"}],"wp:term":[{"taxonomy":"category","embeddable":true,"href":"https:\/\/www.aparences.net\/es\/wp-json\/wp\/v2\/categories?post=32608"},{"taxonomy":"post_tag","embeddable":true,"href":"https:\/\/www.aparences.net\/es\/wp-json\/wp\/v2\/tags?post=32608"}],"curies":[{"name":"wp","href":"https:\/\/api.w.org\/{rel}","templated":true}]}}