{"id":32622,"date":"2024-11-01T12:00:33","date_gmt":"2024-11-01T11:00:33","guid":{"rendered":"https:\/\/www.aparences.net\/?p=32622"},"modified":"2024-11-01T12:00:37","modified_gmt":"2024-11-01T11:00:37","slug":"jackson-pollock-los-primeros-anos","status":"publish","type":"post","link":"https:\/\/www.aparences.net\/es\/actualidad\/jackson-pollock-los-primeros-anos\/","title":{"rendered":"Jackson Pollock: los primeros a\u00f1os"},"content":{"rendered":"\n<p>La exposici\u00f3n <em>Jackson Pollock: Los primeros a\u00f1os (1934-1947)<\/em>, del museo Picasso de Par\u00eds, investiga los inicios de la carrera de Jackson Pollock (1912-1956), marcada por la influencia del <a href=\"https:\/\/www.aparences.net\/es\/periodos\/regionalismo-americano\/el-movimiento-regionalista\/\">regionalismo<\/a> y de los <a href=\"https:\/\/www.aparences.net\/es\/tematicos\/muralistas-americanos-y-realismo-socialista\/#jos%C3%A9-clemente-orozco-en-la-baker-library\">muralistas mexicanos<\/a> hasta sus primeros <em>drippings<\/em> en 1947. Este conjunto de obras, raramente expuesto, da testimonio de las diversas fuentes que nutrieron la investigaci\u00f3n del joven artista, combinando la influencia de las artes aut\u00f3ctonas americanas con la de las <a href=\"https:\/\/www.aparences.net\/es\/periodos\/arte-moderno\/\">vanguardias europeas<\/a>, entre las que figura Pablo Picasso. Comparado por la cr\u00edtica con el pintor espa\u00f1ol y con los grandes nombres de la pintura europea, Pollock se erigi\u00f3 r\u00e1pidamente en un aut\u00e9ntico monumento de la pintura americana, y al hacerlo qued\u00f3 aislado de las redes m\u00e1s complejas de intercambios de influencias que nutrieron su obra durante sus a\u00f1os neoyorquinos. El objetivo de la exposici\u00f3n es presentar en detalle estos a\u00f1os, que fueron el laboratorio de su obra, restituyendo el contexto art\u00edstico e intelectual del que ambos se nutrieron. La exposici\u00f3n se estructura en torno a varios momentos clave en el desarrollo art\u00edstico e intelectual del joven Pollock durante estos a\u00f1os de experimentaci\u00f3n. Al recurrir a varias figuras clave de su trayectoria art\u00edstica (Charles Pollock, William Baziotes, <a href=\"https:\/\/www.aparences.net\/es\/arte-contemporaneo\/lee-krasner\/\">Lee Krasner<\/a>, Andr\u00e9 Masson, Pablo Picasso, Janet Sobel, etc.), la exposici\u00f3n pretende poner de relieve la intensidad y la singularidad de su obra en sus distintas dimensiones.<\/p>\n\n\n<div class=\"wp-block-image\">\n<figure class=\"aligncenter size-full\" id=\"Bird,-c.-1938-1941,-Jackson-Pollock\"><img loading=\"lazy\" decoding=\"async\" width=\"401\" height=\"456\" src=\"https:\/\/www.aparences.net\/wp-content\/uploads\/2024\/11\/jackson-pollock-bird-1938-1941.webp\" alt=\"Bird, c. 1938-1941, Jackson Pollock\" class=\"wp-image-32615\"\/><figcaption class=\"wp-element-caption\"><em><strong>Bird<\/strong>, c. 1938-1941, <strong>Jackson Pollock<\/strong>, <\/em><br><em>Nueva York, The Museum of Modern Art.<\/em><\/figcaption><\/figure>\n<\/div>\n\n\n<p>En septiembre de 1930, Jackson Pollock se traslad\u00f3 a Nueva York e ingres\u00f3 en la Art Students League para estudiar con el pintor regionalista <a href=\"https:\/\/www.aparences.net\/es\/periodos\/regionalismo-americano\/thomas-hart-benton\/\">Thomas Hart Benton.<\/a> Este \u00faltimo retrat\u00f3 un pa\u00eds sumido en la Gran Depresi\u00f3n en lienzos realistas que influyeron en la obra de Pollock a principios de la d\u00e9cada de 1930, as\u00ed como en la de su hermano Charles. Mientras viajaban de este a oeste, se deten\u00edan para esbozar salidas de f\u00e1bricas y trabajos de campo. Bajo la direcci\u00f3n de Benton, el joven artista desarroll\u00f3 una pasi\u00f3n por el arte del fresco, desde los <a href=\"https:\/\/www.aparences.net\/es\/arte-y-mecenazgo\/los-fresquistas-florentinos\/\">fresquistas<\/a> del Renacimiento italiano hasta los <a href=\"http:\/\/s%C3%A9-clemente-orozco-en-la-baker-library\">muralistas<\/a> mexicanos. En el verano de 1936, Jackson Pollock viaj\u00f3 a Vermont con su hermano Sande y su amigo el pintor <a href=\"https:\/\/www.aparences.net\/es\/arte-contemporaneo\/philip-guston\/\">Philip Guston<\/a> para ver un fresco terminado dos a\u00f1os antes por Orozco en el Dartmouth College: La epopeya de la civilizaci\u00f3n americana. La obra representa la historia de Estados Unidos, desde sus or\u00edgenes precolombinos hasta su reciente historia industrial. Esta compleja composici\u00f3n, en la que se mezclan perfiles humanos y animales, recuerda a las escenas b\u00e9licas pintadas por Orozco y caus\u00f3 una impresi\u00f3n duradera en Pollock.<\/p>\n\n\n<div class=\"wp-block-image\">\n<figure class=\"aligncenter size-full\"><img loading=\"lazy\" decoding=\"async\" width=\"657\" height=\"288\" src=\"https:\/\/www.aparences.net\/wp-content\/uploads\/2024\/11\/jackson-pollock-untitled-1943.jpg\" alt=\"Sin t\u00edtulo, 1943, \u00f3leo sobre lienzo, Jackson Pollock\" class=\"wp-image-32624\" title=\"Sin t\u00edtulo, 1943, \u00f3leo sobre lienzo, Jackson Pollock\"\/><figcaption class=\"wp-element-caption\"><em><strong>Sin t\u00edtulo<\/strong>, 1943, \u00f3leo sobre lienzo, <strong>Jackson Pollock<\/strong>, The Art Institute of Chicago.<\/em><\/figcaption><\/figure>\n<\/div>\n\n\n<p>La llegada de artistas y pensadores franceses que hu\u00edan de la Ocupaci\u00f3n contribuy\u00f3 a la efervescencia cultural de Nueva York a principios de la d\u00e9cada de 1940. El c\u00edrculo de <a href=\"https:\/\/www.aparences.net\/es\/periodos\/arte-moderno\/el-surrealismo\/\">surrealistas<\/a> exiliados, entre ellos Andr\u00e9 Breton, Marcel Duchamp, Marx Ernst, Jacqueline Lamba, Andr\u00e9 Masson, Roberto Matta e Yves Tanguy, contribuy\u00f3 a reforzar el entusiasmo de la escena neoyorquina por el psicoan\u00e1lisis, el automatismo y el inconsciente. En oto\u00f1o de 1945, <strong>Jackson Pollock<\/strong> y su esposa, la artista <a href=\"https:\/\/www.aparences.net\/es\/arte-contemporaneo\/lee-krasner\/\">Lee Krasner<\/a>, abandonaron Nueva York para instalarse en una vieja granja de Long Island, en Springs. Fue en su estudio, instalado en el granero, donde desarroll\u00f3 su pr\u00e1ctica de pintar sobre el suelo: \u00abCasi nunca estiro el lienzo antes de pintar. Prefiero clavar el lienzo sin estirar en la pared o en el suelo. Necesito la resistencia de una superficie dura. Me siento m\u00e1s c\u00f3modo en el suelo. Me siento m\u00e1s cerca del cuadro, m\u00e1s parte de \u00e9l, porque as\u00ed puedo caminar a su alrededor, trabajar desde los cuatro lados y estar literalmente en el cuadro. <em><strong>The Key<\/strong><\/em>, la pieza central de la serie Accabonac Creek, est\u00e1 pintada en el suelo del estudio.<\/p>\n\n\n<div class=\"wp-block-image\">\n<figure class=\"aligncenter size-full\"><img loading=\"lazy\" decoding=\"async\" width=\"657\" height=\"460\" src=\"https:\/\/www.aparences.net\/wp-content\/uploads\/2024\/11\/jackson-pollock-the-key-1946.webp\" alt=\"The Key (La llave), 1946, \u00f3leo sobre lino, Jackson Pollock\" class=\"wp-image-32617\" title=\"The Key (La llave), 1946, \u00f3leo sobre lino, Jackson Pollock\"\/><figcaption class=\"wp-element-caption\"><em><strong>The Key<\/strong> (La llave), 1946, \u00f3leo sobre lino, <strong>Jackson Pollock<\/strong>, The Art Institute of Chicago.<\/em><\/figcaption><\/figure>\n<\/div>\n\n\n<p>La serie de los primeros grandes <em><a href=\"https:\/\/www.aparences.net\/es\/arte-contemporaneo\/expresionismo-abstracto\/expresionismo-abstracto\/#la-t%C3%A9cnica-del-dripping-all-over\">drippings<\/a><\/em>, expuesta por Pollock en la Betty Parsons Gallery en enero de 1948, con la que concluye el periodo, parece ser el resultado de la investigaci\u00f3n y exploraci\u00f3n, entre el automatismo y la gestualidad, llevadas a cabo por el artista a lo largo de estos primeros a\u00f1os.<\/p>\n\n\n<div class=\"wp-block-image\">\n<figure class=\"aligncenter size-full\"><img loading=\"lazy\" decoding=\"async\" width=\"404\" height=\"457\" src=\"https:\/\/www.aparences.net\/wp-content\/uploads\/2024\/11\/jackson-pollock-composition-with-pouring-1943.webp\" alt=\"Composition with Pouring II, 1943, Jackson Pollock\" class=\"wp-image-32619\" title=\"Composition with Pouring II, 1943, Jackson Pollock\"\/><figcaption class=\"wp-element-caption\"><em><strong>Composition with Pouring II<\/strong>, 1943, <strong>Jackson Pollock<\/strong>, Colecci\u00f3n particular.<\/em><\/figcaption><\/figure>\n<\/div>\n\n\n<p>Esta exposici\u00f3n presenta un centenar de obras provenientes de instituciones internacionales prestigiosas como el Museum of Modern Art de Nueva York, el Metropolitan Museum of Art, The Art Institute of Chicago, el Centro Pompidou, la Tate y el Stedelijk Museum.<\/p>\n","protected":false},"excerpt":{"rendered":"<p>La exposici\u00f3n Jackson Pollock: Los primeros a\u00f1os (1934-1947), del museo Picasso de Par\u00eds, investiga los inicios de la carrera de Jackson Pollock (1912-1956), marcada por [&#8230;]<\/p>\n","protected":false},"author":2,"featured_media":32621,"comment_status":"closed","ping_status":"closed","sticky":false,"template":"","format":"standard","meta":{"footnotes":""},"categories":[2368,2605],"tags":[],"class_list":["post-32622","post","type-post","status-publish","format-standard","has-post-thumbnail","hentry","category-actualidad","category-exposiciones"],"yoast_head":"<!-- This site is optimized with the Yoast SEO plugin v27.2 - https:\/\/yoast.com\/product\/yoast-seo-wordpress\/ -->\n<title>Jackson Pollock: los primeros a\u00f1os<\/title>\n<meta name=\"description\" content=\"La exposici\u00f3n Jackson Pollock: Los primeros a\u00f1os (1934-1947), del museo Picasso de Par\u00eds, investiga los inicios de la carrera de Jackson Pollock\" \/>\n<meta name=\"robots\" content=\"index, follow, max-snippet:-1, max-image-preview:large, max-video-preview:-1\" \/>\n<link rel=\"canonical\" href=\"https:\/\/www.aparences.net\/es\/actualidad\/jackson-pollock-los-primeros-anos\/\" \/>\n<meta property=\"og:locale\" content=\"es_ES\" \/>\n<meta property=\"og:type\" content=\"article\" \/>\n<meta property=\"og:title\" content=\"Jackson Pollock: los primeros a\u00f1os\" \/>\n<meta property=\"og:description\" content=\"La exposici\u00f3n Jackson Pollock: Los primeros a\u00f1os (1934-1947), del museo Picasso de Par\u00eds, investiga los inicios de la carrera de Jackson Pollock\" \/>\n<meta property=\"og:url\" content=\"https:\/\/www.aparences.net\/es\/actualidad\/jackson-pollock-los-primeros-anos\/\" \/>\n<meta property=\"og:site_name\" content=\"Aparences\" \/>\n<meta property=\"article:published_time\" content=\"2024-11-01T11:00:33+00:00\" \/>\n<meta property=\"article:modified_time\" content=\"2024-11-01T11:00:37+00:00\" \/>\n<meta property=\"og:image\" content=\"https:\/\/www.aparences.net\/wp-content\/uploads\/2024\/11\/exposition-pollock-musee-picasso.webp\" \/>\n\t<meta property=\"og:image:width\" content=\"1080\" \/>\n\t<meta property=\"og:image:height\" content=\"540\" \/>\n\t<meta property=\"og:image:type\" content=\"image\/webp\" \/>\n<meta name=\"author\" content=\"admin\" \/>\n<meta name=\"twitter:card\" content=\"summary_large_image\" \/>\n<meta name=\"twitter:label1\" content=\"Escrito por\" \/>\n\t<meta name=\"twitter:data1\" content=\"admin\" \/>\n\t<meta name=\"twitter:label2\" content=\"Tiempo de lectura\" \/>\n\t<meta name=\"twitter:data2\" content=\"5 minutos\" \/>\n<script type=\"application\/ld+json\" class=\"yoast-schema-graph\">{\"@context\":\"https:\/\/schema.org\",\"@graph\":[{\"@type\":\"Article\",\"@id\":\"https:\/\/www.aparences.net\/es\/actualidad\/jackson-pollock-los-primeros-anos\/#article\",\"isPartOf\":{\"@id\":\"https:\/\/www.aparences.net\/es\/actualidad\/jackson-pollock-los-primeros-anos\/\"},\"author\":{\"name\":\"admin\",\"@id\":\"https:\/\/www.aparences.net\/es\/#\/schema\/person\/af349f6ffc31b16c68963e61268afca5\"},\"headline\":\"Jackson Pollock: los primeros a\u00f1os\",\"datePublished\":\"2024-11-01T11:00:33+00:00\",\"dateModified\":\"2024-11-01T11:00:37+00:00\",\"mainEntityOfPage\":{\"@id\":\"https:\/\/www.aparences.net\/es\/actualidad\/jackson-pollock-los-primeros-anos\/\"},\"wordCount\":792,\"publisher\":{\"@id\":\"https:\/\/www.aparences.net\/es\/#organization\"},\"image\":{\"@id\":\"https:\/\/www.aparences.net\/es\/actualidad\/jackson-pollock-los-primeros-anos\/#primaryimage\"},\"thumbnailUrl\":\"https:\/\/www.aparences.net\/wp-content\/uploads\/2024\/11\/exposition-pollock-musee-picasso.webp\",\"articleSection\":[\"Actualidad\",\"Exposiciones\"],\"inLanguage\":\"es\"},{\"@type\":[\"WebPage\",\"ItemPage\"],\"@id\":\"https:\/\/www.aparences.net\/es\/actualidad\/jackson-pollock-los-primeros-anos\/\",\"url\":\"https:\/\/www.aparences.net\/es\/actualidad\/jackson-pollock-los-primeros-anos\/\",\"name\":\"Jackson Pollock: los primeros a\u00f1os\",\"isPartOf\":{\"@id\":\"https:\/\/www.aparences.net\/es\/#website\"},\"primaryImageOfPage\":{\"@id\":\"https:\/\/www.aparences.net\/es\/actualidad\/jackson-pollock-los-primeros-anos\/#primaryimage\"},\"image\":{\"@id\":\"https:\/\/www.aparences.net\/es\/actualidad\/jackson-pollock-los-primeros-anos\/#primaryimage\"},\"thumbnailUrl\":\"https:\/\/www.aparences.net\/wp-content\/uploads\/2024\/11\/exposition-pollock-musee-picasso.webp\",\"datePublished\":\"2024-11-01T11:00:33+00:00\",\"dateModified\":\"2024-11-01T11:00:37+00:00\",\"description\":\"La exposici\u00f3n Jackson Pollock: Los primeros a\u00f1os (1934-1947), del museo Picasso de Par\u00eds, investiga los inicios de la carrera de Jackson Pollock\",\"breadcrumb\":{\"@id\":\"https:\/\/www.aparences.net\/es\/actualidad\/jackson-pollock-los-primeros-anos\/#breadcrumb\"},\"inLanguage\":\"es\",\"potentialAction\":[{\"@type\":\"ReadAction\",\"target\":[\"https:\/\/www.aparences.net\/es\/actualidad\/jackson-pollock-los-primeros-anos\/\"]}]},{\"@type\":\"ImageObject\",\"inLanguage\":\"es\",\"@id\":\"https:\/\/www.aparences.net\/es\/actualidad\/jackson-pollock-los-primeros-anos\/#primaryimage\",\"url\":\"https:\/\/www.aparences.net\/wp-content\/uploads\/2024\/11\/exposition-pollock-musee-picasso.webp\",\"contentUrl\":\"https:\/\/www.aparences.net\/wp-content\/uploads\/2024\/11\/exposition-pollock-musee-picasso.webp\",\"width\":1080,\"height\":540},{\"@type\":\"BreadcrumbList\",\"@id\":\"https:\/\/www.aparences.net\/es\/actualidad\/jackson-pollock-los-primeros-anos\/#breadcrumb\",\"itemListElement\":[{\"@type\":\"ListItem\",\"position\":1,\"name\":\"Portada\",\"item\":\"https:\/\/www.aparences.net\/es\/\"},{\"@type\":\"ListItem\",\"position\":2,\"name\":\"Jackson Pollock: los primeros a\u00f1os\"}]},{\"@type\":\"WebSite\",\"@id\":\"https:\/\/www.aparences.net\/es\/#website\",\"url\":\"https:\/\/www.aparences.net\/es\/\",\"name\":\"Aparences: Historia del Arte y Actualidad Cultural\",\"description\":\"\",\"publisher\":{\"@id\":\"https:\/\/www.aparences.net\/es\/#organization\"},\"potentialAction\":[{\"@type\":\"SearchAction\",\"target\":{\"@type\":\"EntryPoint\",\"urlTemplate\":\"https:\/\/www.aparences.net\/es\/?s={search_term_string}\"},\"query-input\":{\"@type\":\"PropertyValueSpecification\",\"valueRequired\":true,\"valueName\":\"search_term_string\"}}],\"inLanguage\":\"es\"},{\"@type\":\"Organization\",\"@id\":\"https:\/\/www.aparences.net\/es\/#organization\",\"name\":\"Aparences: Historia del Arte y Actualidad Cultural\",\"url\":\"https:\/\/www.aparences.net\/es\/\",\"logo\":{\"@type\":\"ImageObject\",\"inLanguage\":\"es\",\"@id\":\"https:\/\/www.aparences.net\/es\/#\/schema\/logo\/image\/\",\"url\":\"https:\/\/www.aparences.net\/wp-content\/uploads\/2023\/09\/logo-quadrat-color-e1695915315229.png\",\"contentUrl\":\"https:\/\/www.aparences.net\/wp-content\/uploads\/2023\/09\/logo-quadrat-color-e1695915315229.png\",\"width\":120,\"height\":120,\"caption\":\"Aparences: Historia del Arte y Actualidad Cultural\"},\"image\":{\"@id\":\"https:\/\/www.aparences.net\/es\/#\/schema\/logo\/image\/\"}},{\"@type\":\"Person\",\"@id\":\"https:\/\/www.aparences.net\/es\/#\/schema\/person\/af349f6ffc31b16c68963e61268afca5\",\"name\":\"admin\",\"url\":\"https:\/\/www.aparences.net\/es\/author\/admin\/\"}]}<\/script>\n<!-- \/ Yoast SEO plugin. -->","yoast_head_json":{"title":"Jackson Pollock: los primeros a\u00f1os","description":"La exposici\u00f3n Jackson Pollock: Los primeros a\u00f1os (1934-1947), del museo Picasso de Par\u00eds, investiga los inicios de la carrera de Jackson Pollock","robots":{"index":"index","follow":"follow","max-snippet":"max-snippet:-1","max-image-preview":"max-image-preview:large","max-video-preview":"max-video-preview:-1"},"canonical":"https:\/\/www.aparences.net\/es\/actualidad\/jackson-pollock-los-primeros-anos\/","og_locale":"es_ES","og_type":"article","og_title":"Jackson Pollock: los primeros a\u00f1os","og_description":"La exposici\u00f3n Jackson Pollock: Los primeros a\u00f1os (1934-1947), del museo Picasso de Par\u00eds, investiga los inicios de la carrera de Jackson Pollock","og_url":"https:\/\/www.aparences.net\/es\/actualidad\/jackson-pollock-los-primeros-anos\/","og_site_name":"Aparences","article_published_time":"2024-11-01T11:00:33+00:00","article_modified_time":"2024-11-01T11:00:37+00:00","og_image":[{"width":1080,"height":540,"url":"https:\/\/www.aparences.net\/wp-content\/uploads\/2024\/11\/exposition-pollock-musee-picasso.webp","type":"image\/webp"}],"author":"admin","twitter_card":"summary_large_image","twitter_misc":{"Escrito por":"admin","Tiempo de lectura":"5 minutos"},"schema":{"@context":"https:\/\/schema.org","@graph":[{"@type":"Article","@id":"https:\/\/www.aparences.net\/es\/actualidad\/jackson-pollock-los-primeros-anos\/#article","isPartOf":{"@id":"https:\/\/www.aparences.net\/es\/actualidad\/jackson-pollock-los-primeros-anos\/"},"author":{"name":"admin","@id":"https:\/\/www.aparences.net\/es\/#\/schema\/person\/af349f6ffc31b16c68963e61268afca5"},"headline":"Jackson Pollock: los primeros a\u00f1os","datePublished":"2024-11-01T11:00:33+00:00","dateModified":"2024-11-01T11:00:37+00:00","mainEntityOfPage":{"@id":"https:\/\/www.aparences.net\/es\/actualidad\/jackson-pollock-los-primeros-anos\/"},"wordCount":792,"publisher":{"@id":"https:\/\/www.aparences.net\/es\/#organization"},"image":{"@id":"https:\/\/www.aparences.net\/es\/actualidad\/jackson-pollock-los-primeros-anos\/#primaryimage"},"thumbnailUrl":"https:\/\/www.aparences.net\/wp-content\/uploads\/2024\/11\/exposition-pollock-musee-picasso.webp","articleSection":["Actualidad","Exposiciones"],"inLanguage":"es"},{"@type":["WebPage","ItemPage"],"@id":"https:\/\/www.aparences.net\/es\/actualidad\/jackson-pollock-los-primeros-anos\/","url":"https:\/\/www.aparences.net\/es\/actualidad\/jackson-pollock-los-primeros-anos\/","name":"Jackson Pollock: los primeros a\u00f1os","isPartOf":{"@id":"https:\/\/www.aparences.net\/es\/#website"},"primaryImageOfPage":{"@id":"https:\/\/www.aparences.net\/es\/actualidad\/jackson-pollock-los-primeros-anos\/#primaryimage"},"image":{"@id":"https:\/\/www.aparences.net\/es\/actualidad\/jackson-pollock-los-primeros-anos\/#primaryimage"},"thumbnailUrl":"https:\/\/www.aparences.net\/wp-content\/uploads\/2024\/11\/exposition-pollock-musee-picasso.webp","datePublished":"2024-11-01T11:00:33+00:00","dateModified":"2024-11-01T11:00:37+00:00","description":"La exposici\u00f3n Jackson Pollock: Los primeros a\u00f1os (1934-1947), del museo Picasso de Par\u00eds, investiga los inicios de la carrera de Jackson Pollock","breadcrumb":{"@id":"https:\/\/www.aparences.net\/es\/actualidad\/jackson-pollock-los-primeros-anos\/#breadcrumb"},"inLanguage":"es","potentialAction":[{"@type":"ReadAction","target":["https:\/\/www.aparences.net\/es\/actualidad\/jackson-pollock-los-primeros-anos\/"]}]},{"@type":"ImageObject","inLanguage":"es","@id":"https:\/\/www.aparences.net\/es\/actualidad\/jackson-pollock-los-primeros-anos\/#primaryimage","url":"https:\/\/www.aparences.net\/wp-content\/uploads\/2024\/11\/exposition-pollock-musee-picasso.webp","contentUrl":"https:\/\/www.aparences.net\/wp-content\/uploads\/2024\/11\/exposition-pollock-musee-picasso.webp","width":1080,"height":540},{"@type":"BreadcrumbList","@id":"https:\/\/www.aparences.net\/es\/actualidad\/jackson-pollock-los-primeros-anos\/#breadcrumb","itemListElement":[{"@type":"ListItem","position":1,"name":"Portada","item":"https:\/\/www.aparences.net\/es\/"},{"@type":"ListItem","position":2,"name":"Jackson Pollock: los primeros a\u00f1os"}]},{"@type":"WebSite","@id":"https:\/\/www.aparences.net\/es\/#website","url":"https:\/\/www.aparences.net\/es\/","name":"Aparences: Historia del Arte y Actualidad Cultural","description":"","publisher":{"@id":"https:\/\/www.aparences.net\/es\/#organization"},"potentialAction":[{"@type":"SearchAction","target":{"@type":"EntryPoint","urlTemplate":"https:\/\/www.aparences.net\/es\/?s={search_term_string}"},"query-input":{"@type":"PropertyValueSpecification","valueRequired":true,"valueName":"search_term_string"}}],"inLanguage":"es"},{"@type":"Organization","@id":"https:\/\/www.aparences.net\/es\/#organization","name":"Aparences: Historia del Arte y Actualidad Cultural","url":"https:\/\/www.aparences.net\/es\/","logo":{"@type":"ImageObject","inLanguage":"es","@id":"https:\/\/www.aparences.net\/es\/#\/schema\/logo\/image\/","url":"https:\/\/www.aparences.net\/wp-content\/uploads\/2023\/09\/logo-quadrat-color-e1695915315229.png","contentUrl":"https:\/\/www.aparences.net\/wp-content\/uploads\/2023\/09\/logo-quadrat-color-e1695915315229.png","width":120,"height":120,"caption":"Aparences: Historia del Arte y Actualidad Cultural"},"image":{"@id":"https:\/\/www.aparences.net\/es\/#\/schema\/logo\/image\/"}},{"@type":"Person","@id":"https:\/\/www.aparences.net\/es\/#\/schema\/person\/af349f6ffc31b16c68963e61268afca5","name":"admin","url":"https:\/\/www.aparences.net\/es\/author\/admin\/"}]}},"_links":{"self":[{"href":"https:\/\/www.aparences.net\/es\/wp-json\/wp\/v2\/posts\/32622","targetHints":{"allow":["GET"]}}],"collection":[{"href":"https:\/\/www.aparences.net\/es\/wp-json\/wp\/v2\/posts"}],"about":[{"href":"https:\/\/www.aparences.net\/es\/wp-json\/wp\/v2\/types\/post"}],"author":[{"embeddable":true,"href":"https:\/\/www.aparences.net\/es\/wp-json\/wp\/v2\/users\/2"}],"replies":[{"embeddable":true,"href":"https:\/\/www.aparences.net\/es\/wp-json\/wp\/v2\/comments?post=32622"}],"version-history":[{"count":0,"href":"https:\/\/www.aparences.net\/es\/wp-json\/wp\/v2\/posts\/32622\/revisions"}],"wp:featuredmedia":[{"embeddable":true,"href":"https:\/\/www.aparences.net\/es\/wp-json\/wp\/v2\/media\/32621"}],"wp:attachment":[{"href":"https:\/\/www.aparences.net\/es\/wp-json\/wp\/v2\/media?parent=32622"}],"wp:term":[{"taxonomy":"category","embeddable":true,"href":"https:\/\/www.aparences.net\/es\/wp-json\/wp\/v2\/categories?post=32622"},{"taxonomy":"post_tag","embeddable":true,"href":"https:\/\/www.aparences.net\/es\/wp-json\/wp\/v2\/tags?post=32622"}],"curies":[{"name":"wp","href":"https:\/\/api.w.org\/{rel}","templated":true}]}}