{"id":32715,"date":"2024-11-25T12:08:05","date_gmt":"2024-11-25T11:08:05","guid":{"rendered":"https:\/\/www.aparences.net\/?p=32715"},"modified":"2024-11-25T12:08:07","modified_gmt":"2024-11-25T11:08:07","slug":"gabriele-munter","status":"publish","type":"post","link":"https:\/\/www.aparences.net\/es\/actualidad\/gabriele-munter\/","title":{"rendered":"Gabriele M\u00fcnter"},"content":{"rendered":"\n<p><strong>Gabriele M\u00fcnter<\/strong> (1877-1962) fue una de las fundadoras de <strong>El Jinete Azul <\/strong>(<a href=\"https:\/\/www.aparences.net\/es\/periodos\/der-blaue-reiter\/\">Der Blaue Reiter<\/a>), el legendario grupo de artistas expresionistas con sede en M\u00fanich. En sus obras, de l\u00edneas precisas y colores intensos, la pintora alemana sumerge al espectador en su mundo privado. Fruto de su aguda mirada, amantes, amigos, objetos cotidianos, paisajes o ella misma son reducidos a su esencia. A trav\u00e9s de m\u00e1s de un centenar de pinturas, dibujos, grabados y fotograf\u00edas, la exposici\u00f3n del Museo Thyssen-Bornemisza propone descubrir a una artista que se rebel\u00f3 contra las limitaciones que se cern\u00edan sobre las mujeres de su \u00e9poca y que consigui\u00f3 convertirse en <strong>una de las figuras sobresalientes del expresionismo alem\u00e1n<\/strong> a comienzos del siglo XX. Comienza con un extenso cap\u00edtulo dedicado a sus inicios como fot\u00f3grafa amateur y analiza c\u00f3mo su relaci\u00f3n con este medio de expresi\u00f3n moderno, menos codificado que las tradicionales bellas artes, fue fundamental para su desarrollo posterior. A continuaci\u00f3n, se muestra su creaci\u00f3n pict\u00f3rica en un recorrido cronol\u00f3gico-tem\u00e1tico que se inicia con las obras realizadas durante sus viajes por Europa y el Norte de \u00c1frica junto a su pareja <a href=\"https:\/\/www.aparences.net\/es\/periodos\/arte-moderno-anexos\/kandinsky-del-expresionismo-a-la-abstraccion\/\">Wassily Kandinsky<\/a>, y prosigue con un extenso cap\u00edtulo dedicado a sus obras maestras del <a href=\"https:\/\/www.aparences.net\/es\/periodos\/der-blaue-reiter\/\">periodo de El Jinete Azul<\/a>. Para finalizar, se centra en su exilio en Escandinavia durante la Primera Guerra Mundial y los distintos caminos de expresi\u00f3n que encontr\u00f3 tras su regreso a Alemania. A lo largo de su larga carrera, M\u00fcnter demostr\u00f3 en numerosas ocasiones su capacidad de adaptaci\u00f3n, su incansable deseo de experimentaci\u00f3n y su falta de prejuicios ante lo nuevo o diferente.<\/p>\n\n\n<div class=\"wp-block-image\">\n<figure class=\"aligncenter size-full\"><img loading=\"lazy\" decoding=\"async\" width=\"631\" height=\"459\" src=\"https:\/\/www.aparences.net\/wp-content\/uploads\/2024\/11\/gabriele-munter-portrait-et-nature-morte.jpg\" alt=\"Gabriele M\u00fcnter, Retrato de Marianne von Werefkin; Naturaleza muerta en el tranv\u00eda\" class=\"wp-image-32708\" title=\"Gabriele M\u00fcnter, Retrato de Marianne von Werefkin; Naturaleza muerta en el tranv\u00eda\"\/><figcaption class=\"wp-element-caption\"><em><strong>Retrato de Marianne von Werefkin<\/strong>, 1911, M\u00fanich, St\u00e4dtische Galerie im Lenbachhaus und Kunstbau M\u00fcnchen; <strong>Naturaleza muerta en el tranv\u00eda<\/strong> (Despu\u00e9s de la compra), 1909-1912, M\u00fanich, The Gabriele M\u00fcnter and Johannes Eichner Foundation<\/em>.<\/figcaption><\/figure>\n<\/div>\n\n\n<p>La exposici\u00f3n pretende mostrar la riqueza de una artista bien conocida en Alemania pero que solo en los \u00faltimos a\u00f1os ha empezado a gozar de mayor relevancia en el resto de Europa. Con cuatro de sus pinturas en las colecciones permanentes, el Museo Nacional Thyssen-Bornemisza acoge su primera retrospectiva en Espa\u00f1a y contin\u00faa de esta manera con su labor de investigar y reivindicar la obra y el lugar que merecen en la Historia muchas grandes artistas.<\/p>\n\n\n<div class=\"wp-block-image\">\n<figure class=\"aligncenter size-full\"><img loading=\"lazy\" decoding=\"async\" width=\"612\" height=\"457\" src=\"https:\/\/www.aparences.net\/wp-content\/uploads\/2024\/11\/gabriele-munter-village-street-in-winter-1911.jpg\" alt=\"Gabriele M\u00fcnter, Calle de pueblo en invierno, 1911\" class=\"wp-image-32710\" title=\"Gabriele M\u00fcnter, Calle de pueblo en invierno, 1911\"\/><figcaption class=\"wp-element-caption\"><em><strong>Calle de pueblo en invierno, <\/strong>1911, <\/em><br><em>M\u00fanich, St\u00e4dtische Galerie im Lenbachhaus und Kunstbau M\u00fcnchen.<\/em><\/figcaption><\/figure>\n<\/div>\n\n<div class=\"wp-block-image\">\n<figure class=\"aligncenter size-full is-resized\"><img loading=\"lazy\" decoding=\"async\" width=\"612\" height=\"460\" src=\"https:\/\/www.aparences.net\/wp-content\/uploads\/2024\/11\/gabriele-munter-nature-morte-avec-st-georges-1911.jpg\" alt=\"Gabriele M\u00fcnter, Naturaleza muerta con San Jorge, 1911\" class=\"wp-image-32712\" style=\"width:609px;height:auto\" title=\"Gabriele M\u00fcnter, Naturaleza muerta con San Jorge, 1911\"\/><figcaption class=\"wp-element-caption\"><em><strong>Naturaleza muerta con San Jorge<\/strong>, 1911, <br>M\u00fanich, St\u00e4dtische Galerie im Lenbachhaus und Kunstbau M\u00fcnchen.<\/em><\/figcaption><\/figure>\n<\/div>\n\n\n<p>Exposici\u00f3n organizada por el <a href=\"https:\/\/www.museothyssen.org\/\">Museo Nacional Thyssen-Bornemisza<\/a> de Madrid, en cooperaci\u00f3n con The Gabriele M\u00fcnter and Johannes Eichner Foundation de M\u00fanich y la St\u00e4dtische Galerie im Lenbachhaus und Kunstbau M\u00fcnchen de M\u00fanich, y en coproducci\u00f3n con el Mus\u00e9e d\u2019Art Moderne de Par\u00eds, Paris Mus\u00e9es.<\/p>\n","protected":false},"excerpt":{"rendered":"<p>Gabriele M\u00fcnter (1877-1962) fue una de las fundadoras de El Jinete Azul (Der Blaue Reiter), el legendario grupo de artistas expresionistas con sede en M\u00fanich. [&#8230;]<\/p>\n","protected":false},"author":2,"featured_media":32714,"comment_status":"closed","ping_status":"closed","sticky":false,"template":"","format":"standard","meta":{"footnotes":""},"categories":[2368,2605],"tags":[],"class_list":["post-32715","post","type-post","status-publish","format-standard","has-post-thumbnail","hentry","category-actualidad","category-exposiciones"],"yoast_head":"<!-- This site is optimized with the Yoast SEO plugin v27.2 - https:\/\/yoast.com\/product\/yoast-seo-wordpress\/ -->\n<title>Gabriele M\u00fcnter<\/title>\n<meta name=\"description\" content=\"El Museo Thyssen-Bornemisza presenta la exposici\u00f3n Gabriele M\u00fcnter, una de las fundadoras de El Jinete Azul, legendario grupo de artistas expresionistas.\" \/>\n<meta name=\"robots\" content=\"index, follow, max-snippet:-1, max-image-preview:large, max-video-preview:-1\" \/>\n<link rel=\"canonical\" href=\"https:\/\/www.aparences.net\/es\/actualidad\/gabriele-munter\/\" \/>\n<meta property=\"og:locale\" content=\"es_ES\" \/>\n<meta property=\"og:type\" content=\"article\" \/>\n<meta property=\"og:title\" content=\"Gabriele M\u00fcnter\" \/>\n<meta property=\"og:description\" content=\"El Museo Thyssen-Bornemisza presenta la exposici\u00f3n Gabriele M\u00fcnter, una de las fundadoras de El Jinete Azul, legendario grupo de artistas expresionistas.\" \/>\n<meta property=\"og:url\" content=\"https:\/\/www.aparences.net\/es\/actualidad\/gabriele-munter\/\" \/>\n<meta property=\"og:site_name\" content=\"Aparences\" \/>\n<meta property=\"article:published_time\" content=\"2024-11-25T11:08:05+00:00\" \/>\n<meta property=\"article:modified_time\" content=\"2024-11-25T11:08:07+00:00\" \/>\n<meta property=\"og:image\" content=\"https:\/\/www.aparences.net\/wp-content\/uploads\/2024\/11\/thyssen-exposition-munter.jpg\" \/>\n\t<meta property=\"og:image:width\" content=\"1080\" \/>\n\t<meta property=\"og:image:height\" content=\"540\" \/>\n\t<meta property=\"og:image:type\" content=\"image\/jpeg\" \/>\n<meta name=\"author\" content=\"admin\" \/>\n<meta name=\"twitter:card\" content=\"summary_large_image\" \/>\n<meta name=\"twitter:label1\" content=\"Escrito por\" \/>\n\t<meta name=\"twitter:data1\" content=\"admin\" \/>\n\t<meta name=\"twitter:label2\" content=\"Tiempo de lectura\" \/>\n\t<meta name=\"twitter:data2\" content=\"3 minutos\" \/>\n<script type=\"application\/ld+json\" class=\"yoast-schema-graph\">{\"@context\":\"https:\/\/schema.org\",\"@graph\":[{\"@type\":\"Article\",\"@id\":\"https:\/\/www.aparences.net\/es\/actualidad\/gabriele-munter\/#article\",\"isPartOf\":{\"@id\":\"https:\/\/www.aparences.net\/es\/actualidad\/gabriele-munter\/\"},\"author\":{\"name\":\"admin\",\"@id\":\"https:\/\/www.aparences.net\/es\/#\/schema\/person\/af349f6ffc31b16c68963e61268afca5\"},\"headline\":\"Gabriele M\u00fcnter\",\"datePublished\":\"2024-11-25T11:08:05+00:00\",\"dateModified\":\"2024-11-25T11:08:07+00:00\",\"mainEntityOfPage\":{\"@id\":\"https:\/\/www.aparences.net\/es\/actualidad\/gabriele-munter\/\"},\"wordCount\":496,\"publisher\":{\"@id\":\"https:\/\/www.aparences.net\/es\/#organization\"},\"image\":{\"@id\":\"https:\/\/www.aparences.net\/es\/actualidad\/gabriele-munter\/#primaryimage\"},\"thumbnailUrl\":\"https:\/\/www.aparences.net\/wp-content\/uploads\/2024\/11\/thyssen-exposition-munter.jpg\",\"articleSection\":[\"Actualidad\",\"Exposiciones\"],\"inLanguage\":\"es\"},{\"@type\":[\"WebPage\",\"ItemPage\"],\"@id\":\"https:\/\/www.aparences.net\/es\/actualidad\/gabriele-munter\/\",\"url\":\"https:\/\/www.aparences.net\/es\/actualidad\/gabriele-munter\/\",\"name\":\"Gabriele M\u00fcnter\",\"isPartOf\":{\"@id\":\"https:\/\/www.aparences.net\/es\/#website\"},\"primaryImageOfPage\":{\"@id\":\"https:\/\/www.aparences.net\/es\/actualidad\/gabriele-munter\/#primaryimage\"},\"image\":{\"@id\":\"https:\/\/www.aparences.net\/es\/actualidad\/gabriele-munter\/#primaryimage\"},\"thumbnailUrl\":\"https:\/\/www.aparences.net\/wp-content\/uploads\/2024\/11\/thyssen-exposition-munter.jpg\",\"datePublished\":\"2024-11-25T11:08:05+00:00\",\"dateModified\":\"2024-11-25T11:08:07+00:00\",\"description\":\"El Museo Thyssen-Bornemisza presenta la exposici\u00f3n Gabriele M\u00fcnter, una de las fundadoras de El Jinete Azul, legendario grupo de artistas expresionistas.\",\"breadcrumb\":{\"@id\":\"https:\/\/www.aparences.net\/es\/actualidad\/gabriele-munter\/#breadcrumb\"},\"inLanguage\":\"es\",\"potentialAction\":[{\"@type\":\"ReadAction\",\"target\":[\"https:\/\/www.aparences.net\/es\/actualidad\/gabriele-munter\/\"]}]},{\"@type\":\"ImageObject\",\"inLanguage\":\"es\",\"@id\":\"https:\/\/www.aparences.net\/es\/actualidad\/gabriele-munter\/#primaryimage\",\"url\":\"https:\/\/www.aparences.net\/wp-content\/uploads\/2024\/11\/thyssen-exposition-munter.jpg\",\"contentUrl\":\"https:\/\/www.aparences.net\/wp-content\/uploads\/2024\/11\/thyssen-exposition-munter.jpg\",\"width\":1080,\"height\":540},{\"@type\":\"BreadcrumbList\",\"@id\":\"https:\/\/www.aparences.net\/es\/actualidad\/gabriele-munter\/#breadcrumb\",\"itemListElement\":[{\"@type\":\"ListItem\",\"position\":1,\"name\":\"Portada\",\"item\":\"https:\/\/www.aparences.net\/es\/\"},{\"@type\":\"ListItem\",\"position\":2,\"name\":\"Gabriele M\u00fcnter\"}]},{\"@type\":\"WebSite\",\"@id\":\"https:\/\/www.aparences.net\/es\/#website\",\"url\":\"https:\/\/www.aparences.net\/es\/\",\"name\":\"Aparences: Historia del Arte y Actualidad Cultural\",\"description\":\"\",\"publisher\":{\"@id\":\"https:\/\/www.aparences.net\/es\/#organization\"},\"potentialAction\":[{\"@type\":\"SearchAction\",\"target\":{\"@type\":\"EntryPoint\",\"urlTemplate\":\"https:\/\/www.aparences.net\/es\/?s={search_term_string}\"},\"query-input\":{\"@type\":\"PropertyValueSpecification\",\"valueRequired\":true,\"valueName\":\"search_term_string\"}}],\"inLanguage\":\"es\"},{\"@type\":\"Organization\",\"@id\":\"https:\/\/www.aparences.net\/es\/#organization\",\"name\":\"Aparences: Historia del Arte y Actualidad Cultural\",\"url\":\"https:\/\/www.aparences.net\/es\/\",\"logo\":{\"@type\":\"ImageObject\",\"inLanguage\":\"es\",\"@id\":\"https:\/\/www.aparences.net\/es\/#\/schema\/logo\/image\/\",\"url\":\"https:\/\/www.aparences.net\/wp-content\/uploads\/2023\/09\/logo-quadrat-color-e1695915315229.png\",\"contentUrl\":\"https:\/\/www.aparences.net\/wp-content\/uploads\/2023\/09\/logo-quadrat-color-e1695915315229.png\",\"width\":120,\"height\":120,\"caption\":\"Aparences: Historia del Arte y Actualidad Cultural\"},\"image\":{\"@id\":\"https:\/\/www.aparences.net\/es\/#\/schema\/logo\/image\/\"}},{\"@type\":\"Person\",\"@id\":\"https:\/\/www.aparences.net\/es\/#\/schema\/person\/af349f6ffc31b16c68963e61268afca5\",\"name\":\"admin\",\"url\":\"https:\/\/www.aparences.net\/es\/author\/admin\/\"}]}<\/script>\n<!-- \/ Yoast SEO plugin. -->","yoast_head_json":{"title":"Gabriele M\u00fcnter","description":"El Museo Thyssen-Bornemisza presenta la exposici\u00f3n Gabriele M\u00fcnter, una de las fundadoras de El Jinete Azul, legendario grupo de artistas expresionistas.","robots":{"index":"index","follow":"follow","max-snippet":"max-snippet:-1","max-image-preview":"max-image-preview:large","max-video-preview":"max-video-preview:-1"},"canonical":"https:\/\/www.aparences.net\/es\/actualidad\/gabriele-munter\/","og_locale":"es_ES","og_type":"article","og_title":"Gabriele M\u00fcnter","og_description":"El Museo Thyssen-Bornemisza presenta la exposici\u00f3n Gabriele M\u00fcnter, una de las fundadoras de El Jinete Azul, legendario grupo de artistas expresionistas.","og_url":"https:\/\/www.aparences.net\/es\/actualidad\/gabriele-munter\/","og_site_name":"Aparences","article_published_time":"2024-11-25T11:08:05+00:00","article_modified_time":"2024-11-25T11:08:07+00:00","og_image":[{"width":1080,"height":540,"url":"https:\/\/www.aparences.net\/wp-content\/uploads\/2024\/11\/thyssen-exposition-munter.jpg","type":"image\/jpeg"}],"author":"admin","twitter_card":"summary_large_image","twitter_misc":{"Escrito por":"admin","Tiempo de lectura":"3 minutos"},"schema":{"@context":"https:\/\/schema.org","@graph":[{"@type":"Article","@id":"https:\/\/www.aparences.net\/es\/actualidad\/gabriele-munter\/#article","isPartOf":{"@id":"https:\/\/www.aparences.net\/es\/actualidad\/gabriele-munter\/"},"author":{"name":"admin","@id":"https:\/\/www.aparences.net\/es\/#\/schema\/person\/af349f6ffc31b16c68963e61268afca5"},"headline":"Gabriele M\u00fcnter","datePublished":"2024-11-25T11:08:05+00:00","dateModified":"2024-11-25T11:08:07+00:00","mainEntityOfPage":{"@id":"https:\/\/www.aparences.net\/es\/actualidad\/gabriele-munter\/"},"wordCount":496,"publisher":{"@id":"https:\/\/www.aparences.net\/es\/#organization"},"image":{"@id":"https:\/\/www.aparences.net\/es\/actualidad\/gabriele-munter\/#primaryimage"},"thumbnailUrl":"https:\/\/www.aparences.net\/wp-content\/uploads\/2024\/11\/thyssen-exposition-munter.jpg","articleSection":["Actualidad","Exposiciones"],"inLanguage":"es"},{"@type":["WebPage","ItemPage"],"@id":"https:\/\/www.aparences.net\/es\/actualidad\/gabriele-munter\/","url":"https:\/\/www.aparences.net\/es\/actualidad\/gabriele-munter\/","name":"Gabriele M\u00fcnter","isPartOf":{"@id":"https:\/\/www.aparences.net\/es\/#website"},"primaryImageOfPage":{"@id":"https:\/\/www.aparences.net\/es\/actualidad\/gabriele-munter\/#primaryimage"},"image":{"@id":"https:\/\/www.aparences.net\/es\/actualidad\/gabriele-munter\/#primaryimage"},"thumbnailUrl":"https:\/\/www.aparences.net\/wp-content\/uploads\/2024\/11\/thyssen-exposition-munter.jpg","datePublished":"2024-11-25T11:08:05+00:00","dateModified":"2024-11-25T11:08:07+00:00","description":"El Museo Thyssen-Bornemisza presenta la exposici\u00f3n Gabriele M\u00fcnter, una de las fundadoras de El Jinete Azul, legendario grupo de artistas expresionistas.","breadcrumb":{"@id":"https:\/\/www.aparences.net\/es\/actualidad\/gabriele-munter\/#breadcrumb"},"inLanguage":"es","potentialAction":[{"@type":"ReadAction","target":["https:\/\/www.aparences.net\/es\/actualidad\/gabriele-munter\/"]}]},{"@type":"ImageObject","inLanguage":"es","@id":"https:\/\/www.aparences.net\/es\/actualidad\/gabriele-munter\/#primaryimage","url":"https:\/\/www.aparences.net\/wp-content\/uploads\/2024\/11\/thyssen-exposition-munter.jpg","contentUrl":"https:\/\/www.aparences.net\/wp-content\/uploads\/2024\/11\/thyssen-exposition-munter.jpg","width":1080,"height":540},{"@type":"BreadcrumbList","@id":"https:\/\/www.aparences.net\/es\/actualidad\/gabriele-munter\/#breadcrumb","itemListElement":[{"@type":"ListItem","position":1,"name":"Portada","item":"https:\/\/www.aparences.net\/es\/"},{"@type":"ListItem","position":2,"name":"Gabriele M\u00fcnter"}]},{"@type":"WebSite","@id":"https:\/\/www.aparences.net\/es\/#website","url":"https:\/\/www.aparences.net\/es\/","name":"Aparences: Historia del Arte y Actualidad Cultural","description":"","publisher":{"@id":"https:\/\/www.aparences.net\/es\/#organization"},"potentialAction":[{"@type":"SearchAction","target":{"@type":"EntryPoint","urlTemplate":"https:\/\/www.aparences.net\/es\/?s={search_term_string}"},"query-input":{"@type":"PropertyValueSpecification","valueRequired":true,"valueName":"search_term_string"}}],"inLanguage":"es"},{"@type":"Organization","@id":"https:\/\/www.aparences.net\/es\/#organization","name":"Aparences: Historia del Arte y Actualidad Cultural","url":"https:\/\/www.aparences.net\/es\/","logo":{"@type":"ImageObject","inLanguage":"es","@id":"https:\/\/www.aparences.net\/es\/#\/schema\/logo\/image\/","url":"https:\/\/www.aparences.net\/wp-content\/uploads\/2023\/09\/logo-quadrat-color-e1695915315229.png","contentUrl":"https:\/\/www.aparences.net\/wp-content\/uploads\/2023\/09\/logo-quadrat-color-e1695915315229.png","width":120,"height":120,"caption":"Aparences: Historia del Arte y Actualidad Cultural"},"image":{"@id":"https:\/\/www.aparences.net\/es\/#\/schema\/logo\/image\/"}},{"@type":"Person","@id":"https:\/\/www.aparences.net\/es\/#\/schema\/person\/af349f6ffc31b16c68963e61268afca5","name":"admin","url":"https:\/\/www.aparences.net\/es\/author\/admin\/"}]}},"_links":{"self":[{"href":"https:\/\/www.aparences.net\/es\/wp-json\/wp\/v2\/posts\/32715","targetHints":{"allow":["GET"]}}],"collection":[{"href":"https:\/\/www.aparences.net\/es\/wp-json\/wp\/v2\/posts"}],"about":[{"href":"https:\/\/www.aparences.net\/es\/wp-json\/wp\/v2\/types\/post"}],"author":[{"embeddable":true,"href":"https:\/\/www.aparences.net\/es\/wp-json\/wp\/v2\/users\/2"}],"replies":[{"embeddable":true,"href":"https:\/\/www.aparences.net\/es\/wp-json\/wp\/v2\/comments?post=32715"}],"version-history":[{"count":0,"href":"https:\/\/www.aparences.net\/es\/wp-json\/wp\/v2\/posts\/32715\/revisions"}],"wp:featuredmedia":[{"embeddable":true,"href":"https:\/\/www.aparences.net\/es\/wp-json\/wp\/v2\/media\/32714"}],"wp:attachment":[{"href":"https:\/\/www.aparences.net\/es\/wp-json\/wp\/v2\/media?parent=32715"}],"wp:term":[{"taxonomy":"category","embeddable":true,"href":"https:\/\/www.aparences.net\/es\/wp-json\/wp\/v2\/categories?post=32715"},{"taxonomy":"post_tag","embeddable":true,"href":"https:\/\/www.aparences.net\/es\/wp-json\/wp\/v2\/tags?post=32715"}],"curies":[{"name":"wp","href":"https:\/\/api.w.org\/{rel}","templated":true}]}}