{"id":32743,"date":"2024-12-07T07:06:44","date_gmt":"2024-12-07T06:06:44","guid":{"rendered":"https:\/\/www.aparences.net\/?p=32743"},"modified":"2025-12-11T19:40:55","modified_gmt":"2025-12-11T18:40:55","slug":"la-pintura-de-historia-en-la-gran-bretana-del-siglo-xix","status":"publish","type":"post","link":"https:\/\/www.aparences.net\/es\/periodos\/pintura-de-historia-del-siglo-xix\/la-pintura-de-historia-en-la-gran-bretana-del-siglo-xix\/","title":{"rendered":"La pintura de historia en la Gran Breta\u00f1a del siglo XIX"},"content":{"rendered":"<p><!--contents--><\/p>\n\n\n<h2 class=\"wp-block-heading\">La historia como objeto rom\u00e1ntico<\/h2>\n\n\n\n<p>En los a\u00f1os ochenta y noventa del siglo XIX, una serie de investigadores estadounidenses trataron de analizar las condiciones de la producci\u00f3n art\u00edstica y de su recepci\u00f3n, y de no aislar la obra de su contexto hist\u00f3rico, pol\u00edtico y social. A modo de manifiesto y para apoyar su planteamiento, titularon sus trabajos Arts and Politics, Art and Ideology, etc. Hoy en d\u00eda, <strong>nadie cuestiona la importancia del<\/strong> <strong>contexto sociopol\u00edtico para comprender una obra de arte<\/strong>. Si fue en Francia donde naci\u00f3 el \u00abg\u00e9nero hist\u00f3rico\u00bb, fue en parte porque la historia reciente del pa\u00eds, desde 1789, hab\u00eda conocido una \u00abgran guerra civil\u00bb que no termin\u00f3 con el regreso de los Borbones en 1814. Por otro lado, fue un pintor franc\u00e9s <strong>Paul Delaroche<\/strong> el primero en darse cuenta de que era posible utilizar la <strong>representaci\u00f3n visual de la historia inglesa<\/strong> para despertar la conciencia hist\u00f3rica de sus contempor\u00e1neos en Francia. El espect\u00e1culo de Cromwell contemplando la decapitaci\u00f3n de Carlos I pod\u00eda servir de sustituto a las reflexiones de una generaci\u00f3n que a\u00fan recordaba la imagen de la guillotina. La ausencia de una tradici\u00f3n brit\u00e1nica del \u00abgran g\u00e9nero\u00bb es, pues, un motivo recurrente en la cr\u00edtica de arte, que la sit\u00faa siempre en contrapunto con una tradici\u00f3n francesa m\u00e1s s\u00f3lida. En la primera Exposici\u00f3n Universal de Par\u00eds de 1855, la gran mayor\u00eda de <strong>los cuadros brit\u00e1nicos se inspiraron en temas hist\u00f3ricos<\/strong>, en particular las importantes producciones de la nueva <a href=\"https:\/\/www.aparences.net\/es\/periodos\/el-prerrafaelismo\/\">escuela prerrafaelita<\/a>, que el p\u00fablico internacional descubri\u00f3 por primera vez, como el cuadro <em><strong>La orden de liberaci\u00f3n<\/strong><\/em> de <strong>John Everett Millais<\/strong>, una conmovedora escena en la que un soldado jacobita an\u00f3nimo herido, es sacado de la c\u00e1rcel por su esposa, y el perro que lo recibe magn\u00edficamente representado.<\/p>\n\n\n<div class=\"wp-block-image\">\n<figure class=\"aligncenter size-full\"><img loading=\"lazy\" decoding=\"async\" width=\"576\" height=\"448\" src=\"https:\/\/www.aparences.net\/wp-content\/uploads\/2024\/11\/john-everett-millais-lordre-de-liberation-1852-53.webp\" alt=\"La orden de liberaci\u00f3n, detalle, 1746, 1852-1853, John Everett Millais\" class=\"wp-image-32720\" title=\"La orden de liberaci\u00f3n, detalle, 1746, 1852-1853, John Everett Millais\"\/><figcaption class=\"wp-element-caption\"><em><strong>La orden de liberaci\u00f3n<\/strong>, detalle, 1746, 1852-1853, <strong>John Everett Millais<\/strong>, <\/em><br><em>Londres, Tate.<\/em><\/figcaption><\/figure>\n<\/div>\n\n\n<p>En la Inglaterra de principios del siglo XVIII, la historia y su representaci\u00f3n eran temas de gran importancia. En 1715, y de nuevo en 1745, la exiliada dinast\u00eda de los Estuardo amenaz\u00f3 con recuperar el trono de sus primos protestantes, la Casa de Hannover. En aquella \u00e9poca, \u00abel sufrimiento y muerte\u00bb del monarca Estuardo, la \u00abcausa\u00bb jacobita a\u00fan contaba con partidarios en diversos sectores de la sociedad brit\u00e1nica. A principios del siglo XIX, sin embargo, la causa estaba irremediablemente perdida. Eliminado todo riesgo de conflicto social o controversia pol\u00edtica, se convirti\u00f3 en un <a href=\"https:\/\/www.aparences.net\/es\/periodos\/romanticismo\/\">tema rom\u00e1ntico<\/a>. Ello explica la aparici\u00f3n de una figura emblem\u00e1tica, cuya visi\u00f3n del pasado conquist\u00f3 a todo el continente europeo: el escritor escoc\u00e9s <a href=\"https:\/\/es.wikipedia.org\/wiki\/Walter_Scott\">Sir Walter Scott<\/a>. El \u00e9xito que tuvieron sus novelas hist\u00f3ricas es indicativo de esta reapropiaci\u00f3n del pasado. Su primera novela, <em>Waverley<\/em>, publicada an\u00f3nimamente en 1814, toma como tema el levantamiento jacobita de 1745. Como explica el texto, fue el \u00faltimo acto de la \u00abgran guerra civil\u00bb. En su cuadro <em><strong>La noche antes de Naseby<\/strong><\/em>, el pintor <strong>Augustus Egg<\/strong> presenta a Cromwell como un hombre que reza en v\u00edsperas de la batalla en una escena nocturna de imponente solemnidad. Sin embargo, Egg no se interroga sobre el pasado y el orden mon\u00e1rquico, sino que subraya el papel esencial de Cromwell, un l\u00edder que combin\u00f3 convicciones morales resueltamente modernas con el deseo de establecer un nuevo orden pol\u00edtico.<\/p>\n\n\n<div class=\"wp-block-image\">\n<figure class=\"aligncenter size-full\"><img loading=\"lazy\" decoding=\"async\" width=\"576\" height=\"460\" src=\"https:\/\/www.aparences.net\/wp-content\/uploads\/2024\/11\/augustus-egg-la-nuit-avant-naseby-1859.webp\" alt=\"La noche antes de Naseby, 1859, Augustus Egg\" class=\"wp-image-32722\" title=\"La noche antes de Naseby, 1859, Augustus Egg\"\/><figcaption class=\"wp-element-caption\"><em>La noche antes de Naseby, 1859, <strong>Augustus Egg<\/strong>, Londres, Royal Academy<\/em>.<\/figcaption><\/figure>\n<\/div>\n\n\n<!-- AdBoxRight2020 --><ins class=\"adsbygoogle\"     style=\"display:block; margin-top:30px;\"     data-ad-client=\"ca-pub-2468002815867636\"     data-ad-slot=\"3496014735\"     data-ad-format=\"auto\"     data-full-width-responsive=\"false\"><\/ins><script> (adsbygoogle = window.adsbygoogle || []).push({});<\/script><h2 class=\"wp-block-heading\">El grupo St. John&#8217;s Wood Clique<\/h2>\n\n\n\n<p>Bautizado con el nombre del barrio de Londres donde viv\u00edan, el grupo <strong>St. John&#8217;s Wood Clique<\/strong> (Pandilla del Bosque de san Juan) estaba formado por siete artistas, un n\u00famero m\u00e1gico que tambi\u00e9n era el de los miembros de la <a href=\"https:\/\/www.aparences.net\/es\/periodos\/el-prerrafaelismo\/\">Hermandad Prerrafaelita<\/a> en el momento de su formaci\u00f3n en 1848. Mientras que los prerrafaelitas hab\u00edan recibido una educaci\u00f3n art\u00edstica exclusivamente inglesa, los j\u00f3venes artistas de St. John&#8217;s Wood eran mucho m\u00e1s cosmopolitas. A menudo considerado como su l\u00edder, <strong>Philip Herm\u00f3genes Calder\u00f3n<\/strong> naci\u00f3 en Poitiers de padre espa\u00f1ol y madre francesa; a principios de la d\u00e9cada de 1850, asisti\u00f3 al estudio parisino de Fran\u00e7ois \u00c9douard Picot, junto con <strong>Henry Stacy Marks<\/strong>, uno de sus futuros colegas en la St. John&#8217;s Wood Clique. Nacido en Rusia, de padre diplom\u00e1tico, otro artista, <strong>William Frederick Yeames<\/strong> se educ\u00f3 en Dresde, Florencia y Roma, mientras que <strong>George Adolphus Storey<\/strong> estudi\u00f3 en Par\u00eds hasta los quince a\u00f1os. Los otros miembros del grupo &#8211;<strong>John Evan Hodgson<\/strong>, <strong>George Dunlop Leslie<\/strong> y <strong>David Wilkie Wynfield<\/strong>&#8211; estudiaron en Gran Breta\u00f1a, pero el grupo en su conjunto estaba muy abierto a los recientes desarrollos art\u00edsticos en el continente y ten\u00eda la ambici\u00f3n de ser reconocido m\u00e1s all\u00e1 de su propio pa\u00eds.<\/p>\n\n\n<div class=\"wp-block-image\">\n<figure class=\"aligncenter size-full\"><img loading=\"lazy\" decoding=\"async\" width=\"680\" height=\"328\" src=\"https:\/\/www.aparences.net\/wp-content\/uploads\/2024\/11\/david-wilkie-anne-boleyn-and-percy-1866.webp\" alt=\"Ana Bolena y Percy, 1866, David Wilkie Wynfield \" class=\"wp-image-32724\" title=\"Ana Bolena y Percy, 1866, David Wilkie Wynfield \"\/><figcaption class=\"wp-element-caption\"><em>Ana Bolena y Percy, 1866, <strong>David Wilkie Wynfield<\/strong> (1837 &#8211; 1887), Colecci\u00f3n particular.<\/em><\/figcaption><\/figure>\n<\/div>\n\n\n<p>En la obra <em><strong>Matilda<\/strong><\/em>, de <strong>George Dunlop Leslie<\/strong>, el personaje se identifica generalmente con Matilda, condesa de Toscana (1046-1115) de la casa de los Canossa. Leslie la representa recogiendo flores en un magn\u00edfico paisaje, observada a lo lejos por Dante, Virgilio y Estacio. Cuando se expuso en la Royal Academy en 1860, la obra iba acompa\u00f1ada de una cita de los Salmos: \u00abPorque t\u00fa, Se\u00f1or, me has alegrado con tus obras; cantar\u00e9 con gozo ante las obras de tus manos\u00bb. El cr\u00edtico Tom Taylor del Times lo describi\u00f3 como \u00abuna dama reclinada en un verde jard\u00edn junto a un estanque de nen\u00fafares\u00bb y celebr\u00f3 \u00abel poder de una pintura de paisaje que conlleva un sentimiento reflexivo y elegante de la forma y el car\u00e1cter femeninos, que prometen mucho para el futuro de este joven pintor\u00bb. La obra fue comprada al artista por John Hamilton Trist (1811-1891), un comerciante de vinos de Brighton que pose\u00eda una excelente colecci\u00f3n de pinturas modernas, entre ellas las de Albert Moore, <a href=\"https:\/\/www.aparences.net\/es\/periodos\/dante-gabriel-rossetti\/\">Rossetti<\/a>, Alma-Tadema y Leighton.<\/p>\n\n\n<div class=\"wp-block-image\">\n<figure class=\"aligncenter size-full\"><img loading=\"lazy\" decoding=\"async\" width=\"700\" height=\"380\" src=\"https:\/\/www.aparences.net\/wp-content\/uploads\/2024\/11\/george-dunlop-leslie-matilda-1859.webp\" alt=\"Matilda, 1859, George Dunlop Leslie\" class=\"wp-image-32726\" title=\"Matilda, 1859, George Dunlop Leslie\"\/><figcaption class=\"wp-element-caption\"><em><strong>Matilda<\/strong>, 1859, <strong>George Dunlop Leslie<\/strong>, Londres, Royal Academy.<\/em><\/figcaption><\/figure>\n<\/div>\n\n\n<p>As\u00ed pues, a mediados de la d\u00e9cada de 1860 se produjo una <strong>gran fertilidad art\u00edstica en torno a la noci\u00f3n de pintura hist\u00f3rica<\/strong>, que reuni\u00f3 a una gran variedad de pintores pertenecientes al <a href=\"https:\/\/www.aparences.net\/es\/periodos\/el-prerrafaelismo\/\">c\u00edrculo prerrafaelita<\/a> y a la generaci\u00f3n m\u00e1s joven. Los cuadros expuestos por el grupo St. John&#8217;s Wood en la Royal Academy y en otros eventos londinenses representaban <strong>acontecimientos de la historia brit\u00e1nica<\/strong> evocando hechos hist\u00f3ricos fascinantes o personajes importantes. La reina Isabel era uno de los personajes favoritos del grupo. <strong>William Frederick Yeames<\/strong> la represent\u00f3 desempe\u00f1ando sus funciones pol\u00edticas como en el cuadro de 1866 <em>La reina Isabel recibiendo a los embajadores franceses tras el anuncio de la matanza del d\u00eda de San Bartolom\u00e9<\/em>, y en otro episodio de su vida personal en el cuadro que lleva por t\u00edtulo <em><strong>La reina Isabel y Leicester<\/strong><\/em>, donde el pintor muestra a Leicester y a la reina juntos, con el siniestro Thomas Howard, duque de Norfolk, asomando al fondo. Hostil a la ambici\u00f3n de Leicester de casarse con la Reina, en este incidente imaginario interrumpe a la pareja, que est\u00e1 escuchando a un joven laudista. La actitud de Leicester es la de un amante cort\u00e9s, pero tambi\u00e9n expresa la deferencia de un s\u00fabdito hacia su reina.<\/p>\n\n\n<div class=\"wp-block-image\">\n<figure class=\"aligncenter size-full\"><img loading=\"lazy\" decoding=\"async\" width=\"603\" height=\"460\" src=\"https:\/\/www.aparences.net\/wp-content\/uploads\/2024\/11\/william-frederick-yeames-la-reine-elisabeth-et-leicester-1865.webp\" alt=\"La reina Isabel y Leicester, 1865, William Frederick Yeames\" class=\"wp-image-32728\" title=\"La reina Isabel y Leicester, 1865, William Frederick Yeames\"\/><figcaption class=\"wp-element-caption\"><em>La reina Isabel y Leicester, 1865, <strong>William Frederick Yeames<\/strong>, Colecci\u00f3n privada.<\/em><\/figcaption><\/figure>\n<\/div>\n\n<div class=\"wp-block-image\">\n<figure class=\"aligncenter size-full\"><img loading=\"lazy\" decoding=\"async\" width=\"698\" height=\"438\" src=\"https:\/\/www.aparences.net\/wp-content\/uploads\/2024\/11\/william-frederick-yeames-the-meeting-of-thomas-more.webp\" alt=\"El encuentro de Tom\u00e1s Moro con su hija, William Frederick Yeames\" class=\"wp-image-32730\" title=\"El encuentro de Tom\u00e1s Moro con su hija, William Frederick Yeames\"\/><figcaption class=\"wp-element-caption\"><em>El encuentro de Tom\u00e1s Moro con su hija tras su sentencia de muerte, <strong>William Frederick Yeames<\/strong>, Torre de Londres.<\/em><\/figcaption><\/figure>\n<\/div>\n\n\n<h2 class=\"wp-block-heading\">La Madonna de Cimabue por Frederic Leighton<\/h2>\n\n\n\n<p>En la exposici\u00f3n de la Royal Academy de 1855, un joven y ambicioso artista brit\u00e1nico, <strong>Frederic Leighton<\/strong> (Scarborough 1830 &#8211; Kensington 1896), expuso por primera vez con una obra titulada <em>La famosa Madonna de Cimabue es llevada en procesi\u00f3n por las calles de Florencia<\/em>. Leighton hab\u00eda recibido una rigurosa formaci\u00f3n en Frankfurt y trabaj\u00f3 en Roma de 1852 a 1855, antes de trasladarse a Par\u00eds. Adem\u00e1s de sus extravagantes proporciones, esta obra sobre un magn\u00edfico tema vasariano fue concebida y ejecutada seg\u00fan los preceptos del arte acad\u00e9mico, que implicaba preparar decenas de estudios detallados de figuras a l\u00e1piz y bocetos al \u00f3leo para revelar colores y tonos. Sin embargo, en ciertos aspectos, el cuadro de Leighton est\u00e1 a medio camino entre una verdadera pintura de historia y un \u00abg\u00e9nero hist\u00f3rico\u00bb. El sentido impl\u00edcito del acontecimiento <strong>se inspira en las <em>Vidas<\/em> de Vasari<\/strong>. El tema, el vestuario y el decorado cuidadosamente documentado remiten a uno de los periodos del arte italiano anterior a Rafael (el siglo XIV o <a href=\"https:\/\/www.aparences.net\/es\/periodos\/el-trecento\/\">Trecento<\/a>), un \u00e1mbito de la historia del arte que los <a href=\"https:\/\/www.aparences.net\/es\/periodos\/el-prerrafaelismo\">artistas prerrafaelitas<\/a> han hecho familiar. No se trata de una pintura de historia general y majestuosa, parecida a la de <a href=\"https:\/\/www.aparences.net\/es\/periodos\/neoclasicismo\/jacques-louis-david\/\">la escuela de David<\/a>. Se trata m\u00e1s bien de un <strong>enfoque rom\u00e1ntico m\u00e1s reciente de la pintura de historia<\/strong>, rebosante de vida y de detalles.<\/p>\n\n\n<div class=\"wp-block-image\">\n<figure class=\"aligncenter size-full\"><img loading=\"lazy\" decoding=\"async\" width=\"700\" height=\"310\" src=\"https:\/\/www.aparences.net\/wp-content\/uploads\/2024\/11\/frederic-leighton-la-madone-de-cimabue-portee-en-procession-1854-55.webp\" alt=\"La Madonna de Cimabue llevada en procesi\u00f3n, 1854-55, Frederick Leighton\" class=\"wp-image-32732\" title=\"La Madonna de Cimabue llevada en procesi\u00f3n, 1854-55, Frederick Leighton\"\/><figcaption class=\"wp-element-caption\"><em>La famosa Madonna de Cimabue llevada en procesi\u00f3n por las calles de Florencia, 1854-55, <\/em><br><em><strong>Frederick Leighton<\/strong>, Londres, National Gallery.<\/em><\/figcaption><\/figure>\n<\/div>\n\n\n<p>El cuadro con el largo t\u00edtulo de: La famosa Madonna de Cimabue es llevada en procesi\u00f3n por las calles de Florencia; delante de la Madonna camina el propio <strong>Cimabue<\/strong>, coronado de laureles, con su disc\u00edpulo <strong>Giotto<\/strong> ; Detr\u00e1s, Arnolfo di Lappo, Gaddo Gaddi, Andrea Tafi, <strong>Nicola Pisano<\/strong>, Buffamalco y Simone Memmi, en la esquina <strong>Dante<\/strong>. Pintado por Leighton en 1854-55, se ajusta a los principios preconizados en un art\u00edculo de Ford Madox Brown, otro pintor brit\u00e1nico formado en el Continente y que reflexion\u00f3 mucho sobre la pintura hist\u00f3rica.<\/p>\n\n\n<div class=\"wp-block-image\">\n<figure class=\"aligncenter size-full\"><img loading=\"lazy\" decoding=\"async\" width=\"700\" height=\"334\" src=\"https:\/\/www.aparences.net\/wp-content\/uploads\/2024\/11\/frederic-leighton-madone-de-cimabue.jpg\" alt=\"\" class=\"wp-image-32746\"\/><figcaption class=\"wp-element-caption\"><em>La famosa Madonna de Cimabue llevada en procesi\u00f3n por las calles de Florencia, detalle, 1854-55, Frederick Leighton, Londres, National Gallery.<\/em><\/figcaption><\/figure>\n<\/div>\n\n\n<!-- AdBoxLeft2023 --><ins class=\"adsbygoogle\" style=\"display:block\" data-ad-client=\"ca-pub-2468002815867636\" data-ad-slot=\"1318022963\" data-ad-format=\"auto\" data-full-width-responsive=\"true\"><\/ins><script> (adsbygoogle = window.adsbygoogle || []).push({});<\/script><h2 class=\"wp-block-heading\">C\u00f3mo representar la indumentaria de moda<\/h2>\n\n\n\n<p>La combinaci\u00f3n de una narraci\u00f3n espectacular, aunque misteriosa, y de <strong>detalles hist\u00f3ricos y vestimentarios representados con precisi\u00f3n tuvo mucho \u00e9xito<\/strong>. A partir de mediados de la d\u00e9cada de 1860, todos <strong>los <\/strong>pintores del grupo St. John&#8217;s Wood fueron adoptando gradualmente este enfoque. <strong>George Dunlop Leslie<\/strong> introdujo una variaci\u00f3n al representar la elegante vida de las clases ociosas en el siglo XVIII, un periodo de tranquilidad y paz antes de los trastornos provocados por la Revoluci\u00f3n Francesa. El cuadro <em><strong>Pot Pourri<\/strong><\/em> es un ejemplo t\u00edpico. Las ondulaciones y repliegues de las telas, inspiradas en la indumentaria de finales del siglo XVIII, contrastan con la regularidad ordenada de las ventanas de guillotina blanca y el dise\u00f1o rectil\u00edneo del jard\u00edn paisajista del fondo; la luz del sol filtrada a trav\u00e9s de las persianas es una proeza art\u00edstica, que tambi\u00e9n confiere una sensaci\u00f3n de calma a esta escena dom\u00e9stica, protegida de la agitaci\u00f3n pol\u00edtica y social en la que viven estas mujeres. En un cuadro de <strong>Frederic Leighton<\/strong> que lleva por t\u00edtulo <em><strong>Las horas doradas<\/strong><\/em> la indumenaria del m\u00fasico pertenece al Renacimiento veneciano.<\/p>\n\n\n<div class=\"wp-block-image\">\n<figure class=\"aligncenter size-full\"><img loading=\"lazy\" decoding=\"async\" width=\"460\" height=\"460\" src=\"https:\/\/www.aparences.net\/wp-content\/uploads\/2024\/11\/george-dunlop-leslie-pot-pourri.webp\" alt=\"Pop Pourri, George Dunlop Leslie \" class=\"wp-image-32734\" title=\"Pop Pourri, George Dunlop Leslie\" srcset=\"https:\/\/www.aparences.net\/wp-content\/uploads\/2024\/11\/george-dunlop-leslie-pot-pourri.webp 460w, https:\/\/www.aparences.net\/wp-content\/uploads\/2024\/11\/george-dunlop-leslie-pot-pourri-100x100.webp 100w, https:\/\/www.aparences.net\/wp-content\/uploads\/2024\/11\/george-dunlop-leslie-pot-pourri-150x150.webp 150w\" sizes=\"auto, (max-width: 460px) 100vw, 460px\" \/><figcaption class=\"wp-element-caption\"><em>Pop Pourri, <strong>George Dunlop Leslie<\/strong> (1835-1921), Colecci\u00f3n privada.<\/em><\/figcaption><\/figure>\n<\/div>\n\n<div class=\"wp-block-image\">\n<figure class=\"aligncenter size-full\"><img loading=\"lazy\" decoding=\"async\" width=\"700\" height=\"443\" src=\"https:\/\/www.aparences.net\/wp-content\/uploads\/2024\/11\/frederic-leighton-heures-dorees-1864.webp\" alt=\"Las horas doradas, 1864, Frederic Leighton\" class=\"wp-image-32736\" title=\"Las horas doradas, 1864, Frederic Leighton,\"\/><figcaption class=\"wp-element-caption\"><em>Las horas doradas, 1864, <strong>Frederic Leighton<\/strong>, Colecci\u00f3n privada.<\/em><\/figcaption><\/figure>\n<\/div>\n\n\n<p>El cuadro <em><strong>Su alt\u00edsima, noble y poderosa Gracia<\/strong><\/em> de <strong>Philip Herm\u00f3genes Calder\u00f3n<\/strong> le vali\u00f3 al artista una medalla de primera clase en 1867, el mayor galard\u00f3n concedido a un artista brit\u00e1nico en ese a\u00f1o. La obra adopta un enfoque ligeramente diferente al de los temas m\u00e1s espec\u00edficamente hist\u00f3ricos de a\u00f1os anteriores; se trata de una escena de finales del siglo XV con un interior y un vestuario profusamente reconstruidos, pero no hay figuras ni acontecimientos hist\u00f3ricos discernibles. Corresponde al espectador descifrar el significado y las incidencias. Algunos cr\u00edticos sit\u00faan esta escena en Espa\u00f1a debido a los or\u00edgenes espa\u00f1oles del pintor. El cr\u00edtico del Daly News, m\u00e1s perspicaz, describe la escena como \u00absugerida al pintor por los primeros a\u00f1os de la vida de Ana de Breta\u00f1a\u00bb. En efecto, los rasgos faciales y la posici\u00f3n de los brazos se parecen mucho al retrato de Ana que figura en el Libro de Horas que ella encarg\u00f3 en 1505-1508, iluminado por Jean Bourdichon.<\/p>\n\n\n<div class=\"wp-block-image\">\n<figure class=\"aligncenter size-full\"><img loading=\"lazy\" decoding=\"async\" width=\"696\" height=\"371\" src=\"https:\/\/www.aparences.net\/wp-content\/uploads\/2024\/11\/philip-hermogenes-calderon-tres-haute-et-puissante-grace-1865.webp\" alt=\"Su alt\u00edsima, noble y poderosa gracia, 1865, Philip Herm\u00f3genes Calder\u00f3n\" class=\"wp-image-32738\" title=\"Su alt\u00edsima, noble y poderosa gracia, 1865, Philip Herm\u00f3genes Calder\u00f3n\"\/><figcaption class=\"wp-element-caption\"><em>Su alt\u00edsima, noble y poderosa Gracia<\/em>,<em> 1865, <strong>Philip Herm\u00f3genes Calder\u00f3n<\/strong>, Colecci\u00f3n privada.<\/em><\/figcaption><\/figure>\n<\/div>\n\n\n<p>Los trajes y accesorios son tambi\u00e9n t\u00edpicos de <a href=\"https:\/\/www.aparences.net\/es\/arte-y-mecenazgo\/renacimiento-y-vida-privada\/la-moda-en-el-siglo-xv\/\">la moda<\/a> de la \u00e9poca de Ana. Los vestidos con escote en V, las sedas adornadas con grandes motivos y los peinados son t\u00edpicos de finales del siglo XV, en particular <strong>las dos variantes del hennin<\/strong>, un tocado en forma de cono o cono truncado, que llevan las damas de honor que portan la cola del vestido de la ni\u00f1a. El tapiz de la pared, con sus rojos y dorados flam\u00edgeros y su tema -una procesi\u00f3n de elefantes- recuerda a la serie de los Triunfos del C\u00e9sar de <a href=\"https:\/\/www.aparences.net\/es\/arte-y-mecenazgo\/los-gonzaga-de-mantua\/andrea-mantegna-pintor-de-corte\/\">Andrea Mantegna<\/a>, de la d\u00e9cada de 1480: tambi\u00e9n en este caso se respeta la coherencia temporal. Los dem\u00e1s miembros del grupo de St. John&#8217;s Wood utilizaron a menudo grandes formatos para mostrar sus audaces composiciones. En 1878, se present\u00f3 en la Royal Academy el famoso misterio hist\u00f3rico de <strong>William Frederick Yeames<\/strong>, en el cuadro <em><strong>\u00bfY cu\u00e1ndo viste a tu padre por \u00faltima vez?<\/strong><\/em> en el que un ni\u00f1o vestido como un cortesano de Carlos I es interrogado por hombres cuya indumentaria indica que son partidarios de Cromwell. Aqu\u00ed, los trajes hist\u00f3ricos y la composici\u00f3n en horizontal cuentan la historia visualmente, sin el apoyo de una fuente textual.<\/p>\n\n\n<div class=\"wp-block-image\">\n<figure class=\"aligncenter size-full\"><img loading=\"lazy\" decoding=\"async\" width=\"700\" height=\"359\" src=\"https:\/\/www.aparences.net\/wp-content\/uploads\/2024\/11\/william-frederick-yeames-and-when-did-you-last-see-your-father-1878.webp\" alt=\"\u00bfY cu\u00e1ndo viste a tu padre por \u00faltima vez? 1878, William Yeames\" class=\"wp-image-32740\" title=\"\u00bfY cu\u00e1ndo viste a tu padre por \u00faltima vez? 1878, William Yeames\"\/><figcaption class=\"wp-element-caption\"><em>\u00bfY cu\u00e1ndo viste a tu padre por \u00faltima vez? 1878, <strong>William Frederick Yeames<\/strong>, <\/em><br><em>Liverpool, Walquer Art Gallery.<\/em><\/figcaption><\/figure>\n<\/div>\n\n\n<h5 class=\"wp-block-heading\">Bibliograf\u00eda<\/h5>\n\n\n\n<p>Marie Claude Chaudonneret. <em>Peinture et Histoire dans les ann\u00e9es 1820-1830<\/em>. Actes Sud, 2004<br>Collectif. <em>L\u2019invention du pass\u00e9<\/em>. Cat. Exp. Hazan, 2014<br>Francis Haskell. <em>L\u2019Historien et les images<\/em>. Gallimard, 1995<br>Bevis Hillier. <em>The St. John\u2019s Wood Clique<\/em>. Apollo, 1964<\/p>\n","protected":false},"excerpt":{"rendered":"<p>La historia como objeto rom\u00e1ntico En los a\u00f1os ochenta y noventa del siglo XIX, una serie de investigadores estadounidenses trataron de analizar las condiciones de [&#8230;]<\/p>\n","protected":false},"author":2,"featured_media":32742,"comment_status":"closed","ping_status":"closed","sticky":false,"template":"","format":"standard","meta":{"footnotes":""},"categories":[6276],"tags":[],"class_list":["post-32743","post","type-post","status-publish","format-standard","has-post-thumbnail","hentry","category-pintura-de-historia-del-siglo-xix"],"yoast_head":"<!-- This site is optimized with the Yoast SEO plugin v27.2 - https:\/\/yoast.com\/product\/yoast-seo-wordpress\/ -->\n<title>La pintura de historia en la Gran Breta\u00f1a del siglo XIX<\/title>\n<meta name=\"description\" content=\"En Gran Breta\u00f1a, a mediados de la d\u00e9cada de 1860 se produjo una gran fertilidad art\u00edstica en torno a la noci\u00f3n de pintura de historia.\" \/>\n<meta name=\"robots\" content=\"index, follow, max-snippet:-1, max-image-preview:large, max-video-preview:-1\" \/>\n<link rel=\"canonical\" href=\"https:\/\/www.aparences.net\/es\/periodos\/pintura-de-historia-del-siglo-xix\/la-pintura-de-historia-en-la-gran-bretana-del-siglo-xix\/\" \/>\n<meta property=\"og:locale\" content=\"es_ES\" \/>\n<meta property=\"og:type\" content=\"article\" \/>\n<meta property=\"og:title\" content=\"La pintura de historia en la Gran Breta\u00f1a del siglo XIX\" \/>\n<meta property=\"og:description\" content=\"En Gran Breta\u00f1a, a mediados de la d\u00e9cada de 1860 se produjo una gran fertilidad art\u00edstica en torno a la noci\u00f3n de pintura de historia.\" \/>\n<meta property=\"og:url\" content=\"https:\/\/www.aparences.net\/es\/periodos\/pintura-de-historia-del-siglo-xix\/la-pintura-de-historia-en-la-gran-bretana-del-siglo-xix\/\" \/>\n<meta property=\"og:site_name\" content=\"Aparences\" \/>\n<meta property=\"article:published_time\" content=\"2024-12-07T06:06:44+00:00\" \/>\n<meta property=\"article:modified_time\" content=\"2025-12-11T18:40:55+00:00\" \/>\n<meta property=\"og:image\" content=\"https:\/\/www.aparences.net\/wp-content\/uploads\/2024\/11\/peinture-d-histoire-grande-bretagne.webp\" \/>\n\t<meta property=\"og:image:width\" content=\"1080\" \/>\n\t<meta property=\"og:image:height\" content=\"540\" \/>\n\t<meta property=\"og:image:type\" content=\"image\/webp\" \/>\n<meta name=\"author\" content=\"admin\" \/>\n<meta name=\"twitter:card\" content=\"summary_large_image\" \/>\n<meta name=\"twitter:label1\" content=\"Escrito por\" \/>\n\t<meta name=\"twitter:data1\" content=\"admin\" \/>\n\t<meta name=\"twitter:label2\" content=\"Tiempo de lectura\" \/>\n\t<meta name=\"twitter:data2\" content=\"13 minutos\" \/>\n<script type=\"application\/ld+json\" class=\"yoast-schema-graph\">{\"@context\":\"https:\/\/schema.org\",\"@graph\":[{\"@type\":\"Article\",\"@id\":\"https:\/\/www.aparences.net\/es\/periodos\/pintura-de-historia-del-siglo-xix\/la-pintura-de-historia-en-la-gran-bretana-del-siglo-xix\/#article\",\"isPartOf\":{\"@id\":\"https:\/\/www.aparences.net\/es\/periodos\/pintura-de-historia-del-siglo-xix\/la-pintura-de-historia-en-la-gran-bretana-del-siglo-xix\/\"},\"author\":{\"name\":\"admin\",\"@id\":\"https:\/\/www.aparences.net\/es\/#\/schema\/person\/af349f6ffc31b16c68963e61268afca5\"},\"headline\":\"La pintura de historia en la Gran Breta\u00f1a del siglo XIX\",\"datePublished\":\"2024-12-07T06:06:44+00:00\",\"dateModified\":\"2025-12-11T18:40:55+00:00\",\"mainEntityOfPage\":{\"@id\":\"https:\/\/www.aparences.net\/es\/periodos\/pintura-de-historia-del-siglo-xix\/la-pintura-de-historia-en-la-gran-bretana-del-siglo-xix\/\"},\"wordCount\":2353,\"publisher\":{\"@id\":\"https:\/\/www.aparences.net\/es\/#organization\"},\"image\":{\"@id\":\"https:\/\/www.aparences.net\/es\/periodos\/pintura-de-historia-del-siglo-xix\/la-pintura-de-historia-en-la-gran-bretana-del-siglo-xix\/#primaryimage\"},\"thumbnailUrl\":\"https:\/\/www.aparences.net\/wp-content\/uploads\/2024\/11\/peinture-d-histoire-grande-bretagne.webp\",\"articleSection\":[\"Pintura de historia del siglo XIX\"],\"inLanguage\":\"es\"},{\"@type\":[\"WebPage\",\"ItemPage\"],\"@id\":\"https:\/\/www.aparences.net\/es\/periodos\/pintura-de-historia-del-siglo-xix\/la-pintura-de-historia-en-la-gran-bretana-del-siglo-xix\/\",\"url\":\"https:\/\/www.aparences.net\/es\/periodos\/pintura-de-historia-del-siglo-xix\/la-pintura-de-historia-en-la-gran-bretana-del-siglo-xix\/\",\"name\":\"La pintura de historia en la Gran Breta\u00f1a del siglo XIX\",\"isPartOf\":{\"@id\":\"https:\/\/www.aparences.net\/es\/#website\"},\"primaryImageOfPage\":{\"@id\":\"https:\/\/www.aparences.net\/es\/periodos\/pintura-de-historia-del-siglo-xix\/la-pintura-de-historia-en-la-gran-bretana-del-siglo-xix\/#primaryimage\"},\"image\":{\"@id\":\"https:\/\/www.aparences.net\/es\/periodos\/pintura-de-historia-del-siglo-xix\/la-pintura-de-historia-en-la-gran-bretana-del-siglo-xix\/#primaryimage\"},\"thumbnailUrl\":\"https:\/\/www.aparences.net\/wp-content\/uploads\/2024\/11\/peinture-d-histoire-grande-bretagne.webp\",\"datePublished\":\"2024-12-07T06:06:44+00:00\",\"dateModified\":\"2025-12-11T18:40:55+00:00\",\"description\":\"En Gran Breta\u00f1a, a mediados de la d\u00e9cada de 1860 se produjo una gran fertilidad art\u00edstica en torno a la noci\u00f3n de pintura de historia.\",\"breadcrumb\":{\"@id\":\"https:\/\/www.aparences.net\/es\/periodos\/pintura-de-historia-del-siglo-xix\/la-pintura-de-historia-en-la-gran-bretana-del-siglo-xix\/#breadcrumb\"},\"inLanguage\":\"es\",\"potentialAction\":[{\"@type\":\"ReadAction\",\"target\":[\"https:\/\/www.aparences.net\/es\/periodos\/pintura-de-historia-del-siglo-xix\/la-pintura-de-historia-en-la-gran-bretana-del-siglo-xix\/\"]}]},{\"@type\":\"ImageObject\",\"inLanguage\":\"es\",\"@id\":\"https:\/\/www.aparences.net\/es\/periodos\/pintura-de-historia-del-siglo-xix\/la-pintura-de-historia-en-la-gran-bretana-del-siglo-xix\/#primaryimage\",\"url\":\"https:\/\/www.aparences.net\/wp-content\/uploads\/2024\/11\/peinture-d-histoire-grande-bretagne.webp\",\"contentUrl\":\"https:\/\/www.aparences.net\/wp-content\/uploads\/2024\/11\/peinture-d-histoire-grande-bretagne.webp\",\"width\":1080,\"height\":540},{\"@type\":\"BreadcrumbList\",\"@id\":\"https:\/\/www.aparences.net\/es\/periodos\/pintura-de-historia-del-siglo-xix\/la-pintura-de-historia-en-la-gran-bretana-del-siglo-xix\/#breadcrumb\",\"itemListElement\":[{\"@type\":\"ListItem\",\"position\":1,\"name\":\"Portada\",\"item\":\"https:\/\/www.aparences.net\/es\/\"},{\"@type\":\"ListItem\",\"position\":2,\"name\":\"La pintura de historia en la Gran Breta\u00f1a del siglo XIX\"}]},{\"@type\":\"WebSite\",\"@id\":\"https:\/\/www.aparences.net\/es\/#website\",\"url\":\"https:\/\/www.aparences.net\/es\/\",\"name\":\"Aparences: Historia del Arte y Actualidad Cultural\",\"description\":\"\",\"publisher\":{\"@id\":\"https:\/\/www.aparences.net\/es\/#organization\"},\"potentialAction\":[{\"@type\":\"SearchAction\",\"target\":{\"@type\":\"EntryPoint\",\"urlTemplate\":\"https:\/\/www.aparences.net\/es\/?s={search_term_string}\"},\"query-input\":{\"@type\":\"PropertyValueSpecification\",\"valueRequired\":true,\"valueName\":\"search_term_string\"}}],\"inLanguage\":\"es\"},{\"@type\":\"Organization\",\"@id\":\"https:\/\/www.aparences.net\/es\/#organization\",\"name\":\"Aparences: Historia del Arte y Actualidad Cultural\",\"url\":\"https:\/\/www.aparences.net\/es\/\",\"logo\":{\"@type\":\"ImageObject\",\"inLanguage\":\"es\",\"@id\":\"https:\/\/www.aparences.net\/es\/#\/schema\/logo\/image\/\",\"url\":\"https:\/\/www.aparences.net\/wp-content\/uploads\/2023\/09\/logo-quadrat-color-e1695915315229.png\",\"contentUrl\":\"https:\/\/www.aparences.net\/wp-content\/uploads\/2023\/09\/logo-quadrat-color-e1695915315229.png\",\"width\":120,\"height\":120,\"caption\":\"Aparences: Historia del Arte y Actualidad Cultural\"},\"image\":{\"@id\":\"https:\/\/www.aparences.net\/es\/#\/schema\/logo\/image\/\"}},{\"@type\":\"Person\",\"@id\":\"https:\/\/www.aparences.net\/es\/#\/schema\/person\/af349f6ffc31b16c68963e61268afca5\",\"name\":\"admin\",\"url\":\"https:\/\/www.aparences.net\/es\/author\/admin\/\"}]}<\/script>\n<!-- \/ Yoast SEO plugin. -->","yoast_head_json":{"title":"La pintura de historia en la Gran Breta\u00f1a del siglo XIX","description":"En Gran Breta\u00f1a, a mediados de la d\u00e9cada de 1860 se produjo una gran fertilidad art\u00edstica en torno a la noci\u00f3n de pintura de historia.","robots":{"index":"index","follow":"follow","max-snippet":"max-snippet:-1","max-image-preview":"max-image-preview:large","max-video-preview":"max-video-preview:-1"},"canonical":"https:\/\/www.aparences.net\/es\/periodos\/pintura-de-historia-del-siglo-xix\/la-pintura-de-historia-en-la-gran-bretana-del-siglo-xix\/","og_locale":"es_ES","og_type":"article","og_title":"La pintura de historia en la Gran Breta\u00f1a del siglo XIX","og_description":"En Gran Breta\u00f1a, a mediados de la d\u00e9cada de 1860 se produjo una gran fertilidad art\u00edstica en torno a la noci\u00f3n de pintura de historia.","og_url":"https:\/\/www.aparences.net\/es\/periodos\/pintura-de-historia-del-siglo-xix\/la-pintura-de-historia-en-la-gran-bretana-del-siglo-xix\/","og_site_name":"Aparences","article_published_time":"2024-12-07T06:06:44+00:00","article_modified_time":"2025-12-11T18:40:55+00:00","og_image":[{"width":1080,"height":540,"url":"https:\/\/www.aparences.net\/wp-content\/uploads\/2024\/11\/peinture-d-histoire-grande-bretagne.webp","type":"image\/webp"}],"author":"admin","twitter_card":"summary_large_image","twitter_misc":{"Escrito por":"admin","Tiempo de lectura":"13 minutos"},"schema":{"@context":"https:\/\/schema.org","@graph":[{"@type":"Article","@id":"https:\/\/www.aparences.net\/es\/periodos\/pintura-de-historia-del-siglo-xix\/la-pintura-de-historia-en-la-gran-bretana-del-siglo-xix\/#article","isPartOf":{"@id":"https:\/\/www.aparences.net\/es\/periodos\/pintura-de-historia-del-siglo-xix\/la-pintura-de-historia-en-la-gran-bretana-del-siglo-xix\/"},"author":{"name":"admin","@id":"https:\/\/www.aparences.net\/es\/#\/schema\/person\/af349f6ffc31b16c68963e61268afca5"},"headline":"La pintura de historia en la Gran Breta\u00f1a del siglo XIX","datePublished":"2024-12-07T06:06:44+00:00","dateModified":"2025-12-11T18:40:55+00:00","mainEntityOfPage":{"@id":"https:\/\/www.aparences.net\/es\/periodos\/pintura-de-historia-del-siglo-xix\/la-pintura-de-historia-en-la-gran-bretana-del-siglo-xix\/"},"wordCount":2353,"publisher":{"@id":"https:\/\/www.aparences.net\/es\/#organization"},"image":{"@id":"https:\/\/www.aparences.net\/es\/periodos\/pintura-de-historia-del-siglo-xix\/la-pintura-de-historia-en-la-gran-bretana-del-siglo-xix\/#primaryimage"},"thumbnailUrl":"https:\/\/www.aparences.net\/wp-content\/uploads\/2024\/11\/peinture-d-histoire-grande-bretagne.webp","articleSection":["Pintura de historia del siglo XIX"],"inLanguage":"es"},{"@type":["WebPage","ItemPage"],"@id":"https:\/\/www.aparences.net\/es\/periodos\/pintura-de-historia-del-siglo-xix\/la-pintura-de-historia-en-la-gran-bretana-del-siglo-xix\/","url":"https:\/\/www.aparences.net\/es\/periodos\/pintura-de-historia-del-siglo-xix\/la-pintura-de-historia-en-la-gran-bretana-del-siglo-xix\/","name":"La pintura de historia en la Gran Breta\u00f1a del siglo XIX","isPartOf":{"@id":"https:\/\/www.aparences.net\/es\/#website"},"primaryImageOfPage":{"@id":"https:\/\/www.aparences.net\/es\/periodos\/pintura-de-historia-del-siglo-xix\/la-pintura-de-historia-en-la-gran-bretana-del-siglo-xix\/#primaryimage"},"image":{"@id":"https:\/\/www.aparences.net\/es\/periodos\/pintura-de-historia-del-siglo-xix\/la-pintura-de-historia-en-la-gran-bretana-del-siglo-xix\/#primaryimage"},"thumbnailUrl":"https:\/\/www.aparences.net\/wp-content\/uploads\/2024\/11\/peinture-d-histoire-grande-bretagne.webp","datePublished":"2024-12-07T06:06:44+00:00","dateModified":"2025-12-11T18:40:55+00:00","description":"En Gran Breta\u00f1a, a mediados de la d\u00e9cada de 1860 se produjo una gran fertilidad art\u00edstica en torno a la noci\u00f3n de pintura de historia.","breadcrumb":{"@id":"https:\/\/www.aparences.net\/es\/periodos\/pintura-de-historia-del-siglo-xix\/la-pintura-de-historia-en-la-gran-bretana-del-siglo-xix\/#breadcrumb"},"inLanguage":"es","potentialAction":[{"@type":"ReadAction","target":["https:\/\/www.aparences.net\/es\/periodos\/pintura-de-historia-del-siglo-xix\/la-pintura-de-historia-en-la-gran-bretana-del-siglo-xix\/"]}]},{"@type":"ImageObject","inLanguage":"es","@id":"https:\/\/www.aparences.net\/es\/periodos\/pintura-de-historia-del-siglo-xix\/la-pintura-de-historia-en-la-gran-bretana-del-siglo-xix\/#primaryimage","url":"https:\/\/www.aparences.net\/wp-content\/uploads\/2024\/11\/peinture-d-histoire-grande-bretagne.webp","contentUrl":"https:\/\/www.aparences.net\/wp-content\/uploads\/2024\/11\/peinture-d-histoire-grande-bretagne.webp","width":1080,"height":540},{"@type":"BreadcrumbList","@id":"https:\/\/www.aparences.net\/es\/periodos\/pintura-de-historia-del-siglo-xix\/la-pintura-de-historia-en-la-gran-bretana-del-siglo-xix\/#breadcrumb","itemListElement":[{"@type":"ListItem","position":1,"name":"Portada","item":"https:\/\/www.aparences.net\/es\/"},{"@type":"ListItem","position":2,"name":"La pintura de historia en la Gran Breta\u00f1a del siglo XIX"}]},{"@type":"WebSite","@id":"https:\/\/www.aparences.net\/es\/#website","url":"https:\/\/www.aparences.net\/es\/","name":"Aparences: Historia del Arte y Actualidad Cultural","description":"","publisher":{"@id":"https:\/\/www.aparences.net\/es\/#organization"},"potentialAction":[{"@type":"SearchAction","target":{"@type":"EntryPoint","urlTemplate":"https:\/\/www.aparences.net\/es\/?s={search_term_string}"},"query-input":{"@type":"PropertyValueSpecification","valueRequired":true,"valueName":"search_term_string"}}],"inLanguage":"es"},{"@type":"Organization","@id":"https:\/\/www.aparences.net\/es\/#organization","name":"Aparences: Historia del Arte y Actualidad Cultural","url":"https:\/\/www.aparences.net\/es\/","logo":{"@type":"ImageObject","inLanguage":"es","@id":"https:\/\/www.aparences.net\/es\/#\/schema\/logo\/image\/","url":"https:\/\/www.aparences.net\/wp-content\/uploads\/2023\/09\/logo-quadrat-color-e1695915315229.png","contentUrl":"https:\/\/www.aparences.net\/wp-content\/uploads\/2023\/09\/logo-quadrat-color-e1695915315229.png","width":120,"height":120,"caption":"Aparences: Historia del Arte y Actualidad Cultural"},"image":{"@id":"https:\/\/www.aparences.net\/es\/#\/schema\/logo\/image\/"}},{"@type":"Person","@id":"https:\/\/www.aparences.net\/es\/#\/schema\/person\/af349f6ffc31b16c68963e61268afca5","name":"admin","url":"https:\/\/www.aparences.net\/es\/author\/admin\/"}]}},"_links":{"self":[{"href":"https:\/\/www.aparences.net\/es\/wp-json\/wp\/v2\/posts\/32743","targetHints":{"allow":["GET"]}}],"collection":[{"href":"https:\/\/www.aparences.net\/es\/wp-json\/wp\/v2\/posts"}],"about":[{"href":"https:\/\/www.aparences.net\/es\/wp-json\/wp\/v2\/types\/post"}],"author":[{"embeddable":true,"href":"https:\/\/www.aparences.net\/es\/wp-json\/wp\/v2\/users\/2"}],"replies":[{"embeddable":true,"href":"https:\/\/www.aparences.net\/es\/wp-json\/wp\/v2\/comments?post=32743"}],"version-history":[{"count":0,"href":"https:\/\/www.aparences.net\/es\/wp-json\/wp\/v2\/posts\/32743\/revisions"}],"wp:featuredmedia":[{"embeddable":true,"href":"https:\/\/www.aparences.net\/es\/wp-json\/wp\/v2\/media\/32742"}],"wp:attachment":[{"href":"https:\/\/www.aparences.net\/es\/wp-json\/wp\/v2\/media?parent=32743"}],"wp:term":[{"taxonomy":"category","embeddable":true,"href":"https:\/\/www.aparences.net\/es\/wp-json\/wp\/v2\/categories?post=32743"},{"taxonomy":"post_tag","embeddable":true,"href":"https:\/\/www.aparences.net\/es\/wp-json\/wp\/v2\/tags?post=32743"}],"curies":[{"name":"wp","href":"https:\/\/api.w.org\/{rel}","templated":true}]}}