{"id":32863,"date":"2025-02-02T10:15:24","date_gmt":"2025-02-02T09:15:24","guid":{"rendered":"https:\/\/www.aparences.net\/?p=32863"},"modified":"2025-12-11T19:40:55","modified_gmt":"2025-12-11T18:40:55","slug":"las-vidas-de-los-grandes-artistas","status":"publish","type":"post","link":"https:\/\/www.aparences.net\/es\/periodos\/pintura-de-historia-del-siglo-xix\/las-vidas-de-los-grandes-artistas\/","title":{"rendered":"Las vidas de los grandes artistas"},"content":{"rendered":"<p><!--contents--><\/p>\n\n\n<h2 class=\"wp-block-heading\">La renovaci\u00f3n del arte a trav\u00e9s de la pintura seg\u00fan Vasari.<\/h2>\n\n\n\n<p>En la primera mitad del siglo XIX en Francia, las representaciones de la vida de los artistas fueron particularmente numerosas, con escenas que estimulaban la imaginaci\u00f3n de los espectadores de los Salones de Par\u00eds. Dentro de esta categor\u00eda, el episodio del <strong>encuentro de Cimabue y Giotto<\/strong> de <strong>Pierre R\u00e9voil<\/strong> de 1840, extra\u00eddo de <a href=\"https:\/\/www.aparences.net\/es\/periodos\/el-manierismo\/florencia-y-la-academia-de-dibujo\/#las-\"><em>Las<\/em> <em>Vidas<\/em> de Giorgio Vasari<\/a>, fue el m\u00e1s representado: el pintor Cimabue encuentra por casualidad en el campo a un joven pastor que dibuja sus ovejas sobre una piedra. Impresionado por su talento para el dibujo, Cimabue le ofrece llevarle a su estudio de Florencia, lo que el muchacho acepta. Gracias a este encuentro, se convirti\u00f3 en el famoso <a href=\"https:\/\/www.aparences.net\/es\/periodos\/el-trecento\/giotto-y-la-escuela-florentina\/\">Giotto<\/a>, que pronto super\u00f3 a su maestro. Seg\u00fan Vasari, \u00abaunque Cimabue fue la causa principal de la renovaci\u00f3n del arte a trav\u00e9s de la pintura, Giotto, su alumno, impulsado por una noble ambici\u00f3n, fue quien, elev\u00e1ndose m\u00e1s alto en el pensamiento, abri\u00f3 la puerta de la verdad a quienes m\u00e1s tarde la llevaron a este punto de grandeza y perfecci\u00f3n\u00bb. No se trata, pues, s\u00f3lo de la infancia de un pintor prodigioso, sino del <strong>renacimiento de toda la escuela italiana<\/strong> en el siglo XIV o <a href=\"https:\/\/www.aparences.net\/es\/periodos\/el-trecento\/\">Trecento<\/a> en italiano.<\/p>\n\n\n<div class=\"wp-block-image\">\n<figure class=\"aligncenter size-full\"><img loading=\"lazy\" decoding=\"async\" width=\"374\" height=\"460\" src=\"https:\/\/www.aparences.net\/wp-content\/uploads\/2025\/01\/pierre-revoil-lenfance-de-giotto-1849.webp\" alt=\"La infancia de Giotto, 1849, Pierre R\u00e9voil\" class=\"wp-image-32844\" title=\"La infancia de Giotto, 1849, Pierre R\u00e9voil\"\/><figcaption class=\"wp-element-caption\"><em>La infancia de Giotto, 1849, <strong>Pierre R\u00e9voil,<\/strong> <\/em><br><em>Museo de Grenoble.<\/em><\/figcaption><\/figure>\n<\/div>\n\n\n<p>En el siglo XIX, uno de los primeros en representar la vida de los pintores fue sin duda <strong>Ingres<\/strong>, que en 1818 escenific\u00f3 a uno de los pintores m\u00e1s ilustres del Renacimiento, <em><strong>Los \u00faltimos momentos de Leonardo<\/strong>, ante su \u00faltimo mecenas, el rey Francisco I<\/em>. Encargado por el conde Blacas, el cuadro relata la leyenda de Vasari sobre la muerte de Leonardo da Vinci. Los rasgos del rey proceden de su retrato de perfil de <a href=\"https:\/\/www.aparences.net\/es\/escuelas\/la-pintura-veneciana\/tiziano-vecellio-biografia\/\">Tiziano<\/a>. El joven apesadumbrado que extiende sus dos brazos podr\u00eda ser <strong>Francesco Melzi<\/strong>, uno de los <a href=\"https:\/\/www.aparences.net\/es\/arte-y-mecenazgo\/el-ducado-de-milan\/milan-despues-de-leonardo-da-vinci\/#los-disc%C3%ADpulos-de-leonardo-(los-leonardeschi)\">disc\u00edpulos<\/a> del maestro. El joven est\u00e1 vestido con los mismos ropajes con los que Rafael representa a Baldazare Castiglione en su retrato. Por otra parte, la elecci\u00f3n de <a href=\"https:\/\/www.aparences.net\/es\/periodos\/neoclasicismo\/jean-auguste-dominique-ingres\/\">Ingres<\/a> de representar una escena de lecho de muerte no deja de remitir a una gran tradici\u00f3n cl\u00e1sica francesa, que, desde <em>La muerte de Germ\u00e1nico<\/em> de <a href=\"https:\/\/www.aparences.net\/es\/periodos\/pintura-francesa-del-siglo-xvii\/nicolas-poussin-el-paisaje-historico\/\">Nicolas Poussin<\/a> hasta <em>La muerte de S\u00f3crates<\/em> de <a href=\"https:\/\/www.aparences.net\/es\/periodos\/neoclasicismo\/jacques-louis-david\/\">David<\/a>, se celebra como la representaci\u00f3n por excelencia de una historia heroica.<\/p>\n\n\n<div class=\"wp-block-image\">\n<figure class=\"aligncenter size-full\"><img loading=\"lazy\" decoding=\"async\" width=\"562\" height=\"455\" src=\"https:\/\/www.aparences.net\/wp-content\/uploads\/2025\/01\/ingres-francois-i-et-leonard-1818.webp\" alt=\"Francisco I recibe el \u00faltimo aliento de Leonardo da Vinci, 1818, Ingres\" class=\"wp-image-32846\" title=\"Francisco I recibe el \u00faltimo aliento de Leonardo da Vinci, 1818, Ingres\"\/><figcaption class=\"wp-element-caption\"><em>Francisco I recibe el \u00faltimo aliento de Leonardo da Vinci, 1818, <\/em><br><em><strong>Jean-Auguste Dominique Ingres<\/strong> (1780-1867), Par\u00eds, Petit Palais.<\/em><\/figcaption><\/figure>\n<\/div>\n\n\n<p><em>Las Vidas<\/em> de Vasari se tradujeron al franc\u00e9s entre 1839 y 1842. El pintor <strong>Alexandre Cabanel<\/strong>, en su cuadro <em><strong>Miguel \u00c1ngel en su taller<\/strong><\/em>, subraya el car\u00e1cter ind\u00f3mito del artista como una de las an\u00e9cdotas relatadas por Vasari, al representarle a los pies del Mois\u00e9s, la Piedad y los dos esclavos de m\u00e1rmol, aparentemente ajeno a la llegada del papa <a href=\"https:\/\/www.aparences.net\/es\/arte-y-mecenazgo\/roma-mecenazgo-y-poder-papal\/julio-ii-giuliano-della-rovere\/\">mecenas Julio II<\/a>, que entra desde el jard\u00edn como si se tratara de una escena de teatro.<\/p>\n\n\n<div class=\"wp-block-image\">\n<figure class=\"aligncenter size-full\"><img loading=\"lazy\" decoding=\"async\" width=\"700\" height=\"423\" src=\"https:\/\/www.aparences.net\/wp-content\/uploads\/2025\/01\/alexandre-cabanel-michel-ange-dans-son-atelier-1856.webp\" alt=\"Miguel \u00c1ngel visitado en su taller por Julio II, 1856, Alexandre Cabanel\" class=\"wp-image-32848\" title=\"Miguel \u00c1ngel visitado en su taller por Julio II, 1856, Alexandre Cabanel\"\/><figcaption class=\"wp-element-caption\"><em>Miguel \u00c1ngel visitado en su taller por Julio II, 1856, <strong>Alexandre Cabanel<\/strong>, Montpellier, Mus\u00e9e Fabre.<\/em><\/figcaption><\/figure>\n<\/div>\n\n\n<p>El cuadro, <em><strong>La muerte de Masaccio<\/strong><\/em>, es una escena hist\u00f3rica representada como un drama familiar. La figura de <a href=\"https:\/\/www.aparences.net\/es\/periodos\/el-quattrocento\/masaccio-la-arquitectura-y-el-espacio\/\">Masaccio<\/a>, uno de los <a href=\"https:\/\/www.aparences.net\/es\/periodos\/el-quattrocento\/\">artistas m\u00e1s importantes del Quattrocento<\/a>, conocido por sus grandes <strong>frescos de la iglesia del Carmine de Florencia<\/strong>. El m\u00e1s talentoso y amable de los pintores del Primer renacimiento, Masaccio muri\u00f3 muy joven en Roma, en circunstancias que siguen sin estar claras. El pintor del siglo XIX <strong>Auguste Couder<\/strong> (1789-1873) lo representa en el momento de su muerte en una interpretaci\u00f3n muy libre, delante de un fresco inacabado. El yeso ha sido simplemente aplicado a una parte de la pared, y los pinceles y los colores han abandonado sus dedos ya sin vida. El cuadro <em>La muerte de Masaccio<\/em>, expuesto en el Sal\u00f3n de 1817, fue muy elogiado por el cr\u00edtico Charles Landon, que lo calific\u00f3 de uno de los m\u00e1s notables: \u00abSi esta pieza no se incluye entre los <strong>cuadros de historia<\/strong>, al menos ocupar\u00e1 el primer lugar entre los de un g\u00e9nero particular, ennoblecido por todo lo que hay de m\u00e1s conmovedor e ingenuo en la gracia de su expresi\u00f3n y la verdad de su pincelada\u00bb.<\/p>\n\n\n<div class=\"wp-block-image\">\n<figure class=\"aligncenter size-full\"><img loading=\"lazy\" decoding=\"async\" width=\"583\" height=\"428\" src=\"https:\/\/www.aparences.net\/wp-content\/uploads\/2025\/01\/auguste-couder-mort-de-masaccio-1817.webp\" alt=\"La muerte de Masaccio,1817, Auguste Couder\" class=\"wp-image-32850\" title=\"La muerte de Masaccio,1817, Auguste Couder\"\/><figcaption class=\"wp-element-caption\"><em>La muerte de Masaccio,1817, <strong>Auguste Couder<\/strong>, Grenoble, Museo de Grenoble.<\/em><\/figcaption><\/figure>\n<\/div>\n\n\n<p>En 1820, en el Sal\u00f3n de Gante, el pintor belga <strong>Joseph Fran\u00e7ois Ducq<\/strong> expone su gran cuadro <em><strong>Antonello da Messina, introducido en el taller de Jan Van Eyck en Brujas<\/strong><\/em>. Esta obra marca dos acontecimientos importantes: en primer lugar, el encuentro hist\u00f3rico entre los dos artistas, que habr\u00eda permitido a <a href=\"https:\/\/www.aparences.net\/es\/arte-y-mecenazgo\/los-aragon-de-napoles\/alfonso-de-napoles-y-el-arte-flamenco\/#antonello-da-messina\">Antonello da Messina<\/a> transmitir a los italianos la t\u00e9cnica de la pintura al \u00f3leo; en segundo lugar, la creaci\u00f3n en el caballete de la <em>Virgen del can\u00f3nigo Van der Paele<\/em>, obra maestra del pintor flamenco <a href=\"https:\/\/www.aparences.net\/es\/escuelas\/los-primitivos-flamencos\/jan-van-eyck\/\">Van Eyck<\/a> que Ducq pudo admirar en la Academia de Bellas Artes de Brujas, de la que era director. El pintor caracteriz\u00f3 sus figuras inspir\u00e1ndose en <a href=\"https:\/\/www.aparences.net\/es\/arte-y-mecenazgo\/el-retrato-en-el-renacimiento-italiano\/\">retratos<\/a> antiguos, llenando su pintura de referencias casi arqueol\u00f3gicas y tomando ciertos motivos del retablo de <a href=\"https:\/\/www.aparences.net\/es\/escuelas\/los-primitivos-flamencos\/hans-memling\/\">Hans Memling<\/a> <em>La Virgen y el Ni\u00f1o con Santa Catalina, Santa B\u00e1rbara y San Juan<\/em> (Brujas, Hospital San Juan Bautista), como la alfombra del estudio. Aqu\u00ed, la investigaci\u00f3n y la riqueza iconogr\u00e1ficas se impulsan hasta un grado raramente alcanzado por los pintores del primer tercio del siglo XIX.<\/p>\n\n\n<div class=\"wp-block-image\">\n<figure class=\"aligncenter size-full\"><img loading=\"lazy\" decoding=\"async\" width=\"663\" height=\"460\" src=\"https:\/\/www.aparences.net\/wp-content\/uploads\/2025\/02\/joseph-francois-ducq-antonello-da-messina-dans-latelier-de-van-eyck-1820.webp\" alt=\"Antonello da Messina introducido en el estudio de Jan Van Eyck, 1820, Joseph Fran\u00e7ois Ducq\" class=\"wp-image-33077\" title=\"Antonello da Messina introducido en el estudio de Jan Van Eyck, 1820, Joseph Fran\u00e7ois Ducq\"\/><figcaption class=\"wp-element-caption\"><em>Antonello da Messina introducido en el estudio de Jan Van Eyck en Brujas, hacia 1820, <strong>Joseph Fran\u00e7ois Ducq<\/strong>, Bourg-en-Bresse, Mus\u00e9e du Monast\u00e8re Royal de Brou.<\/em><\/figcaption><\/figure>\n<\/div>\n\n\n<!-- AdBoxRight2020 --><ins class=\"adsbygoogle\"     style=\"display:block; margin-top:30px;\"     data-ad-client=\"ca-pub-2468002815867636\"     data-ad-slot=\"3496014735\"     data-ad-format=\"auto\"     data-full-width-responsive=\"false\"><\/ins><script> (adsbygoogle = window.adsbygoogle || []).push({});<\/script><h2 class=\"wp-block-heading\">La vida de Rafael<\/h2>\n\n\n\n<p>Mientras que las representaciones de la infancia prodigiosa de los artistas fueron particularmente numerosas en los Salones de Par\u00eds a lo largo de la primera mitad del siglo XIX, la iconograf\u00eda de los aprendizajes fue mucho m\u00e1s rara. La raz\u00f3n principal de esta diferencia reside en el aspecto menos espectacular de la representaci\u00f3n de un alumno en ciernes al lado de su maestro, que la del ni\u00f1o que crea obras maestras sin ni siquiera ser consciente de ello. En un caso, el genio es un don innato; en el otro, el fruto de un trabajo minucioso y paciente. Mientras las diversas biograf\u00edas acentuaban regularmente el mito de la predisposici\u00f3n de las mayores glorias, los artistas dispon\u00edan de pocas fuentes en las que basar su relato sobre la formaci\u00f3n. La representaci\u00f3n de <strong>Rafael Sanzio<\/strong> junto a <strong>Perugino<\/strong> es una de las raras excepciones. El tema del cuadro <em><strong>Perugino y Rafael en Perusa<\/strong><\/em> de <strong>\u00c9douard Cibot<\/strong> (1799-1877) est\u00e1 tomado de la <em>Histoire de la vie et des ouvrages de Rapha\u00ebl<\/em> de <a href=\"https:\/\/es.wikipedia.org\/wiki\/Antoine_Chrysostome_Quatrem%C3%A8re_de_Quincy\">Quatrem\u00e8re de Quincy<\/a>. <strong>Giovanni Sanzio<\/strong>, pintor de la <a href=\"https:\/\/www.aparences.net\/es\/arte-y-mecenazgo\/el-mecenazgo-en-urbino\/\">corte de Urbino<\/a>, renunci\u00f3 a seguir siendo el maestro de su hijo Rafael confi\u00e1ndolo a Perugino, a quien consideraba el pintor m\u00e1s reputado. En este sentido, el episodio elegido es una demostraci\u00f3n del notable talento de Rafael, del mismo modo que la infancia de <a href=\"https:\/\/www.aparences.net\/es\/arte-y-mecenazgo\/los-fresquistas-florentinos\/giotto-y-sus-continuadores\/\">Giotto<\/a>. En su cuadro, Cibot utiliza un recurso particularmente sorprendente: escenifica el aprendizaje de <a href=\"https:\/\/www.aparences.net\/es\/periodos\/el-alto-renacimiento-en-pintura\/#rafael:-urbino,-florencia,-roma\">Rafael <\/a>colocando alrededor del maestro y del alumno visiones premonitorias de obras que el pintor realizar\u00eda de adulto, como <em>La Virgen de Foligno<\/em>, y un ni\u00f1o con rasgos tomados de un futuro san Juan.<\/p>\n\n\n<div class=\"wp-block-image\">\n<figure class=\"aligncenter size-full\"><img loading=\"lazy\" decoding=\"async\" width=\"328\" height=\"456\" src=\"https:\/\/www.aparences.net\/wp-content\/uploads\/2025\/01\/edouard-cibot-le-perugin-et-raphael-1842.webp\" alt=\"Perugino y Rafael en Perusa, 1842, \n\u00c9douard Cibot\" class=\"wp-image-32852\" title=\"Perugino y Rafael en Perusa, 1842,  \u00c9douard Cibot\"\/><figcaption class=\"wp-element-caption\"><em>Perugino y Rafael en Perusa, 1842, <\/em><br><em><strong>\u00c9douard Cibot<\/strong>, <\/em><br><em>Moulins, Mus\u00e9e Anne-de-Beaujeu.<\/em><\/figcaption><\/figure>\n<\/div>\n\n\n<p><strong>Fragonard<\/strong> no pod\u00eda permanecer indiferente a la legendaria vida de Rafael te\u00f1ida de galanter\u00eda que relata Giorgio Vasari. En el cuadro <em><strong>Rafael rectificando la pose de su modelo<\/strong><\/em>, el pintor se acerca a la bella Fornarina y rectifica el gesto de su brazo. A la derecha, parcialmente oculto por una s\u00e1bana marr\u00f3n, podemos ver un cuadro apenas esbozado de la Virgen con el Ni\u00f1o. El acto de creaci\u00f3n queda relegado a un segundo plano, y es el car\u00e1cter ambiguo de la escena lo que llama nuestra atenci\u00f3n. Aunque muy atenuada, la dimensi\u00f3n er\u00f3tica est\u00e1 sin embargo presente, y vemos a Rafael corrigiendo a su modelo en un intercambio de miradas que dice mucho de su complicidad amorosa, donde la gracia equ\u00edvoca de la modelo armoniza con la figura juvenil de cabellos rubios.<\/p>\n\n\n<div class=\"wp-block-image\">\n<figure class=\"aligncenter size-full\"><img loading=\"lazy\" decoding=\"async\" width=\"651\" height=\"460\" src=\"https:\/\/www.aparences.net\/wp-content\/uploads\/2025\/01\/fragonard-raphael-rectifiant-la-pose-de-son-modele-1820.webp\" alt=\"Rafael rectificando la pose de su modelo, 1820, Fragonard\" class=\"wp-image-32854\" title=\"Rafael rectificando la pose de su modelo, 1820, Fragonard\"\/><figcaption class=\"wp-element-caption\"><em>Rafael rectificando la pose de su modelo, hacia 1820, <strong>Alexandre-\u00c9variste Fragonard<\/strong>, <\/em><br><em>Par\u00eds, Museo del Louvre.<\/em><\/figcaption><\/figure>\n<\/div>\n\n\n<p>La interpretaci\u00f3n que hace Fragonard contrasta con la pintura de <strong>Ingres<\/strong> <em><strong>Rafael y la Fornarina<\/strong><\/em> (1814), donde la cuesti\u00f3n queda abierta por el movimiento de los cuerpos y las cabezas. En el cuadro de Ingres el <a href=\"https:\/\/www.aparences.net\/es\/periodos\/el-alto-renacimiento-en-pintura\/\">pintor renacentista<\/a> aparta la mirada de su amante, a la que abraza, para observar la obra que est\u00e1 ejecutando, pero no puede decirse lo mismo de <a href=\"https:\/\/www.aparences.net\/es\/periodos\/rococo\/jean-honore-fragonard\/\">Fragonard<\/a>, que no duda en representar al pintor apart\u00e1ndose espont\u00e1neamente del arte para dirigirse a la naturaleza\u2026<\/p>\n\n\n<div class=\"wp-block-image\">\n<figure class=\"aligncenter size-full\"><img loading=\"lazy\" decoding=\"async\" width=\"384\" height=\"458\" src=\"https:\/\/www.aparences.net\/wp-content\/uploads\/2025\/01\/ingres-raphael-et-la-fornarina-1814.webp\" alt=\"Rafael y la Fornarina, 1814, Ingres\" class=\"wp-image-32856\" title=\"Rafael y la Fornarina, 1814, Ingres\"\/><figcaption class=\"wp-element-caption\"><em>Rafael y la Fornarina, 1814, <strong>Ingres<\/strong>, <\/em><br><em>Cambridge, Fogg Art Museum.<\/em><\/figcaption><\/figure>\n<\/div>\n\n\n<p>El pintor <strong>Pierre Nolasque Bergeret<\/strong> (1782-1863), tras cuatro intentos fallidos de obtener el Premio de Roma, se arriesg\u00f3 en 1806 a representar un tema que no pertenec\u00eda a la pintura de historia: las exequias de Rafael, en un cuadro titulado <em><strong>Honores rendidos a Rafael tras su muerte<\/strong><\/em>. Para ello, Bergeret eligi\u00f3 uno de los aposentos del Vaticano. Rafael yace en su lecho; el papa <a href=\"https:\/\/www.aparences.net\/es\/arte-y-mecenazgo\/roma-mecenazgo-y-poder-papal\/leon-x-giovanni-de-medicis\/\">mecenas Le\u00f3n X<\/a> saca flores de un cuenco y las esparce sobre el cuerpo del difunto. El secretario del papa, el cardenal Bembo, de pie junto a Le\u00f3n X, levanta una corona en honor de su amigo, mientras Giuliano de <a href=\"https:\/\/www.aparences.net\/es\/arte-y-mecenazgo\/florencia-y-los-medicis\/\">M\u00e9dicis<\/a> porta el crucifijo. <strong>Baldassare Peruzzi<\/strong> se\u00f1ala el \u00faltimo cuadro del artista <em>La Transfiguraci\u00f3n<\/em> y, al fondo del baldaquino, puede verse <em>La Virgen de la Silla<\/em>. Amigos y alumnos rodean el lecho funerario, al igual que los adversarios, entre ellos <a href=\"https:\/\/www.aparences.net\/es\/arte-y-mecenazgo\/los-fresquistas-florentinos\/miguel-angel-frescos-de-la-sixtina\/\">Miguel \u00c1ngel<\/a>, que entra al fondo acompa\u00f1ado de <strong>Sebastiano del Piombo<\/strong>, venidos a mostrar su estima por Rafael. A la izquierda, agachado, <strong>Vasari<\/strong> compone su c\u00e9lebre <strong>oda a Rafael:<\/strong> \u00abAlma bendita y desgraciada, ser\u00e1s el tema m\u00e1s bello de nuestras conversaciones; los hechos de tu vida no son menos c\u00e9lebres que admirables son las obras que has dejado; el arte de la pintura, por as\u00ed decirlo, ha muerto contigo, y lejos de poder superarte, nadie podr\u00e1 jam\u00e1s alcanzarte\u00bb.<\/p>\n\n\n<div class=\"wp-block-image\">\n<figure class=\"aligncenter size-full\"><img loading=\"lazy\" decoding=\"async\" width=\"627\" height=\"421\" src=\"https:\/\/www.aparences.net\/wp-content\/uploads\/2025\/01\/pierre-bergeret-honneurs-rendus-a-raphael-1806.webp\" alt=\"Honores rendidos a Rafael, 1806, Pierre Nolasque Bergeret\" class=\"wp-image-32858\" title=\"Honores rendidos a Rafael, 1806, Pierre Nolasque Bergeret\"\/><figcaption class=\"wp-element-caption\"><em>Honores rendidos a Rafael tras su muerte, c. 1806, <strong>Pierre Nolasque Bergeret<\/strong>, <\/em><br><em>Versalles, Mus\u00e9e national de ch\u00e2teau de Versailles et de Trianon.<\/em><\/figcaption><\/figure>\n<\/div>\n\n\n<!-- AdBoxLeft2023 --><ins class=\"adsbygoogle\" style=\"display:block\" data-ad-client=\"ca-pub-2468002815867636\" data-ad-slot=\"1318022963\" data-ad-format=\"auto\" data-full-width-responsive=\"true\"><\/ins><script> (adsbygoogle = window.adsbygoogle || []).push({});<\/script><h2 class=\"wp-block-heading\">Los avatares de Filippo Lippi seg\u00fan Vasari<\/h2>\n\n\n\n<p>En respuesta a la moda de representar los amores de los grandes hombres, <strong>Paul Delaroche<\/strong> present\u00f3 en el Sal\u00f3n de 1824 una escena que reflejaba el gusto por las an\u00e9cdotas hist\u00f3ricas: <em><strong>Filippo Lippi, encargado de pintar un cuadro de la Virgen para un convento, se enamora de la novicia que le serv\u00eda de modelo<\/strong><\/em>. El joven <a href=\"https:\/\/www.aparences.net\/es\/periodos\/el-quattrocento\/fra-filippo-lippi\/\">Filippo Lippi<\/a> (\u00e9l mismo miembro de la comunidad de frailes carmelitas), aparece cortejando a su modelo perturbada que se aferra a su rosario, bajo la mirada amorosa del pintor, que le suplica sus favores. Una escena de amor de lo m\u00e1s escandalosa, pero que viene refrendada por las <a href=\"https:\/\/www.aparences.net\/es\/periodos\/el-manierismo\/florencia-y-la-academia-de-dibujo\/#las-\"><em>Vidas<\/em> de Vasari<\/a>. El episodio de la seducci\u00f3n de esta monja es tanto m\u00e1s desconcertante cuanto que Lippi habr\u00eda desviado a Lucrezia Butti de sus votos. Ante el esc\u00e1ndalo, ella permaneci\u00f3 en compa\u00f1\u00eda del pintor, que la llev\u00f3 a Florencia, donde se casaron y tuvieron dos hijos. El modelo de Lippi para la Virgen era, pues, una mujer que \u00e9l hab\u00eda deseado. Los amor\u00edos licenciosos de la historia respond\u00edan tambi\u00e9n al gusto fr\u00edvolo de la \u00e9poca por el esc\u00e1ndalo, y esta representaci\u00f3n de Delaroche era una puesta en escena de uno de los pocos pasajes de dudosa reputaci\u00f3n sobre la <strong>vida privada de los artistas<\/strong> que se conoc\u00edan en la \u00e9poca.<\/p>\n\n\n<div class=\"wp-block-image\">\n<figure class=\"aligncenter size-full\"><img loading=\"lazy\" decoding=\"async\" width=\"352\" height=\"460\" src=\"https:\/\/www.aparences.net\/wp-content\/uploads\/2025\/01\/paul-delaroche-filippo-lippi-devient-amoureux-1824.webp\" alt=\"Filippo Lippi, encargado de pintar un cuadro para un convento, 1824, Paul Delaroche\" class=\"wp-image-32860\" title=\"Filippo Lippi, encargado de pintar un cuadro para un convento, 1824, Paul Delaroche\"\/><figcaption class=\"wp-element-caption\"><em>Filippo Lippi, encargado de pintar un cuadro para un convento, 1824, <strong>Paul Delaroche<\/strong>, <br>Dijon, Mus\u00e9e des beaux-arts.<\/em><\/figcaption><\/figure>\n<\/div>\n\n\n<p>El cuadro inacabado de <strong>Jean-Marie Jacomin<\/strong> conocido como <em><strong>L&#8217;Atelier d&#8217;un peintre<\/strong><\/em> (El taller de un pintor) parece haber sido concebido seg\u00fan una iconograf\u00eda extremadamente precisa. La historia de los amores entre el pintor florentino Filippo Lippi y su modelo se relata en las <em>Vidas<\/em> de Giorgio Vasari. Sin embargo, no aparece en la traducci\u00f3n francesa publicada a principios del siglo XIX. As\u00ed que fue Stendhal quien lo sac\u00f3 a la luz. En su <em>Histoire de la peinture en Italie<\/em>, publicada en 1817, Stendhal relata las circunstancias en las que fray Filippo, que era (seg\u00fan \u00e9l) un \u00abbuen mozo\u00bb, se enamor\u00f3 de una \u00abbella pensionista\u00bb del convento. Desgraciadamente, se\u00f1ala, \u00abcomo monje, no pod\u00eda casarse con ella\u00bb. Y Stendhal a\u00f1ade este curioso detalle: \u00abEl padre, un rico comerciante, quer\u00eda utilizar este pretexto para recuperar a su hija\u00bb.<\/p>\n\n\n<div class=\"wp-block-image\">\n<figure class=\"aligncenter size-full\"><img loading=\"lazy\" decoding=\"async\" width=\"368\" height=\"460\" src=\"https:\/\/www.aparences.net\/wp-content\/uploads\/2025\/02\/jean-marie-jacomin-l-atelier-de-filippo-lippi-1820.webp\" alt=\"El taller de Filippo Lippi, hacia 1820, \nJean-Marie Jacomin\" class=\"wp-image-33079\" title=\"El taller de Filippo Lippi, hacia 1820,  Jean-Marie Jacomin\"\/><figcaption class=\"wp-element-caption\"><em>El taller de Filippo Lippi, hacia 1820, <\/em><br><em><strong>Jean-Marie Jacomin<\/strong>, Bourg-en-Bresse, Mus\u00e9e du Monast\u00e8re royal de Brou.<\/em><\/figcaption><\/figure>\n<\/div>\n\n\n<p>Encargado por el Ministerio de la Casa del Rey y expuesto en el Sal\u00f3n de 1819, el cuadro de <strong>Pierre Nolasque Bergeret<\/strong> (1782-1863) <em><strong>Filippo Lippi, esclavo en Argel, realizando el retrato de su amo en la pared,<\/strong><\/em> ilustra el poder civilizador del arte ilustrando otro episodio de <em>las Vidas<\/em> de Vasari. El joven Filippo Lippi, secuestrado por un corsario, fue retenido en \u00abBerber\u00eda\u00bb durante m\u00e1s de dieciocho meses. Durante su cautiverio, tuvo la audacia de pintar al carboncillo un retrato de su raptor en una pared. Encantados por su talento, los piratas le ofrecieron las pinturas y los pinceles que hab\u00edan robado a un pintor y lo liberaron. Ambientada en el interior de un patio, la escena muestra a Lippi de espaldas realizando el retrato.<\/p>\n\n\n<div class=\"wp-block-image\">\n<figure class=\"aligncenter size-full\"><img loading=\"lazy\" decoding=\"async\" width=\"568\" height=\"460\" src=\"https:\/\/www.aparences.net\/wp-content\/uploads\/2025\/01\/pierre-nolasque-bergeret-filippo-lippi-esclave-en-alger-1819.webp\" alt=\"Filippo Lippi, esclavo en Argel, 1819, Pierre Nolasque Bergeret\" class=\"wp-image-32862\"\/><figcaption class=\"wp-element-caption\"><em>Filippo Lippi, esclavo en Argel, trazando en la pared el retrato de su amo, 1819, <strong>Pierre Nolasque Bergeret<\/strong>, Cherbourg-Octeville, Mus\u00e9e d&#8217;art Thomas-Henry.<\/em><\/figcaption><\/figure>\n<\/div>\n\n\n<p>Los lados izquierdo y derecho contrastan fuertemente; mientras que Lippi, con su postura y su musculatura, se acerca a los ideales de los <a href=\"https:\/\/www.aparences.net\/es\/periodos\/neoclasicismo\/\">pintores neocl\u00e1sicos<\/a>, las dos figuras de la derecha, el pirata y un joven africano, parecen salidas de una <strong>pintura orientalista<\/strong>. La arquitectura circundante refleja esta ambivalencia; mientras que los planos y las aberturas siguen las reglas cl\u00e1sicas, la casa es el ep\u00edtome de la barbarie, con sus paredes desconchadas y la vegetaci\u00f3n primando sobre el edificio. La escena est\u00e1 concebida como un decorado teatral en el que Bergeret acumula y abusa de los detalles ex\u00f3ticos conocidos en el Par\u00eds de la \u00e9poca.<\/p>\n\n\n\n<h5 class=\"wp-block-heading\">Bibliograf\u00eda<\/h5>\n\n\n\n<p>Marie Claude Chaudonneret. <em>Peinture et Histoire dans les ann\u00e9es 1820-1830<\/em>. Actes Sud, 2004<br>Collectif. <em>L\u2019invention du pass\u00e9<\/em>. Cat. Exp. Hazan, 2014<br>Francis Haskell. <em>L\u2019Historien et les images<\/em>. Gallimard, 1995<br>Giorgio Vasari. <em>Les Vies des meilleures peintres, sculpteurs et architectes<\/em>. Actes Sud, 2005<\/p>\n","protected":false},"excerpt":{"rendered":"<p>La renovaci\u00f3n del arte a trav\u00e9s de la pintura seg\u00fan Vasari. En la primera mitad del siglo XIX en Francia, las representaciones de la vida [&#8230;]<\/p>\n","protected":false},"author":2,"featured_media":32866,"comment_status":"closed","ping_status":"closed","sticky":false,"template":"","format":"standard","meta":{"footnotes":""},"categories":[6276],"tags":[],"class_list":["post-32863","post","type-post","status-publish","format-standard","has-post-thumbnail","hentry","category-pintura-de-historia-del-siglo-xix"],"yoast_head":"<!-- This site is optimized with the Yoast SEO plugin v27.2 - https:\/\/yoast.com\/product\/yoast-seo-wordpress\/ -->\n<title>Las vidas de los grandes artistas<\/title>\n<meta name=\"description\" content=\"En el siglo XIX, uno de los primeros en representar la vida de los pintores fue sin duda Ingres.\" \/>\n<meta name=\"robots\" content=\"index, follow, max-snippet:-1, max-image-preview:large, max-video-preview:-1\" \/>\n<link rel=\"canonical\" href=\"https:\/\/www.aparences.net\/es\/periodos\/pintura-de-historia-del-siglo-xix\/las-vidas-de-los-grandes-artistas\/\" \/>\n<meta property=\"og:locale\" content=\"es_ES\" \/>\n<meta property=\"og:type\" content=\"article\" \/>\n<meta property=\"og:title\" content=\"Las vidas de los grandes artistas\" \/>\n<meta property=\"og:description\" content=\"En el siglo XIX, uno de los primeros en representar la vida de los pintores fue sin duda Ingres.\" \/>\n<meta property=\"og:url\" content=\"https:\/\/www.aparences.net\/es\/periodos\/pintura-de-historia-del-siglo-xix\/las-vidas-de-los-grandes-artistas\/\" \/>\n<meta property=\"og:site_name\" content=\"Aparences\" \/>\n<meta property=\"article:published_time\" content=\"2025-02-02T09:15:24+00:00\" \/>\n<meta property=\"article:modified_time\" content=\"2025-12-11T18:40:55+00:00\" \/>\n<meta property=\"og:image\" content=\"https:\/\/www.aparences.net\/wp-content\/uploads\/2025\/01\/vie-dartistes-raphael.webp\" \/>\n\t<meta property=\"og:image:width\" content=\"1080\" \/>\n\t<meta property=\"og:image:height\" content=\"540\" \/>\n\t<meta property=\"og:image:type\" content=\"image\/webp\" \/>\n<meta name=\"author\" content=\"admin\" \/>\n<meta name=\"twitter:card\" content=\"summary_large_image\" \/>\n<meta name=\"twitter:label1\" content=\"Escrito por\" \/>\n\t<meta name=\"twitter:data1\" content=\"admin\" \/>\n\t<meta name=\"twitter:label2\" content=\"Tiempo de lectura\" \/>\n\t<meta name=\"twitter:data2\" content=\"14 minutos\" \/>\n<script type=\"application\/ld+json\" class=\"yoast-schema-graph\">{\"@context\":\"https:\/\/schema.org\",\"@graph\":[{\"@type\":\"Article\",\"@id\":\"https:\/\/www.aparences.net\/es\/periodos\/pintura-de-historia-del-siglo-xix\/las-vidas-de-los-grandes-artistas\/#article\",\"isPartOf\":{\"@id\":\"https:\/\/www.aparences.net\/es\/periodos\/pintura-de-historia-del-siglo-xix\/las-vidas-de-los-grandes-artistas\/\"},\"author\":{\"name\":\"admin\",\"@id\":\"https:\/\/www.aparences.net\/es\/#\/schema\/person\/af349f6ffc31b16c68963e61268afca5\"},\"headline\":\"Las vidas de los grandes artistas\",\"datePublished\":\"2025-02-02T09:15:24+00:00\",\"dateModified\":\"2025-12-11T18:40:55+00:00\",\"mainEntityOfPage\":{\"@id\":\"https:\/\/www.aparences.net\/es\/periodos\/pintura-de-historia-del-siglo-xix\/las-vidas-de-los-grandes-artistas\/\"},\"wordCount\":2487,\"publisher\":{\"@id\":\"https:\/\/www.aparences.net\/es\/#organization\"},\"image\":{\"@id\":\"https:\/\/www.aparences.net\/es\/periodos\/pintura-de-historia-del-siglo-xix\/las-vidas-de-los-grandes-artistas\/#primaryimage\"},\"thumbnailUrl\":\"https:\/\/www.aparences.net\/wp-content\/uploads\/2025\/01\/vie-dartistes-raphael.webp\",\"articleSection\":[\"Pintura de historia del siglo XIX\"],\"inLanguage\":\"es\"},{\"@type\":[\"WebPage\",\"ItemPage\"],\"@id\":\"https:\/\/www.aparences.net\/es\/periodos\/pintura-de-historia-del-siglo-xix\/las-vidas-de-los-grandes-artistas\/\",\"url\":\"https:\/\/www.aparences.net\/es\/periodos\/pintura-de-historia-del-siglo-xix\/las-vidas-de-los-grandes-artistas\/\",\"name\":\"Las vidas de los grandes artistas\",\"isPartOf\":{\"@id\":\"https:\/\/www.aparences.net\/es\/#website\"},\"primaryImageOfPage\":{\"@id\":\"https:\/\/www.aparences.net\/es\/periodos\/pintura-de-historia-del-siglo-xix\/las-vidas-de-los-grandes-artistas\/#primaryimage\"},\"image\":{\"@id\":\"https:\/\/www.aparences.net\/es\/periodos\/pintura-de-historia-del-siglo-xix\/las-vidas-de-los-grandes-artistas\/#primaryimage\"},\"thumbnailUrl\":\"https:\/\/www.aparences.net\/wp-content\/uploads\/2025\/01\/vie-dartistes-raphael.webp\",\"datePublished\":\"2025-02-02T09:15:24+00:00\",\"dateModified\":\"2025-12-11T18:40:55+00:00\",\"description\":\"En el siglo XIX, uno de los primeros en representar la vida de los pintores fue sin duda Ingres.\",\"breadcrumb\":{\"@id\":\"https:\/\/www.aparences.net\/es\/periodos\/pintura-de-historia-del-siglo-xix\/las-vidas-de-los-grandes-artistas\/#breadcrumb\"},\"inLanguage\":\"es\",\"potentialAction\":[{\"@type\":\"ReadAction\",\"target\":[\"https:\/\/www.aparences.net\/es\/periodos\/pintura-de-historia-del-siglo-xix\/las-vidas-de-los-grandes-artistas\/\"]}]},{\"@type\":\"ImageObject\",\"inLanguage\":\"es\",\"@id\":\"https:\/\/www.aparences.net\/es\/periodos\/pintura-de-historia-del-siglo-xix\/las-vidas-de-los-grandes-artistas\/#primaryimage\",\"url\":\"https:\/\/www.aparences.net\/wp-content\/uploads\/2025\/01\/vie-dartistes-raphael.webp\",\"contentUrl\":\"https:\/\/www.aparences.net\/wp-content\/uploads\/2025\/01\/vie-dartistes-raphael.webp\",\"width\":1080,\"height\":540},{\"@type\":\"BreadcrumbList\",\"@id\":\"https:\/\/www.aparences.net\/es\/periodos\/pintura-de-historia-del-siglo-xix\/las-vidas-de-los-grandes-artistas\/#breadcrumb\",\"itemListElement\":[{\"@type\":\"ListItem\",\"position\":1,\"name\":\"Portada\",\"item\":\"https:\/\/www.aparences.net\/es\/\"},{\"@type\":\"ListItem\",\"position\":2,\"name\":\"Las vidas de los grandes artistas\"}]},{\"@type\":\"WebSite\",\"@id\":\"https:\/\/www.aparences.net\/es\/#website\",\"url\":\"https:\/\/www.aparences.net\/es\/\",\"name\":\"Aparences: Historia del Arte y Actualidad Cultural\",\"description\":\"\",\"publisher\":{\"@id\":\"https:\/\/www.aparences.net\/es\/#organization\"},\"potentialAction\":[{\"@type\":\"SearchAction\",\"target\":{\"@type\":\"EntryPoint\",\"urlTemplate\":\"https:\/\/www.aparences.net\/es\/?s={search_term_string}\"},\"query-input\":{\"@type\":\"PropertyValueSpecification\",\"valueRequired\":true,\"valueName\":\"search_term_string\"}}],\"inLanguage\":\"es\"},{\"@type\":\"Organization\",\"@id\":\"https:\/\/www.aparences.net\/es\/#organization\",\"name\":\"Aparences: Historia del Arte y Actualidad Cultural\",\"url\":\"https:\/\/www.aparences.net\/es\/\",\"logo\":{\"@type\":\"ImageObject\",\"inLanguage\":\"es\",\"@id\":\"https:\/\/www.aparences.net\/es\/#\/schema\/logo\/image\/\",\"url\":\"https:\/\/www.aparences.net\/wp-content\/uploads\/2023\/09\/logo-quadrat-color-e1695915315229.png\",\"contentUrl\":\"https:\/\/www.aparences.net\/wp-content\/uploads\/2023\/09\/logo-quadrat-color-e1695915315229.png\",\"width\":120,\"height\":120,\"caption\":\"Aparences: Historia del Arte y Actualidad Cultural\"},\"image\":{\"@id\":\"https:\/\/www.aparences.net\/es\/#\/schema\/logo\/image\/\"}},{\"@type\":\"Person\",\"@id\":\"https:\/\/www.aparences.net\/es\/#\/schema\/person\/af349f6ffc31b16c68963e61268afca5\",\"name\":\"admin\",\"url\":\"https:\/\/www.aparences.net\/es\/author\/admin\/\"}]}<\/script>\n<!-- \/ Yoast SEO plugin. -->","yoast_head_json":{"title":"Las vidas de los grandes artistas","description":"En el siglo XIX, uno de los primeros en representar la vida de los pintores fue sin duda Ingres.","robots":{"index":"index","follow":"follow","max-snippet":"max-snippet:-1","max-image-preview":"max-image-preview:large","max-video-preview":"max-video-preview:-1"},"canonical":"https:\/\/www.aparences.net\/es\/periodos\/pintura-de-historia-del-siglo-xix\/las-vidas-de-los-grandes-artistas\/","og_locale":"es_ES","og_type":"article","og_title":"Las vidas de los grandes artistas","og_description":"En el siglo XIX, uno de los primeros en representar la vida de los pintores fue sin duda Ingres.","og_url":"https:\/\/www.aparences.net\/es\/periodos\/pintura-de-historia-del-siglo-xix\/las-vidas-de-los-grandes-artistas\/","og_site_name":"Aparences","article_published_time":"2025-02-02T09:15:24+00:00","article_modified_time":"2025-12-11T18:40:55+00:00","og_image":[{"width":1080,"height":540,"url":"https:\/\/www.aparences.net\/wp-content\/uploads\/2025\/01\/vie-dartistes-raphael.webp","type":"image\/webp"}],"author":"admin","twitter_card":"summary_large_image","twitter_misc":{"Escrito por":"admin","Tiempo de lectura":"14 minutos"},"schema":{"@context":"https:\/\/schema.org","@graph":[{"@type":"Article","@id":"https:\/\/www.aparences.net\/es\/periodos\/pintura-de-historia-del-siglo-xix\/las-vidas-de-los-grandes-artistas\/#article","isPartOf":{"@id":"https:\/\/www.aparences.net\/es\/periodos\/pintura-de-historia-del-siglo-xix\/las-vidas-de-los-grandes-artistas\/"},"author":{"name":"admin","@id":"https:\/\/www.aparences.net\/es\/#\/schema\/person\/af349f6ffc31b16c68963e61268afca5"},"headline":"Las vidas de los grandes artistas","datePublished":"2025-02-02T09:15:24+00:00","dateModified":"2025-12-11T18:40:55+00:00","mainEntityOfPage":{"@id":"https:\/\/www.aparences.net\/es\/periodos\/pintura-de-historia-del-siglo-xix\/las-vidas-de-los-grandes-artistas\/"},"wordCount":2487,"publisher":{"@id":"https:\/\/www.aparences.net\/es\/#organization"},"image":{"@id":"https:\/\/www.aparences.net\/es\/periodos\/pintura-de-historia-del-siglo-xix\/las-vidas-de-los-grandes-artistas\/#primaryimage"},"thumbnailUrl":"https:\/\/www.aparences.net\/wp-content\/uploads\/2025\/01\/vie-dartistes-raphael.webp","articleSection":["Pintura de historia del siglo XIX"],"inLanguage":"es"},{"@type":["WebPage","ItemPage"],"@id":"https:\/\/www.aparences.net\/es\/periodos\/pintura-de-historia-del-siglo-xix\/las-vidas-de-los-grandes-artistas\/","url":"https:\/\/www.aparences.net\/es\/periodos\/pintura-de-historia-del-siglo-xix\/las-vidas-de-los-grandes-artistas\/","name":"Las vidas de los grandes artistas","isPartOf":{"@id":"https:\/\/www.aparences.net\/es\/#website"},"primaryImageOfPage":{"@id":"https:\/\/www.aparences.net\/es\/periodos\/pintura-de-historia-del-siglo-xix\/las-vidas-de-los-grandes-artistas\/#primaryimage"},"image":{"@id":"https:\/\/www.aparences.net\/es\/periodos\/pintura-de-historia-del-siglo-xix\/las-vidas-de-los-grandes-artistas\/#primaryimage"},"thumbnailUrl":"https:\/\/www.aparences.net\/wp-content\/uploads\/2025\/01\/vie-dartistes-raphael.webp","datePublished":"2025-02-02T09:15:24+00:00","dateModified":"2025-12-11T18:40:55+00:00","description":"En el siglo XIX, uno de los primeros en representar la vida de los pintores fue sin duda Ingres.","breadcrumb":{"@id":"https:\/\/www.aparences.net\/es\/periodos\/pintura-de-historia-del-siglo-xix\/las-vidas-de-los-grandes-artistas\/#breadcrumb"},"inLanguage":"es","potentialAction":[{"@type":"ReadAction","target":["https:\/\/www.aparences.net\/es\/periodos\/pintura-de-historia-del-siglo-xix\/las-vidas-de-los-grandes-artistas\/"]}]},{"@type":"ImageObject","inLanguage":"es","@id":"https:\/\/www.aparences.net\/es\/periodos\/pintura-de-historia-del-siglo-xix\/las-vidas-de-los-grandes-artistas\/#primaryimage","url":"https:\/\/www.aparences.net\/wp-content\/uploads\/2025\/01\/vie-dartistes-raphael.webp","contentUrl":"https:\/\/www.aparences.net\/wp-content\/uploads\/2025\/01\/vie-dartistes-raphael.webp","width":1080,"height":540},{"@type":"BreadcrumbList","@id":"https:\/\/www.aparences.net\/es\/periodos\/pintura-de-historia-del-siglo-xix\/las-vidas-de-los-grandes-artistas\/#breadcrumb","itemListElement":[{"@type":"ListItem","position":1,"name":"Portada","item":"https:\/\/www.aparences.net\/es\/"},{"@type":"ListItem","position":2,"name":"Las vidas de los grandes artistas"}]},{"@type":"WebSite","@id":"https:\/\/www.aparences.net\/es\/#website","url":"https:\/\/www.aparences.net\/es\/","name":"Aparences: Historia del Arte y Actualidad Cultural","description":"","publisher":{"@id":"https:\/\/www.aparences.net\/es\/#organization"},"potentialAction":[{"@type":"SearchAction","target":{"@type":"EntryPoint","urlTemplate":"https:\/\/www.aparences.net\/es\/?s={search_term_string}"},"query-input":{"@type":"PropertyValueSpecification","valueRequired":true,"valueName":"search_term_string"}}],"inLanguage":"es"},{"@type":"Organization","@id":"https:\/\/www.aparences.net\/es\/#organization","name":"Aparences: Historia del Arte y Actualidad Cultural","url":"https:\/\/www.aparences.net\/es\/","logo":{"@type":"ImageObject","inLanguage":"es","@id":"https:\/\/www.aparences.net\/es\/#\/schema\/logo\/image\/","url":"https:\/\/www.aparences.net\/wp-content\/uploads\/2023\/09\/logo-quadrat-color-e1695915315229.png","contentUrl":"https:\/\/www.aparences.net\/wp-content\/uploads\/2023\/09\/logo-quadrat-color-e1695915315229.png","width":120,"height":120,"caption":"Aparences: Historia del Arte y Actualidad Cultural"},"image":{"@id":"https:\/\/www.aparences.net\/es\/#\/schema\/logo\/image\/"}},{"@type":"Person","@id":"https:\/\/www.aparences.net\/es\/#\/schema\/person\/af349f6ffc31b16c68963e61268afca5","name":"admin","url":"https:\/\/www.aparences.net\/es\/author\/admin\/"}]}},"_links":{"self":[{"href":"https:\/\/www.aparences.net\/es\/wp-json\/wp\/v2\/posts\/32863","targetHints":{"allow":["GET"]}}],"collection":[{"href":"https:\/\/www.aparences.net\/es\/wp-json\/wp\/v2\/posts"}],"about":[{"href":"https:\/\/www.aparences.net\/es\/wp-json\/wp\/v2\/types\/post"}],"author":[{"embeddable":true,"href":"https:\/\/www.aparences.net\/es\/wp-json\/wp\/v2\/users\/2"}],"replies":[{"embeddable":true,"href":"https:\/\/www.aparences.net\/es\/wp-json\/wp\/v2\/comments?post=32863"}],"version-history":[{"count":0,"href":"https:\/\/www.aparences.net\/es\/wp-json\/wp\/v2\/posts\/32863\/revisions"}],"wp:featuredmedia":[{"embeddable":true,"href":"https:\/\/www.aparences.net\/es\/wp-json\/wp\/v2\/media\/32866"}],"wp:attachment":[{"href":"https:\/\/www.aparences.net\/es\/wp-json\/wp\/v2\/media?parent=32863"}],"wp:term":[{"taxonomy":"category","embeddable":true,"href":"https:\/\/www.aparences.net\/es\/wp-json\/wp\/v2\/categories?post=32863"},{"taxonomy":"post_tag","embeddable":true,"href":"https:\/\/www.aparences.net\/es\/wp-json\/wp\/v2\/tags?post=32863"}],"curies":[{"name":"wp","href":"https:\/\/api.w.org\/{rel}","templated":true}]}}