{"id":33060,"date":"2025-06-07T08:01:15","date_gmt":"2025-06-07T06:01:15","guid":{"rendered":"https:\/\/www.aparences.net\/?p=33060"},"modified":"2025-12-11T19:40:55","modified_gmt":"2025-12-11T18:40:55","slug":"felix-vallotton-2","status":"publish","type":"post","link":"https:\/\/www.aparences.net\/es\/periodos\/arte-moderno-anexos\/felix-vallotton-2\/","title":{"rendered":"F\u00e9lix Vallotton"},"content":{"rendered":"<p><!--contents--><\/p>\n\n\n<h2 class=\"wp-block-heading\">El modernismo de F\u00e9lix Vallotton<\/h2>\n\n\n\n<p>Aunque nunca alcanz\u00f3 la fama de algunos de sus contempor\u00e1neos vanguardistas, pero desarrollando su propio estilo, a <strong>F\u00e9lix Vallotton<\/strong> (1865-1925) hoy se le considera uno de los artistas m\u00e1s originales de su \u00e9poca. Su estatus se basa en una obra que incluye retratos, grabados sat\u00edricos, escenas de interiores, paisajes y naturalezas muertas. Sus primeros grabados llamaron la atenci\u00f3n de <a href=\"https:\/\/www.aparences.net\/es\/periodos\/postimpresionismo\/pierre-bonnard-biografia-y-obras\/\">Pierre Bonnard<\/a> y <a href=\"https:\/\/www.aparences.net\/es\/periodos\/postimpresionismo\/vuillard-y-la-mirada-intimista\/\">\u00c9douard Vuillard<\/a>, que le invitaron a unirse al <strong>grupo de los Nabis<\/strong>. Aunque nunca lleg\u00f3 a establecerse realmente como miembro de los Nabis, su afiliaci\u00f3n al grupo le puso en contacto con un c\u00edrculo de bohemios literarios. A trav\u00e9s de estas nuevas asociaciones, pudo forjarse un camino m\u00e1s singular que le dio fama con una colecci\u00f3n de xilograf\u00edas sat\u00edricas para revistas vanguardistas de izquierdas. A medida que su carrera evoluciona, Vallotton dirige cada vez m\u00e1s su serena mirada hacia la pintura, transfiri\u00e9ndole la t\u00e9cnica de sus grabados, su visi\u00f3n distintiva que ofrece un sutil equilibrio entre realismo y simbolismo, permitiendo que muchas de sus obras de madurez transmitan una palpable sensaci\u00f3n de inquietud psicol\u00f3gica.<\/p>\n\n\n<div class=\"wp-block-image\">\n<figure class=\"aligncenter size-full\"><img loading=\"lazy\" decoding=\"async\" width=\"616\" height=\"400\" src=\"https:\/\/www.aparences.net\/wp-content\/uploads\/2025\/04\/felix-vallotton-paysage-de-la-creuse-1925.webp\" alt=\"Paysage de la Creuse, 1925, \u00c9douard Vuillard\" class=\"wp-image-33025\" title=\"Paysage de la Creuse, 1925, \u00c9douard Vuillard\"\/><figcaption class=\"wp-element-caption\"><em><strong>Paysage de la Creuse<\/strong>, 1925, Mus\u00e9e des Beaux-Arts de La Chaux-de-Fonds.<\/em><\/figcaption><\/figure>\n<\/div>\n\n\n<p><strong>F\u00e9lix Vallotton<\/strong> fue famoso por un \u00e1lbum de 10 grabados titulado \u00abIntimit\u00e9s\u00bb, una colecci\u00f3n de vi\u00f1etas dom\u00e9sticas que representaban relaciones \u00edntimas entre parejas de la burgues\u00eda. Al revelar las costumbres prohibidas de la vida privada burguesa, Vallotton, seg\u00fan historiadores como Merel van Tilburg, puso el arte en consonancia con la literatura de finales del siglo XIX, del mismo modo que los comentarios sobre los impulsos ocultos de la psique humana anticiparon el inminente nacimiento del psicoan\u00e1lisis. Al crear algunas de las im\u00e1genes m\u00e1s sat\u00edricas y visualmente distintivas de la vida parisina de fin de siglo, Vallotton se gan\u00f3 el t\u00edtulo de mayor grabador de su generaci\u00f3n. Se le atribuye la revitalizaci\u00f3n del arte de la xilograf\u00eda, inspir\u00e1ndose en la tradici\u00f3n de las xilograf\u00edas japonesas Ukiyo-e de artistas del siglo XVIII como <a href=\"https:\/\/es.wikipedia.org\/wiki\/Katsushika_Hokusai\">Katsushika Hokusai<\/a> y <strong>Utagawa Hiroshige<\/strong>, para crear mordaces narraciones pol\u00edticas cuyo efecto se ve\u00eda realzado por el audaz contraste de la tinta negra sobre el papel blanco.<\/p>\n\n\n<div class=\"wp-block-image\">\n<figure class=\"aligncenter size-full\"><img loading=\"lazy\" decoding=\"async\" width=\"681\" height=\"258\" src=\"https:\/\/www.aparences.net\/wp-content\/uploads\/2025\/04\/felix-vallotton-intimites-1897.webp\" alt=\"Intimidades, hacia 1897, F\u00e9lix Vallotton\" class=\"wp-image-33027\" title=\"Intimidades, hacia 1897, F\u00e9lix Vallotton\"\/><figcaption class=\"wp-element-caption\"><em>I<strong>ntimidades<\/strong>, hacia 1897, F\u00e9lix Vallotton, Par\u00eds, Museo de Orsay.<\/em><\/figcaption><\/figure>\n<\/div>\n\n\n<p>La Royal Academy de Londres le calific\u00f3 de \u00abpintor de la ansiedad\u00bb. Un t\u00edtulo que Vallotton habr\u00eda apreciado, ya que prefer\u00eda pintar a \u00abpersonas sensatas, pero que tienen un vicio oculto en lo m\u00e1s profundo de su ser\u00bb\u2026 un estado de \u00e1nimo, admit\u00eda de buen grado, \u00abque comparto\u00bb.<\/p>\n\n\n<div class=\"wp-block-image\">\n<figure class=\"aligncenter size-full\"><img loading=\"lazy\" decoding=\"async\" width=\"617\" height=\"428\" src=\"https:\/\/www.aparences.net\/wp-content\/uploads\/2025\/04\/felix-vallotton-lattente-1899.webp\" alt=\"Esperando, 1899, F\u00e9lix Vallotton\" class=\"wp-image-33029\" title=\"Esperando, 1899, F\u00e9lix Vallotton\"\/><figcaption class=\"wp-element-caption\"><em><strong>Esperando<\/strong>, 1899, F\u00e9lix Vallotton, Z\u00farich, Kunsthaus<\/em>.<\/figcaption><\/figure>\n<\/div>\n\n\n<h2 class=\"wp-block-heading\">Felix Vallotton: Infancia y educaci\u00f3n<\/h2>\n\n\n\n<p><strong>F\u00e9lix Edouard Vallotton<\/strong> naci\u00f3 en 1865 en el seno de una modesta familia protestante que viv\u00eda en Lausana, a orillas del lago Lem\u00e1n. El padre de F\u00e9lix, Alexis, regentaba una tienda de ultramarinos y bricolaje, y m\u00e1s tarde se har\u00eda cargo de la direcci\u00f3n de una f\u00e1brica de chocolate. Su madre, Mathilde, proced\u00eda de una familia de fabricantes de muebles. El joven F\u00e9lix era un ni\u00f1o delicado y sensible y, a causa de las epidemias de viruela que asolaron Europa, pas\u00f3 largas temporadas encerrado en la casa familiar. Adem\u00e1s de las asignaturas escolares, entre ellas griego y lat\u00edn, se aficion\u00f3 al dibujo y la pintura (una pasi\u00f3n sin duda alimentada por estos periodos de confinamiento prolongado) y recibi\u00f3 clases extraescolares de dibujo con el pintor Jean-Samson Guignard. En estas clases demostr\u00f3 por primera vez su talento precoz para representar temas con una precisi\u00f3n asombrosa.<\/p>\n\n\n<div class=\"wp-block-image\">\n<figure class=\"aligncenter size-full\"><img loading=\"lazy\" decoding=\"async\" width=\"363\" height=\"460\" src=\"https:\/\/www.aparences.net\/wp-content\/uploads\/2025\/04\/felix-vallotton-mon-portrait-1885.webp\" alt=\"Mi retrato, 1885, F\u00e9lix Vallotton\" class=\"wp-image-33031\" title=\"Mi retrato, 1885, F\u00e9lix Vallotton\"\/><figcaption class=\"wp-element-caption\"><em><strong>Mi retrato<\/strong>, 1885, F\u00e9lix Vallotton, <br>Lausana, Museo Cantonal de Bellas Artes.<\/em><\/figcaption><\/figure>\n<\/div>\n\n\n<p>Despu\u00e9s de graduarse en el Coll\u00e8ge Cantonal en 1882, Vallotton, de diecis\u00e9is a\u00f1os, convenci\u00f3 a su padre para que le llevara a Par\u00eds a aprender m\u00e1s sobre la carrera de pintor. Hab\u00eda aprobado el examen de acceso a la \u00c9cole des Beaux-Arts, pero en su lugar opt\u00f3 por la prestigiosa <a href=\"https:\/\/es.wikipedia.org\/wiki\/Academia_Julian\">Acad\u00e9mie Julian<\/a>, m\u00e1s relajada, porque hac\u00eda hincapi\u00e9 en el \u00abarte real\u00bb y el \u00abnaturalismo\u00bb y ofrec\u00eda cursos de litograf\u00eda y otras formas de grabado. Vallotton estudi\u00f3 con tres grandes pintores figurativos franceses: Jules Joseph Lefebvre, Guillaume Bouguereau y Gustave Boulanger. Vallotton pasaba gran parte de su tiempo libre en el Louvre y le fascinaban las obras de los maestros del Renacimiento, as\u00ed como <a href=\"https:\/\/www.aparences.net\/es\/periodos\/rococo\/francisco-de-goya\/\">Goya<\/a>, <a href=\"https:\/\/www.aparences.net\/es\/periodos\/impresionismo\/edouard-manet\/\">Manet<\/a> e <a href=\"https:\/\/www.aparences.net\/es\/periodos\/neoclasicismo\/jean-auguste-dominique-ingres\/\">Ingres<\/a>. Durante su estancia en la Academia, Vallotton entabl\u00f3 amistad con el grabador polaco F\u00e9lix Jasinski y con el pintor y grabador Charles Maurin. Vallotton <strong>pint\u00f3 el retrato de Jasinski<\/strong> y \u00e9ste le devolvi\u00f3 el favor ense\u00f1\u00e1ndole el arte del grabado. Los dos hombres trabajar\u00edan juntos en muchos proyectos futuros.<\/p>\n\n\n<div class=\"wp-block-image\">\n<figure class=\"aligncenter size-full\"><img loading=\"lazy\" decoding=\"async\" width=\"651\" height=\"460\" src=\"https:\/\/www.aparences.net\/wp-content\/uploads\/2025\/04\/felix-vallotton-felix-jasinsky-dans-son-atelier-de-gravure-1887.webp\" alt=\"F\u00e9lix Jasinski en su taller de grabado, 1887, F\u00e9lix Vallotton\" class=\"wp-image-33033\" title=\"F\u00e9lix Jasinski en su taller de grabado, 1887, F\u00e9lix Vallotton\"\/><figcaption class=\"wp-element-caption\"><em><strong>F\u00e9lix Jasinski<\/strong> en su taller de grabado, 1887, F\u00e9lix Vallotton, Colecci\u00f3n particular.<\/em><\/figcaption><\/figure>\n<\/div>\n\n\n<!-- AdBoxRight2020 --><ins class=\"adsbygoogle\"     style=\"display:block; margin-top:30px;\"     data-ad-client=\"ca-pub-2468002815867636\"     data-ad-slot=\"3496014735\"     data-ad-format=\"auto\"     data-full-width-responsive=\"false\"><\/ins><script> (adsbygoogle = window.adsbygoogle || []).push({});<\/script><h2 class=\"wp-block-heading\">Primer periodo<\/h2>\n\n\n\n<p>En 1887, <strong>F\u00e9lix Vallotton<\/strong> se distanci\u00f3 de la Acad\u00e9mie Julian despu\u00e9s de que sus retratos realistas fueran criticados por su antiguo partidario, Lefebvre. A pesar de su educaci\u00f3n conservadora en Suiza y de la restrictiva falta de fondos, se sumergi\u00f3 en la vida parisina. Maurin hab\u00eda introducido a su amigo en los ambientes bohemios de Montmartre, donde conoci\u00f3 a <a href=\"https:\/\/www.aparences.net\/es\/periodos\/postimpresionismo\/henri-de-toulouse-lautrec\/\">Henri Toulouse-Lautrec<\/a> en el cabaret Le Chat Noir. Vallotton se traslad\u00f3 al barrio de artistas de Montparnasse, donde se influenci\u00f3 de Toulouse-Lautrec y de la bohemia parisina. Para llegar a fin de mes, empez\u00f3 a vender grabados de dibujos que hab\u00eda hecho de Rembrandt y Millet, trabaj\u00f3 a tiempo parcial como restaurador en una galer\u00eda de arte y, en 1890, empez\u00f3 a escribir cr\u00edticas de arte para la Gaceta Suiza de Lausana (puesto que ocupar\u00eda hasta 1897). Su aventura parisina se vio interrumpida por una fiebre tifoidea, seguida de un periodo de profunda depresi\u00f3n, que le hizo regresar a Suiza para recargar las pilas. En 1892, Vallotton conoci\u00f3 a la modista francesa H\u00e9l\u00e8ne Chatenay, con quien mantuvo una relaci\u00f3n hasta 1899. Tambi\u00e9n ganaba dinero con los encargos de retratos. Muchos de sus encargos parisinos los consigui\u00f3 por mediaci\u00f3n de expatriados suizos que viv\u00edan en la capital francesa. Uno de estos amigos era el artista suizo <strong>Ernest Bi\u00e9ler<\/strong>, que convenci\u00f3 al tambien pintor suizo <a href=\"https:\/\/fr.wikipedia.org\/wiki\/Auguste_de_Molins\">Auguste de Molins<\/a> para que escribiera una carta de presentaci\u00f3n en nombre de Vallotton a <a href=\"https:\/\/www.aparences.net\/es\/periodos\/impresionismo\/pierre-auguste-renoir\/\">Renoir <\/a>y <a href=\"https:\/\/www.aparences.net\/es\/periodos\/impresionismo\/edgar-degas\/\">Degas<\/a>.<\/p>\n\n\n<div class=\"wp-block-image\">\n<figure class=\"aligncenter size-full\"><img loading=\"lazy\" decoding=\"async\" width=\"360\" height=\"460\" src=\"https:\/\/www.aparences.net\/wp-content\/uploads\/2025\/04\/felix-vallotton-au-marche-1895.webp\" alt=\"En el mercado, 1895, F\u00e9lix Vallotton\" class=\"wp-image-33035\" title=\"En el mercado, 1895, F\u00e9lix Vallotton\"\/><figcaption class=\"wp-element-caption\"><em><strong>En el mercado<\/strong>, 1895, F\u00e9lix Vallotton, <br>Nueva York, Museo Metropolitano.<\/em><\/figcaption><\/figure>\n<\/div>\n\n\n<p>El cuadro <em><strong>La Malade<\/strong><\/em>, de 1892, tiene tanto la claridad v\u00edvida y la composici\u00f3n formal de un cuadro de los antiguos <a href=\"https:\/\/www.aparences.net\/es\/periodos\/pintura-de-genero-holandesa\/\">maestros holandeses<\/a> como la atm\u00f3sfera de una obra de teatro. Una criada lleva una copa a la mujer enferma que est\u00e1 de espaldas al espectador -para la que pos\u00f3 la amante de Vallotton, H\u00e9l\u00e8ne Chatenay. En la pared cuelga un grabado de la Virgen con el Ni\u00f1o de Gustave Dor\u00e9. El cuadro est\u00e1 claramente enraizado en las tradiciones del realismo, pero hay algo extra\u00f1amente desconcertante en \u00e9l. La criada parece posar para el artista en lugar de atender a su paciente, y la curva de la alfombra y el biombo que invade la izquierda contribuyen a su car\u00e1cter inquietante y claustrof\u00f3bico. <em>La Malade<\/em> es tal vez la expresi\u00f3n final del primer realismo de Vallotton, antes de introducir en su pintura el estilo simplificado que ya experimentaba en sus xilograf\u00edas.<\/p>\n\n\n<div class=\"wp-block-image\">\n<figure class=\"aligncenter size-full\"><img loading=\"lazy\" decoding=\"async\" width=\"629\" height=\"458\" src=\"https:\/\/www.aparences.net\/wp-content\/uploads\/2025\/04\/felix-vallotton-la-malade-1892.webp\" alt=\"La Enferma (H\u00e9l\u00e8ne Chatenay), 1892, F\u00e9lix Vallotton\" class=\"wp-image-33037\" title=\"La Enferma (H\u00e9l\u00e8ne Chatenay), 1892, F\u00e9lix Vallotton\"\/><figcaption class=\"wp-element-caption\"><em><strong>La Enferma<\/strong> (H\u00e9l\u00e8ne Chatenay), 1892, F\u00e9lix Vallotton, Zurich, Kunsthaus.<\/em><\/figcaption><\/figure>\n<\/div>\n\n\n<p>El cat\u00e1logo de obras de Vallotton empez\u00f3 a incluir sus grabados a partir de 1887 y, en una carta dirigida a sus padres a finales de 1889, les comunicaba que hab\u00eda empezado a trabajar por encargo para un editor. Se ganaba bien la vida con su trabajo de grabador, y en 1891 sus xilograf\u00edas superaban el n\u00famero de pinturas que figuraban en su cat\u00e1logo personal, centrado en la s\u00e1tira social y los interiores confinados.<\/p>\n\n\n<div class=\"wp-block-image\">\n<figure class=\"aligncenter size-full\"><img loading=\"lazy\" decoding=\"async\" width=\"613\" height=\"460\" src=\"https:\/\/www.aparences.net\/wp-content\/uploads\/2025\/04\/felix-vallotton-lanarchiste-1892.webp\" alt=\"El anarquista, 1892, F\u00e9lix Vallotton\" class=\"wp-image-33039\" title=\"El anarquista, 1892, F\u00e9lix Vallotton\"\/><figcaption class=\"wp-element-caption\"><em><strong>El anarquista<\/strong>, 1892, F\u00e9lix Vallotton, Museo de Arte de Cleveland.<\/em><\/figcaption><\/figure>\n<\/div>\n\n\n<h2 class=\"wp-block-heading\">Periodo de madurez<\/h2>\n\n\n\n<p><strong>F\u00e9lix Vallotton<\/strong> cre\u00f3 las obras de este periodo retratando una ciudad que se lanzaba de lleno a la modernidad, lo que hab\u00eda suscitado sentimientos de desilusi\u00f3n y malestar, sobre todo entre la clase burguesa conservadora. En un momento en que se prestaba tanta atenci\u00f3n a la nueva cara de la ciudad, Vallotton tuvo la clarividencia de dirigir su atenci\u00f3n a los mundos interiores. Como se\u00f1al\u00f3 un cr\u00edtico de arte, \u00abpara Vallotton [\u2026] las escenas de interior parecen subvertir nuestra expectativa de control, de estar \u201cen casa\u201d en la propia residencia. En lugar de posar, mirar al lienzo y sentarse firmemente para un retrato, a los burgueses de las im\u00e1genes de Vallotton les pilla desprevenidos, sin pose y sin preparaci\u00f3n. Se les capta en medio de una conversaci\u00f3n, una cita o un enga\u00f1o. Su mundo interior est\u00e1 hecho de mentiras, tensiones y desconexiones. Vallotton parece utilizar el espacio interior como un escenario en el que adentrarse en el suntuoso despliegue de riqueza y gentileza de la sociedad parisina. Sugiere que detr\u00e1s de las muestras cuidadosamente orquestadas de la vida burguesa se esconde una realidad dislocada, perturbadora y fracturada\u00bb.<\/p>\n\n\n<div class=\"wp-block-image\">\n<figure class=\"aligncenter size-full\"><img loading=\"lazy\" decoding=\"async\" width=\"617\" height=\"460\" src=\"https:\/\/www.aparences.net\/wp-content\/uploads\/2025\/04\/felix-vallotton-femme-en-se-coiffant-1900.webp\" alt=\"Mujer pein\u00e1ndose, 1900, F\u00e9lix Vallotton\" class=\"wp-image-33041\" title=\"Mujer pein\u00e1ndose, 1900, F\u00e9lix Vallotton\"\/><figcaption class=\"wp-element-caption\"><em><strong>Mujer pein\u00e1ndose<\/strong>, 1900, F\u00e9lix Vallotton, Par\u00eds, Museo de Orsay.<\/em><\/figcaption><\/figure>\n<\/div>\n\n<div class=\"wp-block-image\">\n<figure class=\"aligncenter size-full\"><img loading=\"lazy\" decoding=\"async\" width=\"617\" height=\"392\" src=\"https:\/\/www.aparences.net\/wp-content\/uploads\/2025\/04\/felix-vallotton-le-diner-1899.webp\" alt=\"La Comida, efecto l\u00e1mpara, 1899, F\u00e9lix Vallotton\" class=\"wp-image-33043\" title=\"La Comida, efecto l\u00e1mpara, 1899, F\u00e9lix Vallotton\"\/><figcaption class=\"wp-element-caption\"><em><strong>La Comida, efecto l\u00e1mpara<\/strong>, 1899, F\u00e9lix Vallotton, Par\u00eds, Museo de Orsay.<\/em><\/figcaption><\/figure>\n<\/div>\n\n\n<p>Gracias a su creciente dominio del grabado en madera y a su agudo sentido del estilo gr\u00e1fico, F\u00e9lix Vallotton se convirti\u00f3 en un artista muy solicitado por una nueva ola de revistas francesas, deseosas de reclutar a un artista que compartiera sus simpat\u00edas liberales, a veces anarquistas. Revistas como <em>Le Courrier Fran\u00e7ais, Le Rire, Le Cri de Paris<\/em> y <em>L&#8217;Escarmouche<\/em> pagaban bien a su ilustrador estrella por sus ilustraciones \u00e1cidas e ingeniosas. Vallotton tambi\u00e9n expuso en el inimitable <a href=\"https:\/\/www.aparences.net\/es\/periodos\/el-simbolismo\/el-simbolismo\/#salones-de-la-rose-croix\">Salon de la Rose-Croix<\/a>, una galer\u00eda dirigida por una asociaci\u00f3n de seguidores de los Rose-Croix que rechazaban el arte cl\u00e1sico y a los impresionistas en favor de sus propias preferencias espiritualistas y simbolistas. Aqu\u00ed expuso su retrato en madera del poeta Paul Verlaine (que estaba presente), uno de los muchos retratos literarios que pint\u00f3 de personalidades como Poe, Dostoievski, Stendhal y contempor\u00e1neos como Mallarm\u00e9 y Rimbaud. Sin embargo, Vallotton no se integr\u00f3 f\u00e1cilmente en el grupo y s\u00f3lo expuso con ellos una vez.<\/p>\n\n\n<div class=\"wp-block-image\">\n<figure class=\"aligncenter size-full\"><img loading=\"lazy\" decoding=\"async\" width=\"581\" height=\"460\" src=\"https:\/\/www.aparences.net\/wp-content\/uploads\/2025\/04\/felix-valloton-le-pocker-1902.webp\" alt=\"P\u00f3quer, 1902, F\u00e9lix Vallotton, Par\u00eds, Museo de Orsay\" class=\"wp-image-33045\" title=\"P\u00f3quer, 1902, F\u00e9lix Vallotton, Par\u00eds, Museo de Orsay.\"\/><figcaption class=\"wp-element-caption\"><em><strong>P\u00f3quer,<\/strong> 1902, F\u00e9lix Vallotton, Par\u00eds, Museo de Orsay.<\/em><\/figcaption><\/figure>\n<\/div>\n\n\n<p>En abril de 1898, <strong>F\u00e9lix Vallotton<\/strong> expuso en la galer\u00eda de <a href=\"https:\/\/es.wikipedia.org\/wiki\/Ambroise_Vollard\">Ambroise Vollard<\/a>, el influyente marchante que apoy\u00f3 a <strong>C\u00e9zanne<\/strong>, <strong>Renoir<\/strong>, <strong>Picasso<\/strong> y muchos otros artistas emergentes. Al a\u00f1o siguiente, la vida de Vallotton experiment\u00f3 un gran cambio cuando se cas\u00f3 con Gabrielle Rodrigues-Henriques, viuda y madre de tres hijos, hija de Alexandre Bernheim, destacado fot\u00f3grafo y marchante de arte. En una carta a su hermano, escribi\u00f3: \u00abUna gran noticia que realmente te sorprender\u00e1: me caso. Me voy a casar con una se\u00f1ora que conozco y me gusta desde hace mucho tiempo [\u2026] Tiene medios suficientes para mantenerse a s\u00ed misma y a sus hijos, y con lo que yo podr\u00e9 ganar, saldremos adelante muy f\u00e1cilmente. Adem\u00e1s, la familia se ocupar\u00e1 de los ni\u00f1os y estoy seguro de que me ayudar\u00e1 mucho en mi carrera. Son importantes marchantes de arte\u00bb.<\/p>\n\n\n<div class=\"wp-block-image\">\n<figure class=\"aligncenter size-full\"><img loading=\"lazy\" decoding=\"async\" width=\"616\" height=\"460\" src=\"https:\/\/www.aparences.net\/wp-content\/uploads\/2025\/04\/felix-vallotton-se-faisant-les-ongles-1899.webp\" alt=\"Gabrielle Vallotton arregl\u00e1ndose las u\u00f1as, 1899, F\u00e9lix Vallotton\" class=\"wp-image-33047\" title=\"Gabrielle Vallotton arregl\u00e1ndose las u\u00f1as, 1899, F\u00e9lix Vallotton\"\/><figcaption class=\"wp-element-caption\"><em><strong>Gabrielle Vallotton<\/strong> arregl\u00e1ndose las u\u00f1as, 1899, F\u00e9lix Vallotton, Par\u00eds, Museo de Orsay.<\/em><\/figcaption><\/figure>\n<\/div>\n\n\n<p>Vallotton, al no depender ya de las ilustraciones de revistas para sus ingresos, el cr\u00edtico Julius Meier-Graefe observa que \u00abla pintura es su fase final\u00bb y que sus xilograf\u00edas pueden considerarse como un \u00abperiodo preparatorio\u00bb durante el cual \u00abexplor\u00f3 todo lo que ahora deseaba incorporar a su pintura\u00bb. Tras dejar atr\u00e1s su vida bohemia y volver a un estilo m\u00e1s cercano a su educaci\u00f3n, Vallotton se convierte en miembro de una familia de la alta burgues\u00eda francesa, a la que hab\u00eda atacado anteriormente, y sus cuadros se pueblan ahora con los personajes de su nueva vida. Con su nuevo estatus lleg\u00f3 el esperado auge de su fortuna art\u00edstica. En 1903, Vallotton expone en la <strong>Secesi\u00f3n de Viena<\/strong> y vende varios cuadros. Ese mismo a\u00f1o, el gobierno franc\u00e9s compra por primera vez una de sus obras para el Museo del Luxemburgo. Su matrimonio tambi\u00e9n le dio acceso a una de las galer\u00edas m\u00e1s importantes de Par\u00eds, la Galerie Bernheim-Jeune, propiedad de la familia de su esposa donde hizo dos exposiciones individuales, durante las cuales vendi\u00f3 un total de 13 cuadros.<\/p>\n\n\n<div class=\"wp-block-image\">\n<figure class=\"aligncenter size-full\"><img loading=\"lazy\" decoding=\"async\" width=\"523\" height=\"460\" src=\"https:\/\/www.aparences.net\/wp-content\/uploads\/2025\/04\/felix-vallotton-sur-la-plage-1899.webp\" alt=\"En la playa, 1899, F\u00e9lix Vallotton\" class=\"wp-image-33049\" title=\"En la playa, 1899, F\u00e9lix Vallotton\"\/><figcaption class=\"wp-element-caption\"><em><strong>En la playa<\/strong>, 1899, F\u00e9lix Vallotton, Z\u00farich, Kunsthaus<\/em><\/figcaption><\/figure>\n<\/div>\n\n\n<p>Pese a las malas cr\u00edticas, el gobierno franc\u00e9s ofreci\u00f3 a Vallotton la Legi\u00f3n de Honor en 1912, que rechaz\u00f3 (como Bonnard y Vuillard antes que \u00e9l). Dos a\u00f1os m\u00e1s tarde, cuando estall\u00f3 la Primera Guerra Mundial, se le consider\u00f3 demasiado viejo para servir. \u00a1Vallotton, profundamente afectado por las noticias sobre la devastaci\u00f3n y la p\u00e9rdida de vidas humanas, volvi\u00f3 en 1915 al grabado en madera para una serie titulada C&#8217;est la guerre! (\u00a1Es la guerra!), su \u00faltima serie de grabados. A petici\u00f3n del gobierno franc\u00e9s, recorri\u00f3 los campos de batalla de la regi\u00f3n de Champa\u00f1a y pint\u00f3 los efectos destructivos de la guerra en edificios civiles e iglesias. En 1917 tambi\u00e9n public\u00f3 un ensayo, <em>Art et Guerre<\/em>, en Les \u00c9crits nouveaux, en el que describ\u00eda las dificultades de captar la realidad de la guerra a trav\u00e9s del arte.<\/p>\n\n\n\n<!-- AdBoxLeft2023 --><ins class=\"adsbygoogle\" style=\"display:block\" data-ad-client=\"ca-pub-2468002815867636\" data-ad-slot=\"1318022963\" data-ad-format=\"auto\" data-full-width-responsive=\"true\"><\/ins><script> (adsbygoogle = window.adsbygoogle || []).push({});<\/script><h2 class=\"wp-block-heading\">F\u00e9lix Vallotton: La Visita<\/h2>\n\n\n\n<p>En la suntuosa escena dom\u00e9stica del cuadro <em><strong>La Visit<\/strong>a<\/em> (1899), Vallotton ofrece una visi\u00f3n de un momento privado, tal vez un encuentro clandestino entre un hombre y una mujer en un sal\u00f3n parisino. Las marcadas verticales y horizontales de la sala dan la impresi\u00f3n de un decorado teatral. El tapizado de terciopelo de los muebles se repite en los contornos del abrigo de la mujer, mientras que una sombra sinuosa se extiende desde el negro del traje del hombre hasta la pared. Una puerta se abre a otra habitaci\u00f3n, probablemente un dormitorio contiguo, sugiriendo las intenciones de la pareja. <em>La Visita<\/em> es una de las muchas im\u00e1genes que Vallotton pint\u00f3 de momentos \u00edntimos entre hombres y mujeres, a veces en restaurantes, a veces en el teatro, y que a menudo sugieren seducci\u00f3n o coacci\u00f3n, pero rara vez romance o amor. Un cr\u00edtico, Octave Mirbeau, describe c\u00f3mo \u00ablos personajes no se contentan con sonre\u00edr y llorar, hablan [\u2026] expresan su humanidad y el car\u00e1cter de su humanidad con fuerza, con la elocuencia m\u00e1s conmovedora, cuando es Monsieur Vallotton quien les oye hablar\u00bb. El propio Vallotton habla de algo misterioso que acecha bajo la superficie de su pintura: \u00abCreo que pinto para gente sensata pero que tiene un vicio oculto en lo m\u00e1s profundo de su ser\u00bb, afirma. \u00abDe hecho, me gusta este estado que comparto.<\/p>\n\n\n<div class=\"wp-block-image\">\n<figure class=\"aligncenter size-full\"><img loading=\"lazy\" decoding=\"async\" width=\"617\" height=\"388\" src=\"https:\/\/www.aparences.net\/wp-content\/uploads\/2025\/04\/felix-vallotton-la-visite-1899.webp\" alt=\"La Visita,1899, F\u00e9lix Vallotton\" class=\"wp-image-33051\" title=\"La Visita,1899, F\u00e9lix Vallotton\"\/><figcaption class=\"wp-element-caption\"><em><strong>La Visita<\/strong>,1899, F\u00e9lix Vallotton, Z\u00fcrich, Kunsthaus.<\/em><\/figcaption><\/figure>\n<\/div>\n\n\n<h2 class=\"wp-block-heading\">F\u00e9lix Vallotton: El Bal\u00f3n<\/h2>\n\n\n\n<p>El cuadro <em><strong>El Bal\u00f3n<\/strong><\/em> es una de las obras m\u00e1s conocidas de <strong>F\u00e9lix Vallotton<\/strong>, y fue realizada cuando a\u00fan pertenecia al periodo Nabis. En efecto, la vista de p\u00e1jaro de personajes en parques, jardines y otros lugares p\u00fablicos es una caracter\u00edstica de los cuadros de <a href=\"https:\/\/www.aparences.net\/es\/periodos\/postimpresionismo\/pierre-bonnard-biografia-y-obras\/\">Bonnard<\/a> y <a href=\"https:\/\/www.aparences.net\/es\/periodos\/postimpresionismo\/vuillard-y-la-mirada-intimista\/\">Vuillard<\/a>. Sobre este tema, Vallotton ofrece una vista alta de un ni\u00f1o cuyo rostro est\u00e1 oculto por un sombrero amarillo de ala ancha adornado con una cinta roja, bajo el cual se escapa una mata de pelo rubio. Las botas del ni\u00f1o son de un naranja apagado, mientras que la blusa blanca se desliza al viento detr\u00e1s de \u00e9l, acentuando el ritmo de carrera al que persigue la pelota roja. Contra la extensi\u00f3n leonada del suelo y la profunda sombra proyectada por los \u00e1rboles (bajo los cuales se encuentra lo que parece ser una segunda pelota marr\u00f3n claro), el ni\u00f1o a\u00f1ade un toque de luz brillante, como si le persiguiera la sombra oscura. Al otro lado del lago, nuestra mirada se dirige hacia dos figuras p\u00e1lidas, una vestida de azul y la otra de blanco. El peque\u00f1o tama\u00f1o de las dos mujeres sugiere que se encuentran en un segundo plano, pero el plano del cuadro es plano y frontal, interrumpido por la curva diagonal del lago.<\/p>\n\n\n<div class=\"wp-block-image\">\n<figure class=\"aligncenter size-full\"><img loading=\"lazy\" decoding=\"async\" width=\"589\" height=\"460\" src=\"https:\/\/www.aparences.net\/wp-content\/uploads\/2025\/04\/felix-vallotton-le-ballon-orsay-1899.webp\" alt=\"El Bal\u00f3n, 1899, F\u00e9lix Vallotton\" class=\"wp-image-33053\"\/><figcaption class=\"wp-element-caption\"><em><strong>El Bal\u00f3n<\/strong>, 1899, F\u00e9lix Vallotton, Paris, Mus\u00e9e d&#8217;Orsay.<\/em><\/figcaption><\/figure>\n<\/div>\n\n\n<p>Como la mayor\u00eda de los Nabis, Vallotton admiraba las xilograf\u00edas japonesas y adapt\u00f3 muchos de sus temas y convenciones estil\u00edsticas. Pero, a diferencia de las im\u00e1genes de jardines p\u00fablicos de Vuillard y Bonnard, Vallotton no decora cada vista con motivos ornamentales. Redujo los elementos visuales en lugar de aumentarlos, y alis\u00f3 la pintura para convertirla en un paralelismo material con la realidad. Este juego solitario de pelota era un placer urbano para los v\u00e1stagos de la burgues\u00eda, y es dif\u00edcil imaginar un pasatiempo menos bullicioso o agradable.<\/p>\n\n\n\n<h2 class=\"wp-block-heading\">Los paisajes de Vallotton<\/h2>\n\n\n\n<p>En los \u00faltimos a\u00f1os de su vida, <strong>F\u00e9lix Vallotton<\/strong> se retir\u00f3 de la vida p\u00fablica por problemas de salud. Sin embargo, sigui\u00f3 pintando, sobre todo paisajes y naturalezas muertas. Creados en el estudio a partir de bocetos y fotograf\u00edas, los paisajes tienen una tranquilidad casi hipn\u00f3tica. \u00abMe gustar\u00eda poder recrear paisajes utilizando \u00fanicamente la emoci\u00f3n que me han provocado\u00bb, escrib\u00eda el artista en 1916, \u201cunas pocas grandes l\u00edneas evocadoras, uno o dos detalles, elegidos sin preocuparme de la hora ni de la luz\u201d. El autor franc\u00e9s Mathias Morhardt a\u00f1ad\u00eda: \u00abEn su interpretaci\u00f3n de la naturaleza, buscaba sus aspectos m\u00e1s sutiles: los colores suaves y la melancol\u00eda oculta\u00bb.<\/p>\n\n\n<div class=\"wp-block-image\">\n<figure class=\"aligncenter size-full\"><img loading=\"lazy\" decoding=\"async\" width=\"616\" height=\"447\" src=\"https:\/\/www.aparences.net\/wp-content\/uploads\/2025\/04\/felix-vallotton-eglise-des-hurlus-en-ruines-1917.webp\" alt=\"\u00c9glise des Hurlus en ruines, 1917, F\u00e9lix Vallotton\" class=\"wp-image-33055\" title=\"\u00c9glise des Hurlus en ruines, 1917, F\u00e9lix Vallotton\"\/><figcaption class=\"wp-element-caption\"><em><strong>\u00c9glise des Hurlus<\/strong> en ruines, 1917, F\u00e9lix Vallotton, Paris, Mus\u00e9e d\u2019Orsay.<\/em><\/figcaption><\/figure>\n<\/div>\n\n\n<p>Vallotton ten\u00eda 48 a\u00f1os cuando estall\u00f3 la guerra, y se sinti\u00f3 in\u00fatil cuando supo que era demasiado viejo para servir a su pa\u00eds de adopci\u00f3n (se hab\u00eda nacionalizado franc\u00e9s en 1900). Le afect\u00f3 profundamente la violencia de los informes que llegaban del frente y, tras la victoria francesa en Verd\u00fan en 1916, Vallotton escribi\u00f3: \u00abDe todo este horror emerge una perfecta nobleza; nos sentimos verdaderamente orgullosos de estar del lado de la humanidad, y pase lo que pase, el nombre de Francia rejuvenece con un resplandor desconocido hasta ahora\u00bb. Los paisajes de Vallotton poseen una inquietante extra\u00f1eza que podr\u00eda haber anticipado a <a href=\"https:\/\/www.aparences.net\/es\/periodos\/arte-moderno\/el-surrealismo\/\">los surrealistas<\/a>. Con sus contornos audaces, sus colores aplanados y sus siluetas, im\u00e1genes como <em>Les gerbes<\/em> (1915) y <em><strong>L&#8217;\u00e9glise de Souain en silhouette<\/strong><\/em> (1917) siguen figurando entre las meditaciones simb\u00f3licas m\u00e1s conmovedoras sobre los efectos de la Gran Guerra.<\/p>\n\n\n<div class=\"wp-block-image\">\n<figure class=\"aligncenter size-full\"><img loading=\"lazy\" decoding=\"async\" width=\"616\" height=\"459\" src=\"https:\/\/www.aparences.net\/wp-content\/uploads\/2025\/04\/felix-vallotton-eglise-de-souain-1917.webp\" alt=\"La iglesia de Souain en silueta, 1917, F\u00e9lix Vallotton\" class=\"wp-image-33057\" title=\"La iglesia de Souain en silueta, 1917, F\u00e9lix Vallotton\"\/><figcaption class=\"wp-element-caption\"><em><strong>La iglesia de Souain<\/strong> en silueta, 1917, F\u00e9lix Vallotton, Par\u00eds, Museo de Orsay.<\/em><\/figcaption><\/figure>\n<\/div>\n\n\n<!-- AfterArticle2023 --><ins class=\"adsbygoogle\"     style=\"display:block;margin-bottom:5px;\"     data-ad-client=\"ca-pub-2468002815867636\"     data-ad-slot=\"3955176166\"     data-ad-format=\"auto\"     data-full-width-responsive=\"true\"><\/ins><script> (adsbygoogle = window.adsbygoogle || []).push({});<\/script><h2 class=\"wp-block-heading\">El legado de F\u00e9lix Vallotton<\/h2>\n\n\n\n<p>La observaci\u00f3n fr\u00eda y desapegada de la vida y la angustia psicol\u00f3gica de los personajes de <strong>F\u00e9lix Vallotton <\/strong>permiten establecer similitudes con los cuadros y grabados de <a href=\"https:\/\/www.aparences.net\/es\/periodos\/el-simbolismo\/edvard-munch\/\">Edvard Munch<\/a>, <a href=\"https:\/\/www.aparences.net\/es\/periodos\/arte-moderno-anexos\/el-universo-de-edward-hopper\/\">Edward Hopper<\/a> e incluso el surrealista <strong>Ren\u00e9 Magritte<\/strong>. Tambi\u00e9n hay fuertes resonancias con la visi\u00f3n cinematogr\u00e1fica del expresionista alem\u00e1n <a href=\"https:\/\/es.wikipedia.org\/wiki\/Fritz_Lang\">Fritz Lang<\/a>, con su llamativo uso de las sombras en claroscuro, y con los fr\u00edos interiores dom\u00e9sticos y los inquietantes espacios de <strong>Alfred Hitchcock<\/strong>, que llen\u00f3 de personajes misteriosos y siniestros. Cr\u00edticos e historiadores del arte han atribuido a Vallotton el m\u00e9rito de resucitar el moribundo arte del grabado en madera, adoptado a partir de 1905 por artistas expresionistas como los alemanes <strong>Erich Heckel <\/strong>y <a href=\"https:\/\/www.aparences.net\/es\/periodos\/arte-moderno-anexos\/ernst-ludwig-kirchner-pintor-de-die-brucke\/\">Ernst Ludwig Kirchner<\/a>. De hecho, desde la intervenci\u00f3n de Vallotton, el grabado en madera se ha aceptado como un medio de expresi\u00f3n para los artistas modernos.<\/p>\n\n\n\n<p><\/p>\n\n\n\n<p><\/p>\n\n\n\n<h4 class=\"wp-block-heading\">Bibliograf\u00eda<\/h4>\n\n\n\n<ul class=\"wp-block-list\">\n<li>Brune Delarue. <em>F\u00e9lix Vallotton : Les paysages de l\u2019\u00e9motion<\/em>. Seuil, 2013<\/li>\n\n\n\n<li>Nathalia Brodska\u00efa. <em>F\u00e9lix Vallotton.<\/em> Parkstone International, 2024<\/li>\n\n\n\n<li>Collectif. <em>F\u00e9lix Vallotton.<\/em> 5 Continents, 2019<\/li>\n\n\n\n<li>Jean-Jacques Breton. <em>Felix Vallotton : Il fut lui-m\u00eame.<\/em> Hugo Image, 2013<\/li>\n<\/ul>\n","protected":false},"excerpt":{"rendered":"<p>El modernismo de F\u00e9lix Vallotton Aunque nunca alcanz\u00f3 la fama de algunos de sus contempor\u00e1neos vanguardistas, pero desarrollando su propio estilo, a F\u00e9lix Vallotton (1865-1925) [&#8230;]<\/p>\n","protected":false},"author":2,"featured_media":33059,"comment_status":"closed","ping_status":"closed","sticky":false,"template":"","format":"standard","meta":{"footnotes":""},"categories":[3156],"tags":[],"class_list":["post-33060","post","type-post","status-publish","format-standard","has-post-thumbnail","hentry","category-arte-moderno-anexos"],"yoast_head":"<!-- This site is optimized with the Yoast SEO plugin v27.2 - https:\/\/yoast.com\/product\/yoast-seo-wordpress\/ -->\n<title>F\u00e9lix Vallotton<\/title>\n<meta name=\"description\" content=\"Vallotton sugiere que detr\u00e1s de la cuidadosamente orquestada vida burguesa se esconde una realidad dislocada, perturbadora y fracturada.\" \/>\n<meta name=\"robots\" content=\"index, follow, max-snippet:-1, max-image-preview:large, max-video-preview:-1\" \/>\n<link rel=\"canonical\" href=\"https:\/\/www.aparences.net\/es\/periodos\/arte-moderno-anexos\/felix-vallotton\/\" \/>\n<meta property=\"og:locale\" content=\"es_ES\" \/>\n<meta property=\"og:type\" content=\"article\" \/>\n<meta property=\"og:title\" content=\"F\u00e9lix Vallotton\" \/>\n<meta property=\"og:description\" content=\"Vallotton sugiere que detr\u00e1s de la cuidadosamente orquestada vida burguesa se esconde una realidad dislocada, perturbadora y fracturada.\" \/>\n<meta property=\"og:url\" content=\"https:\/\/www.aparences.net\/es\/periodos\/arte-moderno-anexos\/felix-vallotton\/\" \/>\n<meta property=\"og:site_name\" content=\"Aparences\" \/>\n<meta property=\"article:published_time\" content=\"2025-06-07T06:01:15+00:00\" \/>\n<meta property=\"article:modified_time\" content=\"2025-12-11T18:40:55+00:00\" \/>\n<meta property=\"og:image\" content=\"https:\/\/www.aparences.net\/wp-content\/uploads\/2025\/04\/felix-vallotton.webp\" \/>\n\t<meta property=\"og:image:width\" content=\"1080\" \/>\n\t<meta property=\"og:image:height\" content=\"540\" \/>\n\t<meta property=\"og:image:type\" content=\"image\/webp\" \/>\n<meta name=\"author\" content=\"admin\" \/>\n<meta name=\"twitter:card\" content=\"summary_large_image\" \/>\n<meta name=\"twitter:label1\" content=\"Escrito por\" \/>\n\t<meta name=\"twitter:data1\" content=\"admin\" \/>\n\t<meta name=\"twitter:label2\" content=\"Tiempo de lectura\" \/>\n\t<meta name=\"twitter:data2\" content=\"18 minutos\" \/>\n<script type=\"application\/ld+json\" class=\"yoast-schema-graph\">{\"@context\":\"https:\/\/schema.org\",\"@graph\":[{\"@type\":\"Article\",\"@id\":\"https:\/\/www.aparences.net\/es\/periodos\/arte-moderno-anexos\/felix-vallotton\/#article\",\"isPartOf\":{\"@id\":\"https:\/\/www.aparences.net\/es\/periodos\/arte-moderno-anexos\/felix-vallotton\/\"},\"author\":{\"name\":\"admin\",\"@id\":\"https:\/\/www.aparences.net\/es\/#\/schema\/person\/af349f6ffc31b16c68963e61268afca5\"},\"headline\":\"F\u00e9lix Vallotton\",\"datePublished\":\"2025-06-07T06:01:15+00:00\",\"dateModified\":\"2025-12-11T18:40:55+00:00\",\"mainEntityOfPage\":{\"@id\":\"https:\/\/www.aparences.net\/es\/periodos\/arte-moderno-anexos\/felix-vallotton\/\"},\"wordCount\":3361,\"publisher\":{\"@id\":\"https:\/\/www.aparences.net\/es\/#organization\"},\"image\":{\"@id\":\"https:\/\/www.aparences.net\/es\/periodos\/arte-moderno-anexos\/felix-vallotton\/#primaryimage\"},\"thumbnailUrl\":\"https:\/\/www.aparences.net\/wp-content\/uploads\/2025\/04\/felix-vallotton.webp\",\"articleSection\":[\"Arte moderno - Anexos\"],\"inLanguage\":\"es\"},{\"@type\":[\"WebPage\",\"ItemPage\"],\"@id\":\"https:\/\/www.aparences.net\/es\/periodos\/arte-moderno-anexos\/felix-vallotton\/\",\"url\":\"https:\/\/www.aparences.net\/es\/periodos\/arte-moderno-anexos\/felix-vallotton\/\",\"name\":\"F\u00e9lix Vallotton\",\"isPartOf\":{\"@id\":\"https:\/\/www.aparences.net\/es\/#website\"},\"primaryImageOfPage\":{\"@id\":\"https:\/\/www.aparences.net\/es\/periodos\/arte-moderno-anexos\/felix-vallotton\/#primaryimage\"},\"image\":{\"@id\":\"https:\/\/www.aparences.net\/es\/periodos\/arte-moderno-anexos\/felix-vallotton\/#primaryimage\"},\"thumbnailUrl\":\"https:\/\/www.aparences.net\/wp-content\/uploads\/2025\/04\/felix-vallotton.webp\",\"datePublished\":\"2025-06-07T06:01:15+00:00\",\"dateModified\":\"2025-12-11T18:40:55+00:00\",\"description\":\"Vallotton sugiere que detr\u00e1s de la cuidadosamente orquestada vida burguesa se esconde una realidad dislocada, perturbadora y fracturada.\",\"breadcrumb\":{\"@id\":\"https:\/\/www.aparences.net\/es\/periodos\/arte-moderno-anexos\/felix-vallotton\/#breadcrumb\"},\"inLanguage\":\"es\",\"potentialAction\":[{\"@type\":\"ReadAction\",\"target\":[\"https:\/\/www.aparences.net\/es\/periodos\/arte-moderno-anexos\/felix-vallotton\/\"]}]},{\"@type\":\"ImageObject\",\"inLanguage\":\"es\",\"@id\":\"https:\/\/www.aparences.net\/es\/periodos\/arte-moderno-anexos\/felix-vallotton\/#primaryimage\",\"url\":\"https:\/\/www.aparences.net\/wp-content\/uploads\/2025\/04\/felix-vallotton.webp\",\"contentUrl\":\"https:\/\/www.aparences.net\/wp-content\/uploads\/2025\/04\/felix-vallotton.webp\",\"width\":1080,\"height\":540},{\"@type\":\"BreadcrumbList\",\"@id\":\"https:\/\/www.aparences.net\/es\/periodos\/arte-moderno-anexos\/felix-vallotton\/#breadcrumb\",\"itemListElement\":[{\"@type\":\"ListItem\",\"position\":1,\"name\":\"Portada\",\"item\":\"https:\/\/www.aparences.net\/es\/\"},{\"@type\":\"ListItem\",\"position\":2,\"name\":\"F\u00e9lix Vallotton\"}]},{\"@type\":\"WebSite\",\"@id\":\"https:\/\/www.aparences.net\/es\/#website\",\"url\":\"https:\/\/www.aparences.net\/es\/\",\"name\":\"Aparences: Historia del Arte y Actualidad Cultural\",\"description\":\"\",\"publisher\":{\"@id\":\"https:\/\/www.aparences.net\/es\/#organization\"},\"potentialAction\":[{\"@type\":\"SearchAction\",\"target\":{\"@type\":\"EntryPoint\",\"urlTemplate\":\"https:\/\/www.aparences.net\/es\/?s={search_term_string}\"},\"query-input\":{\"@type\":\"PropertyValueSpecification\",\"valueRequired\":true,\"valueName\":\"search_term_string\"}}],\"inLanguage\":\"es\"},{\"@type\":\"Organization\",\"@id\":\"https:\/\/www.aparences.net\/es\/#organization\",\"name\":\"Aparences: Historia del Arte y Actualidad Cultural\",\"url\":\"https:\/\/www.aparences.net\/es\/\",\"logo\":{\"@type\":\"ImageObject\",\"inLanguage\":\"es\",\"@id\":\"https:\/\/www.aparences.net\/es\/#\/schema\/logo\/image\/\",\"url\":\"https:\/\/www.aparences.net\/wp-content\/uploads\/2023\/09\/logo-quadrat-color-e1695915315229.png\",\"contentUrl\":\"https:\/\/www.aparences.net\/wp-content\/uploads\/2023\/09\/logo-quadrat-color-e1695915315229.png\",\"width\":120,\"height\":120,\"caption\":\"Aparences: Historia del Arte y Actualidad Cultural\"},\"image\":{\"@id\":\"https:\/\/www.aparences.net\/es\/#\/schema\/logo\/image\/\"}},{\"@type\":\"Person\",\"@id\":\"https:\/\/www.aparences.net\/es\/#\/schema\/person\/af349f6ffc31b16c68963e61268afca5\",\"name\":\"admin\",\"url\":\"https:\/\/www.aparences.net\/es\/author\/admin\/\"}]}<\/script>\n<!-- \/ Yoast SEO plugin. -->","yoast_head_json":{"title":"F\u00e9lix Vallotton","description":"Vallotton sugiere que detr\u00e1s de la cuidadosamente orquestada vida burguesa se esconde una realidad dislocada, perturbadora y fracturada.","robots":{"index":"index","follow":"follow","max-snippet":"max-snippet:-1","max-image-preview":"max-image-preview:large","max-video-preview":"max-video-preview:-1"},"canonical":"https:\/\/www.aparences.net\/es\/periodos\/arte-moderno-anexos\/felix-vallotton\/","og_locale":"es_ES","og_type":"article","og_title":"F\u00e9lix Vallotton","og_description":"Vallotton sugiere que detr\u00e1s de la cuidadosamente orquestada vida burguesa se esconde una realidad dislocada, perturbadora y fracturada.","og_url":"https:\/\/www.aparences.net\/es\/periodos\/arte-moderno-anexos\/felix-vallotton\/","og_site_name":"Aparences","article_published_time":"2025-06-07T06:01:15+00:00","article_modified_time":"2025-12-11T18:40:55+00:00","og_image":[{"width":1080,"height":540,"url":"https:\/\/www.aparences.net\/wp-content\/uploads\/2025\/04\/felix-vallotton.webp","type":"image\/webp"}],"author":"admin","twitter_card":"summary_large_image","twitter_misc":{"Escrito por":"admin","Tiempo de lectura":"18 minutos"},"schema":{"@context":"https:\/\/schema.org","@graph":[{"@type":"Article","@id":"https:\/\/www.aparences.net\/es\/periodos\/arte-moderno-anexos\/felix-vallotton\/#article","isPartOf":{"@id":"https:\/\/www.aparences.net\/es\/periodos\/arte-moderno-anexos\/felix-vallotton\/"},"author":{"name":"admin","@id":"https:\/\/www.aparences.net\/es\/#\/schema\/person\/af349f6ffc31b16c68963e61268afca5"},"headline":"F\u00e9lix Vallotton","datePublished":"2025-06-07T06:01:15+00:00","dateModified":"2025-12-11T18:40:55+00:00","mainEntityOfPage":{"@id":"https:\/\/www.aparences.net\/es\/periodos\/arte-moderno-anexos\/felix-vallotton\/"},"wordCount":3361,"publisher":{"@id":"https:\/\/www.aparences.net\/es\/#organization"},"image":{"@id":"https:\/\/www.aparences.net\/es\/periodos\/arte-moderno-anexos\/felix-vallotton\/#primaryimage"},"thumbnailUrl":"https:\/\/www.aparences.net\/wp-content\/uploads\/2025\/04\/felix-vallotton.webp","articleSection":["Arte moderno - Anexos"],"inLanguage":"es"},{"@type":["WebPage","ItemPage"],"@id":"https:\/\/www.aparences.net\/es\/periodos\/arte-moderno-anexos\/felix-vallotton\/","url":"https:\/\/www.aparences.net\/es\/periodos\/arte-moderno-anexos\/felix-vallotton\/","name":"F\u00e9lix Vallotton","isPartOf":{"@id":"https:\/\/www.aparences.net\/es\/#website"},"primaryImageOfPage":{"@id":"https:\/\/www.aparences.net\/es\/periodos\/arte-moderno-anexos\/felix-vallotton\/#primaryimage"},"image":{"@id":"https:\/\/www.aparences.net\/es\/periodos\/arte-moderno-anexos\/felix-vallotton\/#primaryimage"},"thumbnailUrl":"https:\/\/www.aparences.net\/wp-content\/uploads\/2025\/04\/felix-vallotton.webp","datePublished":"2025-06-07T06:01:15+00:00","dateModified":"2025-12-11T18:40:55+00:00","description":"Vallotton sugiere que detr\u00e1s de la cuidadosamente orquestada vida burguesa se esconde una realidad dislocada, perturbadora y fracturada.","breadcrumb":{"@id":"https:\/\/www.aparences.net\/es\/periodos\/arte-moderno-anexos\/felix-vallotton\/#breadcrumb"},"inLanguage":"es","potentialAction":[{"@type":"ReadAction","target":["https:\/\/www.aparences.net\/es\/periodos\/arte-moderno-anexos\/felix-vallotton\/"]}]},{"@type":"ImageObject","inLanguage":"es","@id":"https:\/\/www.aparences.net\/es\/periodos\/arte-moderno-anexos\/felix-vallotton\/#primaryimage","url":"https:\/\/www.aparences.net\/wp-content\/uploads\/2025\/04\/felix-vallotton.webp","contentUrl":"https:\/\/www.aparences.net\/wp-content\/uploads\/2025\/04\/felix-vallotton.webp","width":1080,"height":540},{"@type":"BreadcrumbList","@id":"https:\/\/www.aparences.net\/es\/periodos\/arte-moderno-anexos\/felix-vallotton\/#breadcrumb","itemListElement":[{"@type":"ListItem","position":1,"name":"Portada","item":"https:\/\/www.aparences.net\/es\/"},{"@type":"ListItem","position":2,"name":"F\u00e9lix Vallotton"}]},{"@type":"WebSite","@id":"https:\/\/www.aparences.net\/es\/#website","url":"https:\/\/www.aparences.net\/es\/","name":"Aparences: Historia del Arte y Actualidad Cultural","description":"","publisher":{"@id":"https:\/\/www.aparences.net\/es\/#organization"},"potentialAction":[{"@type":"SearchAction","target":{"@type":"EntryPoint","urlTemplate":"https:\/\/www.aparences.net\/es\/?s={search_term_string}"},"query-input":{"@type":"PropertyValueSpecification","valueRequired":true,"valueName":"search_term_string"}}],"inLanguage":"es"},{"@type":"Organization","@id":"https:\/\/www.aparences.net\/es\/#organization","name":"Aparences: Historia del Arte y Actualidad Cultural","url":"https:\/\/www.aparences.net\/es\/","logo":{"@type":"ImageObject","inLanguage":"es","@id":"https:\/\/www.aparences.net\/es\/#\/schema\/logo\/image\/","url":"https:\/\/www.aparences.net\/wp-content\/uploads\/2023\/09\/logo-quadrat-color-e1695915315229.png","contentUrl":"https:\/\/www.aparences.net\/wp-content\/uploads\/2023\/09\/logo-quadrat-color-e1695915315229.png","width":120,"height":120,"caption":"Aparences: Historia del Arte y Actualidad Cultural"},"image":{"@id":"https:\/\/www.aparences.net\/es\/#\/schema\/logo\/image\/"}},{"@type":"Person","@id":"https:\/\/www.aparences.net\/es\/#\/schema\/person\/af349f6ffc31b16c68963e61268afca5","name":"admin","url":"https:\/\/www.aparences.net\/es\/author\/admin\/"}]}},"_links":{"self":[{"href":"https:\/\/www.aparences.net\/es\/wp-json\/wp\/v2\/posts\/33060","targetHints":{"allow":["GET"]}}],"collection":[{"href":"https:\/\/www.aparences.net\/es\/wp-json\/wp\/v2\/posts"}],"about":[{"href":"https:\/\/www.aparences.net\/es\/wp-json\/wp\/v2\/types\/post"}],"author":[{"embeddable":true,"href":"https:\/\/www.aparences.net\/es\/wp-json\/wp\/v2\/users\/2"}],"replies":[{"embeddable":true,"href":"https:\/\/www.aparences.net\/es\/wp-json\/wp\/v2\/comments?post=33060"}],"version-history":[{"count":0,"href":"https:\/\/www.aparences.net\/es\/wp-json\/wp\/v2\/posts\/33060\/revisions"}],"wp:featuredmedia":[{"embeddable":true,"href":"https:\/\/www.aparences.net\/es\/wp-json\/wp\/v2\/media\/33059"}],"wp:attachment":[{"href":"https:\/\/www.aparences.net\/es\/wp-json\/wp\/v2\/media?parent=33060"}],"wp:term":[{"taxonomy":"category","embeddable":true,"href":"https:\/\/www.aparences.net\/es\/wp-json\/wp\/v2\/categories?post=33060"},{"taxonomy":"post_tag","embeddable":true,"href":"https:\/\/www.aparences.net\/es\/wp-json\/wp\/v2\/tags?post=33060"}],"curies":[{"name":"wp","href":"https:\/\/api.w.org\/{rel}","templated":true}]}}