{"id":33158,"date":"2025-06-14T08:50:57","date_gmt":"2025-06-14T06:50:57","guid":{"rendered":"https:\/\/www.aparences.net\/?p=33158"},"modified":"2025-12-11T19:40:55","modified_gmt":"2025-12-11T18:40:55","slug":"carlo-carra-2","status":"publish","type":"post","link":"https:\/\/www.aparences.net\/es\/periodos\/arte-moderno-anexos\/carlo-carra-2\/","title":{"rendered":"Carlo Carr\u00e0"},"content":{"rendered":"<p><!--contents--><\/p>\n\n\n<h2 class=\"wp-block-heading\">Carlo Carr\u00e0: Pintar lo invisible.<\/h2>\n\n\n\n<p><strong>Carlo Carr\u00e0<\/strong> (1881-1961) fue uno de los impulsores del auge de los <a href=\"https:\/\/www.aparences.net\/es\/periodos\/arte-moderno\/futurismo\/\">futuristas<\/a> italianos, tanto por su contribuci\u00f3n como artista como por ser coautor\/autor de dos de los manifiestos m\u00e1s importantes del movimiento. Al estallar la Primera Guerra Mundial, abandon\u00f3 la causa futurista y se convirti\u00f3, junto con <a href=\"https:\/\/www.aparences.net\/es\/periodos\/arte-moderno-anexos\/de-chirico-metafisico\/\">Giorgio de Chirico<\/a>, en fundador de la pintura metaf\u00edsica (<em>Pittura Metafisica<\/em>), en la que confer\u00eda un car\u00e1cter on\u00edrico a interiores banales y plazas. Aunque la pintura metaf\u00edsica fue una creaci\u00f3n conjunta de Giorgio de Chirico y Carr\u00e0, el escritor Lorenzo Berto describi\u00f3 a Carr\u00e0 como el \u00abprotagonista absoluto\u00bb del movimiento, ya que su arte representaba un intento de \u00abpintar lo invisible\u00bb. El car\u00e1cter on\u00edrico y melanc\u00f3lico de las obras metaf\u00edsicas de Carr\u00e0, el uso de un lenguaje simb\u00f3lico ambiguo y la escenificaci\u00f3n de objetos en escenarios inveros\u00edmiles, fueron muy innovadores e influyeron directamente en el <a href=\"https:\/\/www.aparences.net\/es\/periodos\/arte-moderno\/el-surrealismo\/\">movimiento surrealista<\/a>. Sin embargo, su participaci\u00f3n en este movimiento fue relativamente breve, y a partir de los a\u00f1os veinte se dedic\u00f3 a obras realistas con figuras monumentales y paisajes naturalistas.<\/p>\n\n\n<div class=\"wp-block-image\">\n<figure class=\"aligncenter size-full\"><img loading=\"lazy\" decoding=\"async\" width=\"355\" height=\"460\" src=\"https:\/\/www.aparences.net\/wp-content\/uploads\/2025\/06\/carlo-carra-nature-morte-metaphysique-1918.webp\" alt=\"Composition TA (Naturaleza muerta metaf\u00edsica), 1916-1918, Carlo Carr\u00e0\" class=\"wp-image-33131\" title=\"Composition TA (Naturaleza muerta metaf\u00edsica), 1916-1918, Carlo Carr\u00e0\"\/><figcaption class=\"wp-element-caption\"><em><strong>Composition TA<\/strong> (Naturaleza muerta metaf\u00edsica), 1916-1918, Carlo Carr\u00e0, Museo di arte moderna e contemporanea, di Trento e Rovereto<\/em><\/figcaption><\/figure>\n<\/div>\n\n\n<p><strong>Carlo Carr\u00e0<\/strong> contribuy\u00f3 a invertir las actitudes modernistas hacia el color. El color hab\u00eda sido denigrado (por los cubistas, por ejemplo) como un elemento decorativo que distra\u00eda la atenci\u00f3n del verdadero tema del cuadro. Carr\u00e0 contribuy\u00f3 a la aparici\u00f3n de una actitud que revalorizaba la funci\u00f3n del color. Para \u00e9l, y para quienes le siguieron, la tarea consist\u00eda en utilizar el color como elemento expresivo, capaz de aportar una energ\u00eda \u00fanica y particular a una pintura din\u00e1mica.<\/p>\n\n\n<div class=\"wp-block-image\">\n<figure class=\"aligncenter size-full\"><img loading=\"lazy\" decoding=\"async\" width=\"363\" height=\"460\" src=\"https:\/\/www.aparences.net\/wp-content\/uploads\/2025\/06\/carlo-carra-camera-incantata-1917.webp\" alt=\"La Camera Incantata, 1917, Carlo Carr\u00e0\" class=\"wp-image-33133\" title=\"La Camera Incantata, 1917, Carlo Carr\u00e0\"\/><figcaption class=\"wp-element-caption\"><em><strong>La Camera Incantata<\/strong>, 1917, Carlo Carr\u00e0, <\/em><br><em>Milan, Pinacoteca di Brera.<\/em><\/figcaption><\/figure>\n<\/div>\n\n\n<p>Las ideas nacionalistas y art\u00edsticas de Carlo Carr\u00e0 evolucionaron desde la pintura metaf\u00edsica hasta el grupo regionalista <em>Strapaese<\/em> (fundado por Giorgio Morandi). Los valores del movimiento <em>Strapaese<\/em> (extrapueblo) estaban vinculados al nacionalismo (y por tanto al fascismo) y a una forma de arte simplificada que rechazaba la experimentaci\u00f3n modernista, en favor de los valores italianos en el arte que celebraba la identidad rural de Italia. Este movimiento condujo a Carr\u00e0, en su madurez, a un arte m\u00e1s contemplativo, a trav\u00e9s del cual transform\u00f3 la pintura paisajista italiana en lo que \u00e9l llamaba \u00abpoemas llenos de espacio y sue\u00f1os\u00bb.<\/p>\n\n\n\n<!-- AdBoxRight2020 --><ins class=\"adsbygoogle\"     style=\"display:block; margin-top:30px;\"     data-ad-client=\"ca-pub-2468002815867636\"     data-ad-slot=\"3496014735\"     data-ad-format=\"auto\"     data-full-width-responsive=\"false\"><\/ins><script> (adsbygoogle = window.adsbygoogle || []).push({});<\/script><h2 class=\"wp-block-heading\">Carlo Carr\u00e0: Primera etapa<\/h2>\n\n\n\n<p>Poco se sabe de los comienzos de <strong>Carlo Carr\u00e0<\/strong>. Naci\u00f3 en 1881 en Quargnento, en la regi\u00f3n del Piamonte, al norte de Italia, y empez\u00f3 a dibujar a los siete a\u00f1os. A los dieciocho ya viajaba por Europa pintando murales e incluso decorando los pabellones de la Exposici\u00f3n Universal de Paris de 1889. Fue en la capital francesa donde conoci\u00f3 por primera vez el arte moderno. Se sinti\u00f3 especialmente atra\u00eddo por las obras de <a href=\"https:\/\/www.aparences.net\/es\/periodos\/impresionismo\/pierre-auguste-renoir\/\">Renoir<\/a> y <a href=\"https:\/\/www.aparences.net\/es\/periodos\/postimpresionismo\/paul-cezanne\/\">C\u00e9zanne<\/a>. Tambi\u00e9n fue en Par\u00eds donde se familiariz\u00f3 con las ideas de figuras pol\u00edticas radicales, especialmente el anarquista ruso Mija\u00edl Bakunin y el fil\u00f3sofo y economista Karl Marx. Despu\u00e9s viaj\u00f3 a Londres, donde permaneci\u00f3 unos meses. En Londres se enamor\u00f3 de la obra del <a href=\"https:\/\/www.aparences.net\/periodos\/romanticismo\/\">pintor rom\u00e1ntico<\/a> ingl\u00e9s <strong>J.M.W. Turner<\/strong> y entr\u00f3 en contacto con anarquistas italianos exiliados, que le animaron a regresar a Italia para estudiar Bellas Artes. Siguiendo su consejo, lleg\u00f3 a Mil\u00e1n en 1901. En 1903, Carr\u00e0 se matricul\u00f3 en la Escuela de Artes y Oficios del Castello Sforzesco y, en 1906, empez\u00f3 a tomar clases nocturnas en la Accademia di Brera de Mil\u00e1n, bajo la direcci\u00f3n del pintor Cesare Tallone hasta 1908. Para financiar sus estudios, sigui\u00f3 trabajando como decorador de interiores durante el d\u00eda.<\/p>\n\n\n<div class=\"wp-block-image\">\n<figure class=\"aligncenter size-full\"><img loading=\"lazy\" decoding=\"async\" width=\"406\" height=\"460\" src=\"https:\/\/www.aparences.net\/wp-content\/uploads\/2025\/06\/carlo-carra-il-fanciullo-prodigio-1914.webp\" alt=\"Il Fanciullo Prodigio, 1914, Carlo Carr\u00e0\" class=\"wp-image-33135\" title=\"Il Fanciullo Prodigio, 1914, Carlo Carr\u00e0\"\/><figcaption class=\"wp-element-caption\"><em><strong>Il Fanciullo Prodigio<\/strong>, 1914, Carlo Carr\u00e0, <br>Colecci\u00f3n particular.<\/em><\/figcaption><\/figure>\n<\/div>\n\n\n<p>En 1909, <strong>Carlo Carr\u00e0<\/strong> conoce al poeta <strong>Filippo Marinetti<\/strong> y al pintor y escultor <strong>Umberto Boccioni<\/strong>, que le invitan a unirse a ellos en el nuevo movimiento que estaban creando. En 1910, firma el Manifiesto de los Pintores Futuristas junto con Boccioni, el pintor y compositor Luigi Russolo y el pintor y poeta Giacomo Balla. Ese mismo a\u00f1o firm\u00f3 el Manifiesto T\u00e9cnico de la Pintura Futurista, el segundo de una lista de manifiestos de una extensi\u00f3n sin precedentes para un <a href=\"https:\/\/www.aparences.net\/periodos\/arte-moderno\/\">movimiento modernista<\/a>. Los <a href=\"https:\/\/www.aparences.net\/es\/periodos\/arte-moderno\/futurismo\/\">futuristas<\/a> cre\u00edan que la industrializaci\u00f3n, las m\u00e1quinas y el progreso tecnol\u00f3gico, los medios de comunicaci\u00f3n de masas, los trenes, los autom\u00f3viles y los aviones, as\u00ed como la urbanizaci\u00f3n, el patriotismo, el caos y las revoluciones, como la lucha del movimiento obrero, eran el camino del futuro, y promovieron estos conceptos a trav\u00e9s de su arte. La velocidad y el movimiento din\u00e1mico eran los temas subyacentes de las obras futuristas, representadas a trav\u00e9s de una variedad de medios, incluyendo la difuminaci\u00f3n y la repetici\u00f3n de formas, as\u00ed como estilos influidos por las composiciones geom\u00e9tricas exploradas por los <a href=\"https:\/\/www.aparences.net\/es\/periodos\/arte-moderno\/cubismo\/\">cubistas<\/a>.<\/p>\n\n\n<div class=\"wp-block-image\">\n<figure class=\"aligncenter size-full\"><img loading=\"lazy\" decoding=\"async\" width=\"336\" height=\"460\" src=\"https:\/\/www.aparences.net\/wp-content\/uploads\/2025\/06\/carlo-carra-nuit-sur-la-piazza-beccaria-a-milan-1910.webp\" alt=\"Noche en la Piazza Beccaria de Milan, 1910, Carlo Carr\u00e0\" class=\"wp-image-33137\" title=\"Noche en la Piazza Beccaria de Milan, 1910, Carlo Carr\u00e0\"\/><figcaption class=\"wp-element-caption\"><em><strong>Noche en la Piazza Beccaria de Milan<\/strong>, 1910, Carlo Carr\u00e0, Milan Pinacoteca di Brera.<\/em><\/figcaption><\/figure>\n<\/div>\n\n\n<p>El dominio de estas t\u00e9cnicas por parte de Carr\u00e0 es m\u00e1s evidente en una de sus primeras obras maestras, <em>El funeral del anarquista Galli<\/em> (I funerali del anarchico Galli), (1910-11), en la que capta la carga ca\u00f3tica sobre la multitud. En 1913, tras la exposici\u00f3n futurista celebrada en Par\u00eds el a\u00f1o anterior, Carr\u00e0 public\u00f3 su propio manifiesto, <em>La pintura de los sonidos, ruidos y olores<\/em>, en el que describ\u00eda la idea de sinestesia: \u00abLos pintores futuristas sostenemos que los sonidos, ruidos y olores se incorporan a la expresi\u00f3n de las l\u00edneas, vol\u00famenes y colores, del mismo modo que las l\u00edneas, vol\u00famenes y colores se incorporan a la arquitectura de una obra musical. Nuestros lienzos expresar\u00e1n, pues, los equivalentes pl\u00e1sticos de los sonidos, ruidos y olores de los teatros, salas de m\u00fasica, cines, burdeles, estaciones de ferrocarril, puertos, garajes, hospitales, talleres, etc.\u00bb. Aunque Marinetti era el l\u00edder de facto del movimiento, el manifiesto de Carr\u00e0 demuestra que era uno de los miembros m\u00e1s importantes del movimiento futurista.<\/p>\n\n\n\n<h2 class=\"wp-block-heading\">Carlo Carr\u00e0 y la pintura metaf\u00edsica<\/h2>\n\n\n\n<p>Al comienzo de la Primera Guerra Mundial, <strong>Carlo Carr\u00e0<\/strong> se alej\u00f3 de la adhesi\u00f3n estricta a los principios del futurismo, declarando: \u00abPara m\u00ed, el arte es un proceso continuo; est\u00e1 en un estado de crisis espiritual permanente que encuentra su propio equilibrio\u2026 El futurismo fue s\u00f3lo una de esas crisis\u00bb. Durante este periodo, su obra se volvi\u00f3 m\u00e1s profunda y se centr\u00f3 m\u00e1s en cuestiones formales. Encuentra una nueva inspiraci\u00f3n en el arte de los ni\u00f1os y otros \u00abextra\u00f1os\u00bb, y comienza a crear naturalezas muertas simplificadas y realistas. En 1917, mientras hac\u00eda el servicio militar en Ferrara, conoci\u00f3 al pintor <a href=\"https:\/\/www.aparences.net\/es\/periodos\/arte-moderno-anexos\/de-chirico-metafisico\/\">Giorgio de Chirico<\/a> en hospital neurol\u00f3gico. Juntos, los dos artistas desarrollaron un estilo que <strong>denominaron pintura metaf\u00edsica<\/strong>. Pintada el mismo a\u00f1o de su encuentro con el pintor de Chirico, la obra <em><strong>Pen\u00e9lope<\/strong><\/em> marca el periodo en que Carr\u00e0 pas\u00f3 del futurismo al arte metaf\u00edsico (que ambos desarrollaron en colaboraci\u00f3n). Situada en una peque\u00f1a y claustrof\u00f3bica habitaci\u00f3n con suelo a dameros blancos y negros, la figura de Pen\u00e9lope se compone de formas geom\u00e9tricas que recuerdan al cubismo y su disposici\u00f3n fragmentada. Sin embargo, este cuadro se aleja claramente del futurismo, ya que la figura de Pen\u00e9lope y su entorno son est\u00e1ticos, r\u00edgidos y estables.<\/p>\n\n\n<div class=\"wp-block-image\">\n<figure class=\"aligncenter size-full\"><img loading=\"lazy\" decoding=\"async\" width=\"257\" height=\"460\" src=\"https:\/\/www.aparences.net\/wp-content\/uploads\/2025\/06\/carlo-carra-penelope-1917.webp\" alt=\"P\u00e9n\u00e9lope, 1917, Carlo Carr\u00e0\" class=\"wp-image-33139\" title=\"P\u00e9n\u00e9lope, 1917, Carlo Carr\u00e0\"\/><figcaption class=\"wp-element-caption\"><em><strong>P\u00e9n\u00e9lope<\/strong>, 1917, Carlo Carr\u00e0, Colecci\u00f3n particular.<\/em><\/figcaption><\/figure>\n<\/div>\n\n\n<p>La influencia de De Chirico es, por tanto, obvia, ya que la <em>Pen\u00e9lope<\/em> de Carr\u00e0 destila un sentido de surrealismo, sencillez y artificialidad que caracterizaban los cuadros de De Chirico. De hecho, <em>Pen\u00e9lope<\/em> form\u00f3 parte de la difusi\u00f3n del movimiento, que comenz\u00f3 con la revista <em>Valori Plastici<\/em> y dos grandes exposiciones celebradas en Alemania en 1921 y 1924. Como escribe el historiador Emanuele Greco, la revista \u00abpresentaba la pintura metaf\u00edsica a la vez como un lenguaje innovador de la vanguardia y como un lenguaje que formaba parte de la tradici\u00f3n art\u00edstica italiana [y] un enfoque estrat\u00e9gico destinado a describir al p\u00fablico el lenguaje de la metaf\u00edsica de diferentes maneras\u00bb.<\/p>\n\n\n\n<!-- AdBoxLeft2023 --><ins class=\"adsbygoogle\" style=\"display:block\" data-ad-client=\"ca-pub-2468002815867636\" data-ad-slot=\"1318022963\" data-ad-format=\"auto\" data-full-width-responsive=\"true\"><\/ins><script> (adsbygoogle = window.adsbygoogle || []).push({});<\/script><h2 class=\"wp-block-heading\">Carlo Carr\u00e0 : La Musa metaf\u00edsica<\/h2>\n\n\n\n<p>Con <em><strong>La Musa Metaf\u00edsica<\/strong><\/em>, Carlo Carr\u00e0 adopt\u00f3 plenamente el estilo de la pintura metaf\u00edsica. En esta imagen, incluye un maniqu\u00ed (un motivo que se apropi\u00f3 de los cuadros de De Chirico). A la izquierda del cuadro, el maniqu\u00ed blanco sin rasgos de Carr\u00e0 est\u00e1 vestido con una falda plisada blanca, un top blanco y un jersey, y sostiene una raqueta de tenis en la mano derecha y una pelota en la izquierda. A su izquierda, hay un cuadro con un mapa de Grecia (de Chirico era grecoitaliano) y una diana en la esquina inferior izquierda, un cuadro de un paisaje urbano y, detr\u00e1s, una alta estructura conoidal formada por paneles verdes, amarillos, negros y rojos. Estos objetos incongruentes y absurdos se hacinan en una peque\u00f1a habitaci\u00f3n, con puertas en las paredes del fondo y de la derecha, y una cruz en la pared.<\/p>\n\n\n<div class=\"wp-block-image\">\n<figure class=\"aligncenter size-full\"><img loading=\"lazy\" decoding=\"async\" width=\"367\" height=\"501\" src=\"https:\/\/www.aparences.net\/wp-content\/uploads\/2025\/06\/carlo-carra-la-muse-metaphysique-1917.webp\" alt=\"La Musa Metaf\u00edsica, 1917, Carlo Carr\u00e0\" class=\"wp-image-33141\" title=\"La Musa Metaf\u00edsica, 1917, Carlo Carr\u00e0\"\/><figcaption class=\"wp-element-caption\"><em><strong>La Musa Metaf\u00edsica<\/strong>, 1917, Carlo Carr\u00e0, <br>Milan, Pinacoteca di Brera.<\/em><\/figcaption><\/figure>\n<\/div>\n\n\n<p>Como explica el escritor Phillip Barcio \u00abla pintura metaf\u00edsica fue la precursora conceptual de varios movimientos abstractos que le siguieron\u00bb. Con este estilo innovador, Carr\u00e0 intentaba pintar lo invisible. A\u00f1ade que \u00abla imaginer\u00eda on\u00edrica de las pinturas metaf\u00edsicas de Carr\u00e0 influy\u00f3 directamente en la est\u00e9tica del movimiento surrealista de los a\u00f1os veinte\u00bb. M\u00e1s que el <a href=\"https:\/\/www.aparences.net\/es\/periodos\/arte-moderno\/futurismo\/\">futurismo<\/a>, \u00e9ste es quiz\u00e1 el mayor legado de Carr\u00e0: la sugerencia de que la abstracci\u00f3n puede lograrse por medios simb\u00f3licos o conceptuales, colocando objetos en contextos que cuestionan su significado en un esfuerzo por crear algo nuevo.<\/p>\n\n\n<div class=\"wp-block-image\">\n<figure class=\"aligncenter size-full\"><img loading=\"lazy\" decoding=\"async\" width=\"598\" height=\"460\" src=\"https:\/\/www.aparences.net\/wp-content\/uploads\/2025\/06\/carlo-carra-il-cavaliere-occidentale-1917-1918.webp\" alt=\"El esp\u00edritu del caballero occidental, 1917, Carlo Carr\u00e0\" class=\"wp-image-33143\" title=\"El esp\u00edritu del caballero occidental, 1917, Carlo Carr\u00e0\"\/><figcaption class=\"wp-element-caption\"><em><strong>Il cavaliere dello spirito occidentale<\/strong> (El esp\u00edritu del caballero occidental), 1917, <br>Carlo Carr\u00e0, Colecci\u00f3n particular.<\/em><\/figcaption><\/figure>\n<\/div>\n\n\n<p>Las obras metaf\u00edsicas de de Chirico et Carr\u00e0 son similares, aunque las de este \u00faltimo son \u00abmenos siniestras\u00bb y m\u00e1s tranquilas y ligeras (a veces incluso humor\u00edsticas). Sin embargo, su compromiso con el arte metaf\u00edsico y su amistad terminaron en 1918, poco despu\u00e9s de que Carr\u00e0 escribiera <em>Pittura Metafisica<\/em>, en la que presentaba su propia visi\u00f3n, m\u00e1s po\u00e9tica y m\u00e1gica, de la est\u00e9tica del movimiento. En 1919, Carr\u00e0 se interes\u00f3 tambi\u00e9n por la obra de<strong> <\/strong><a href=\"https:\/\/www.aparences.net\/es\/arte-y-mecenazgo\/los-fresquistas-florentinos\/giotto-y-sus-continuadores\/\">Giotto<\/a>, que empez\u00f3 a influir en su pintura, sobre todo en t\u00e9rminos de inmovilidad y solidez. Tambi\u00e9n le fascin\u00f3 la obra del pintor<strong> <\/strong><a href=\"https:\/\/www.aparences.net\/periodos\/postimpresionismo\/\">postimpresionista<\/a> franc\u00e9s <a href=\"https:\/\/www.aparences.net\/es\/tematicos\/primitivismo-y-arte-moderno\/henri-rousseau\/\">Henri Rousseau<\/a>, quien, seg\u00fan Carr\u00e0, \u00abcumpli\u00f3 m\u00e1s que nadie nuestro deseo de devolver a la pintura sus objetivos esenciales\u00bb.<\/p>\n\n\n<div class=\"wp-block-image\">\n<figure class=\"aligncenter size-full\"><img loading=\"lazy\" decoding=\"async\" width=\"344\" height=\"460\" src=\"https:\/\/www.aparences.net\/wp-content\/uploads\/2025\/06\/carlo-carra-lamante-dell-ingegnere-1940.webp\" alt=\"L\u2019amante dell\u2019ingegnere, c. 1921, Carlo Carr\u00e0\" class=\"wp-image-33145\" title=\"L\u2019amante dell\u2019ingegnere, c. 1921, Carlo Carr\u00e0\"\/><figcaption class=\"wp-element-caption\"><em><strong>L\u2019amante dell\u2019ingegnere<\/strong>, c. 1921, Carlo Carr\u00e0, Venecia, Peggy Guggenheim Collection.<\/em><\/figcaption><\/figure>\n<\/div>\n\n\n<p>En otra de sus obras metaf\u00edsicas, <em><strong>El hijo del constructor<\/strong><\/em>, Carr\u00e0 presenta a un ni\u00f1o que, como el maniqu\u00ed de la <em>Musa metaf\u00edsica<\/em>, va vestido todo de blanco (en este caso, en uniforme de marinero) y sostiene una raqueta en la mano derecha y una pelota blanca en la izquierda. A su lado, en el suelo, hay una caja rectangular marr\u00f3n sobre la que descansa un palo de madera. En la pared derecha de la peque\u00f1a y oscura habitaci\u00f3n, cuelga lo que parece ser una pancarta o un cuadro de rayas verticales blancas y rojas. Detr\u00e1s del chico, hay una puerta abierta a trav\u00e9s de la cual no se ve nada m\u00e1s que un espacio negro y vac\u00edo.<\/p>\n\n\n<div class=\"wp-block-image\">\n<figure class=\"aligncenter size-full\"><img loading=\"lazy\" decoding=\"async\" width=\"357\" height=\"460\" src=\"https:\/\/www.aparences.net\/wp-content\/uploads\/2025\/06\/carlo-carra-le-fils-du-batisseur-1917.webp\" alt=\"El hijo del constructor, 1917-1921, Carlo Carr\u00e0\" class=\"wp-image-33147\" title=\"El hijo del constructor), 1917-1921, Carlo Carr\u00e0\"\/><figcaption class=\"wp-element-caption\"><em><strong>Il Figlio del Costruttore<\/strong> (El hijo del constructor), 1917-1921, Carlo Carr\u00e0, Colecci\u00f3n particular.<\/em><\/figcaption><\/figure>\n<\/div>\n\n\n<p>Los historiadores han analizado los s\u00edmbolos del cuadro, proponiendo, por ejemplo, que la puerta entreabierta est\u00e1 vinculada a dos situaciones que Carr\u00e0 afront\u00f3 durante aquellos a\u00f1os: la llamada a las armas y la hospitalizaci\u00f3n que comparti\u00f3 con Giorgio de Chirico en el hospital neurol\u00f3gico de Villa del Seminario de Ferrara. Nos preguntamos si Carr\u00e0 pretend\u00eda con esta apertura a un espacio oscuro simbolizar una historia dram\u00e1tica superada pero no olvidada.<\/p>\n\n\n\n<h2 class=\"wp-block-heading\">Carlo Carr\u00e0 : Las hijas de Lot<\/h2>\n\n\n\n<p>Tras su breve paso por la pintura metaf\u00edsica, <strong>Carlo Carr\u00e0<\/strong> se dedic\u00f3 a crear obras de inspiraci\u00f3n hist\u00f3rica, simplificadas y realistas, influido por el arte de <a href=\"https:\/\/www.aparences.net\/es\/periodos\/el-quattrocento\/masaccio-la-arquitectura-y-el-espacio\/\">Masaccio<\/a> y <a href=\"https:\/\/www.aparences.net\/es\/arte-y-mecenazgo\/los-fresquistas-florentinos\/giotto-y-sus-continuadores\/\">Giotto<\/a>, a quien consideraba \u00abel artista cuyas formas se acercan m\u00e1s a nuestra manera de concebir la construcci\u00f3n de los cuerpos en el espacio\u00bb. En <em><strong>Las hijas de Lot<\/strong><\/em>, las dos mujeres est\u00e1n frente a frente: una lleva un vestido azul, con la mano derecha apoyada en el vientre, parece estar embarazada y est\u00e1 de pie en la puerta arqueada de una casa marr\u00f3n; la otra lleva una falda marr\u00f3n y un top blanco, est\u00e1 arrodillada con el brazo derecho extendido, la palma hacia arriba, y la mano izquierda apoyada en el pecho. Delante de ella hay un palo de madera (probablemente un bast\u00f3n de viaje) y, entre las dos mujeres, un perro marr\u00f3n y delgado que mira hacia la figura arrodillada. El fondo es un paisaje des\u00e9rtico con algunos afloramientos rocosos y plantas, y m\u00e1s all\u00e1 un edificio circular o rotonda<\/p>\n\n\n<div class=\"wp-block-image\">\n<figure class=\"aligncenter size-full\"><img loading=\"lazy\" decoding=\"async\" width=\"329\" height=\"460\" src=\"https:\/\/www.aparences.net\/wp-content\/uploads\/2025\/06\/carlo-carra-le-figlie-di-loth-1919.webp\" alt=\"Las hijas de Lot, 1919, Carlo Carr\u00e0\" class=\"wp-image-33149\" title=\"Las hijas de Lot, 1919, Carlo Carr\u00e0\"\/><figcaption class=\"wp-element-caption\"><em><strong>Le Figlie di Lot<\/strong> (Las hijas de Lot), 1919, <\/em><br><em>Carlo Carr\u00e0, Museo di arte moderna e contemporanea, di Trento e Rovereto.<\/em><\/figcaption><\/figure>\n<\/div>\n\n\n<p>Las dos mujeres tienen una mirada melanc\u00f3lica. Seg\u00fan el episodio b\u00edblico del <a href=\"https:\/\/es.wikipedia.org\/wiki\/G%C3%A9nesis\">libro del G\u00e9nesis<\/a>, Lot y su familia intentaron huir de la ciudad de Sodoma cuando fue destruida por Dios. Sin embargo, su esposa se convirti\u00f3 en estatua de sal cuando se volvi\u00f3 para mirar la devastaci\u00f3n, y s\u00f3lo Lot y sus hijas sobrevivieron, llegando a un lugar aislado donde viv\u00edan solos. Este aislamiento llev\u00f3 a las dos hijas a realizar el incesto con su padre para poder reproducirse. As\u00ed, las expresiones de desesperaci\u00f3n en los rostros de las mujeres pueden entenderse como su verg\u00fcenza compartida por las penurias soportadas y los actos cometidos.<\/p>\n\n\n<div class=\"wp-block-image\">\n<figure class=\"aligncenter size-full\"><img loading=\"lazy\" decoding=\"async\" width=\"692\" height=\"410\" src=\"https:\/\/www.aparences.net\/wp-content\/uploads\/2025\/06\/carlo-carra-les-filles-de-loth-1919.webp\" alt=\"Le Figlie di Lot, 1919, Carlo Carr\u00e0\" class=\"wp-image-33151\" title=\"Le Figlie di Lot, 1919, Carlo Carr\u00e0\"\/><figcaption class=\"wp-element-caption\"><em><strong>Las hijas de Lot<\/strong>, detalle, 1919, Carlo Carr\u00e0, <br>Museo di arte moderna e contemporanea, di Trento e Rovereto.<\/em><\/figcaption><\/figure>\n<\/div>\n\n\n<p>En 1921, <strong>Carlo Carr\u00e0<\/strong> empez\u00f3 a colaborar en la revista <em>Valori Plastici<\/em>, con sede en Roma (publicada bajo la direcci\u00f3n de Mario Broglio entre 1918 y 1922). Aunque relativamente ef\u00edmera, <em>Valori Plastici<\/em> desempe\u00f1\u00f3 un papel esencial en la promoci\u00f3n del arte italiano de posguerra en el extranjero, en particular mediante la organizaci\u00f3n de exposiciones itinerantes, como la celebrada en Alemania en 1921. Como escribe el historiador del arte Emanuele Greco, la revista desempe\u00f1\u00f3 \u00abun papel decisivo en el contexto art\u00edstico europeo posterior a la Primera Guerra Mundial. Present\u00f3 la obra de un grupo innovador de artistas italianos, entre ellos <a href=\"https:\/\/www.aparences.net\/es\/periodos\/arte-moderno-anexos\/de-chirico-metafisico\/\">Giorgio de Chirico<\/a>, Carlo Carr\u00e0, Giorgio Morandi, Alberto Savinio, Arturo Martini y Edita Walterowna von Zur Muehlen, que trataron de redescubrir las ra\u00edces de sus propios lenguajes art\u00edsticos en las tradiciones italianas de la Edad Media y el Renacimiento\u00bb. Greco a\u00f1ade que \u00abla revista fue un medio notable para la difusi\u00f3n internacional de la <a href=\"https:\/\/www.aparences.net\/es\/periodos\/arte-moderno\/la-pintura-metafisica\/\">pintura metaf\u00edsica<\/a>, que tuvo lugar cuando los artistas m\u00e1s vinculados a este estilo (entre ellos Carr\u00e1) se alejaron de \u00e9l en favor de un lenguaje pict\u00f3rico m\u00e1s naturalista\u00bb.<\/p>\n\n\n<div class=\"wp-block-image\">\n<figure class=\"aligncenter size-full\"><img loading=\"lazy\" decoding=\"async\" width=\"701\" height=\"410\" src=\"https:\/\/www.aparences.net\/wp-content\/uploads\/2025\/06\/carlo-carra-nuotatori-1929.webp\" alt=\"Nuotatori, 1929-1930, Carlo Carr\u00e0\" class=\"wp-image-33153\" title=\"Nuotatori, 1929-1930, Carlo Carr\u00e0\"\/><figcaption class=\"wp-element-caption\"><em><strong>Nuotatori<\/strong>, 1929-1930, Carlo Carr\u00e0, Colecci\u00f3n particular.<\/em><\/figcaption><\/figure>\n<\/div>\n\n\n<p>En esta \u00e9poca, Carr\u00e1, que hab\u00eda sido un activo anarquista en su juventud, dio un giro ideol\u00f3gico completo convirti\u00e9ndose en nacionalista y partidario del gobierno fascista. Junto con escultores como Marino Marini y Arturo Martini, y pintores como Felice Casorati y Massimo Campigli, se uni\u00f3 al movimiento italiano <a href=\"https:\/\/es.wikipedia.org\/wiki\/Novecento_(arte)\">Novecento<\/a>, a pesar de que nunca promovi\u00f3 el arte propagand\u00edstico, estaba vinculado a los fascistas (aunque de hecho, el movimiento fuera rechazado por estos \u00faltimos por su falta de orientaci\u00f3n pol\u00edtica).<\/p>\n\n\n\n<!-- AfterArticle2023 --><ins class=\"adsbygoogle\"     style=\"display:block;margin-bottom:5px;\"     data-ad-client=\"ca-pub-2468002815867636\"     data-ad-slot=\"3955176166\"     data-ad-format=\"auto\"     data-full-width-responsive=\"true\"><\/ins><script> (adsbygoogle = window.adsbygoogle || []).push({});<\/script><h2 class=\"wp-block-heading\">Carlo Carr\u00e0 : \u00daltimo periodo<\/h2>\n\n\n\n<p>Las cambiantes ideas pol\u00edticas y art\u00edsticas de <strong>Carlo Carr\u00e0<\/strong> volvieron a hacerse patentes a principios de la d\u00e9cada de 1930. Entre 1926 y 1934 fue cr\u00edtico de arte y escribi\u00f3 sobre temas como el neoclasicismo para el peri\u00f3dico milan\u00e9s <em>L&#8217;Ambrosiano<\/em>. A principios de los a\u00f1os 30, tambi\u00e9n se uni\u00f3 al grupo fascista Strapaese (\u00abel superpa\u00eds\u00bb), fundado por el pintor y grabador italiano <strong>Giorgio Morandi<\/strong>. Ambos se conocieron cuando estudiaban en Mil\u00e1n y se hicieron amigos por su inter\u00e9s com\u00fan en el <a href=\"https:\/\/www.aparences.net\/periodos\/impresionismo\/\">impresionismo<\/a> y el <a href=\"https:\/\/www.aparences.net\/es\/periodos\/arte-moderno\/cubismo\/\">cubismo<\/a>, que hab\u00edan conocido a trav\u00e9s de la revista italiana de arte moderno <em>La Voce<\/em>. La reputaci\u00f3n de Carr\u00e0 se vio afectada por sus opiniones pol\u00edticas reaccionarias y ultranacionalistas, fuertemente influenciadas por la ideas pol\u00edticas de la \u00e9poca y en consonancia con los principios neocl\u00e1sicos respaldados por el r\u00e9gimen de Mussolini en la d\u00e9cada de 1930, lo que llev\u00f3 a cr\u00edticos e historiadores a demonizar su arte.<\/p>\n\n\n<div class=\"wp-block-image\">\n<figure class=\"aligncenter size-full\"><img loading=\"lazy\" decoding=\"async\" width=\"353\" height=\"460\" src=\"https:\/\/www.aparences.net\/wp-content\/uploads\/2025\/06\/carlo-carra-costruttori-1949.webp\" alt=\"Costruttori, 1949, Carlo Carr\u00e0\" class=\"wp-image-33155\" title=\"Costruttori, 1949, Carlo Carr\u00e0\"\/><figcaption class=\"wp-element-caption\"><em><strong>Costruttori<\/strong>, 1949, Carlo Carr\u00e0, Colecci\u00f3n privada.<\/em><\/figcaption><\/figure>\n<\/div>\n\n\n<p>Entre 1941 y 1952, <strong>Carlo Carr\u00e0<\/strong> fue profesor de pintura en la Academia Brera de Mil\u00e1n, y su c\u00e1tedra coincidi\u00f3 con la madurez de su estilo pict\u00f3rico. Tras d\u00e9cadas de experimentaci\u00f3n con t\u00e9cnicas vanguardistas, Carr\u00e0 se asent\u00f3 en el estilo que mantendr\u00eda hasta el final de su vida: paisajes realistas y contemplativos ejecutados con pinceladas ligeras y colores suaves. En general, se supone que sus traum\u00e1ticas experiencias durante la guerra le impulsaron a buscar una vuelta a la tranquilidad, que quer\u00eda conseguir a trav\u00e9s de la pintura, lo que \u00e9l llamaba \u00abuna transformaci\u00f3n del paisaje en un poema lleno de espacio y sue\u00f1os\u00bb. Precisamente con esta idea en mente, Carr\u00e0 pint\u00f3 en 1940 una vista general de la iglesia florentina de Santa Maria degli Angeli, m\u00e1s conocida como la <em><strong>Rotonda del Brunelleschi<\/strong><\/em>. Aunque se trata de un paisaje urbano, la iglesia est\u00e1 inmersa en un ambiente enrarecido, dominado por un silencio absoluto, como si hubiera sido pintada de madrugada y desprovista de signos de vida, donde s\u00f3lo domina la calma. Es un recordatorio de que incluso en un entorno ca\u00f3tico, como el centro de una ciudad, es posible meditar en la reflexi\u00f3n metaf\u00edsica, libre de cualquier elemento perturbador.<\/p>\n\n\n<div class=\"wp-block-image\">\n<figure class=\"aligncenter size-full\"><img loading=\"lazy\" decoding=\"async\" width=\"580\" height=\"385\" src=\"https:\/\/www.aparences.net\/wp-content\/uploads\/2025\/06\/carlo-carra-veduta-della-rotonda-del-brunelleschi-1940.webp\" alt=\"Veduta della Rotonda del Brunelleschi, 1940, Carlo Carr\u00e0\" class=\"wp-image-33157\" title=\"Veduta della Rotonda del Brunelleschi, 1940, Carlo Carr\u00e0\"\/><figcaption class=\"wp-element-caption\"><em><strong>Veduta della Rotonda del Brunelleschi<\/strong>, 1940, Carlo Carr\u00e0, <br>Collezione della Fondazione Sorgente Group, Roma.<\/em><\/figcaption><\/figure>\n<\/div>\n\n\n<p>La prestigiosa instituci\u00f3n <em>Fondazione Sorgente Group<\/em> dice de los \u00faltimos a\u00f1os de Carlo Carr\u00e0 que \u00abel deseo de ser simplemente \u00e9l mismo, completamente ajeno a las diversas corrientes art\u00edsticas, le llev\u00f3 a centrar su atenci\u00f3n en un nuevo experimento: un concepto en el que la pintura deb\u00eda ser el medio de hacer visible su necesidad interior de identificarse con la naturaleza con tendencia a la abstracci\u00f3n, a trav\u00e9s de la contemplaci\u00f3n sencilla y silenciosa de un paisaje. Parajes aislados en el campo o playas solitarias se convierten en los temas predilectos de una narrativa casi \u00e9pica. En estos ambientes silenciosos, la pintura se trasciende a s\u00ed misma, convirti\u00e9ndose en el lenguaje mudo de construcciones aisladas que el pintor transforma en figuras\u00bb. Carr\u00e0 muri\u00f3 en Mil\u00e1n en 1966.<\/p>\n\n\n\n<p><\/p>\n\n\n\n<h4 class=\"wp-block-heading\">Bibliograf\u00eda<\/h4>\n\n\n\n<ul class=\"wp-block-list\">\n<li>Carlo Carr\u00e0. <em>L\u2019\u00e9clat des choses ordinaires<\/em>. Images Modernes, 2007<\/li>\n\n\n\n<li>V. Fagone. <em>Carlo Carr\u00e0. La mattina e il pennello<\/em>. Skira, 1998<\/li>\n\n\n\n<li>Jer\u00f4me Picon. <em>Carlo Carr\u00e0.<\/em> XXI si\u00e8cle \u00e9ditions, 2008<\/li>\n\n\n\n<li>Collectif. <em>Giorgio de Chirico, la peinture m\u00e9taphysique<\/em>. Hazan, 2020<\/li>\n<\/ul>\n","protected":false},"excerpt":{"rendered":"<p>Carlo Carr\u00e0: Pintar lo invisible. Carlo Carr\u00e0 (1881-1961) fue uno de los impulsores del auge de los futuristas italianos, tanto por su contribuci\u00f3n como artista [&#8230;]<\/p>\n","protected":false},"author":2,"featured_media":33160,"comment_status":"closed","ping_status":"closed","sticky":false,"template":"","format":"standard","meta":{"footnotes":""},"categories":[3156],"tags":[],"class_list":["post-33158","post","type-post","status-publish","format-standard","has-post-thumbnail","hentry","category-arte-moderno-anexos"],"yoast_head":"<!-- This site is optimized with the Yoast SEO plugin v27.2 - https:\/\/yoast.com\/product\/yoast-seo-wordpress\/ -->\n<title>Carlo Carr\u00e0<\/title>\n<meta name=\"description\" content=\"Carlo Carr\u00e0 fue, junto con Giorgio de Chirico, el fundador de la pintura metaf\u00edsica.\" \/>\n<meta name=\"robots\" content=\"index, follow, max-snippet:-1, max-image-preview:large, max-video-preview:-1\" \/>\n<link rel=\"canonical\" href=\"https:\/\/www.aparences.net\/es\/periodos\/arte-moderno-anexos\/carlo-carra\/\" \/>\n<meta property=\"og:locale\" content=\"es_ES\" \/>\n<meta property=\"og:type\" content=\"article\" \/>\n<meta property=\"og:title\" content=\"Carlo Carr\u00e0\" \/>\n<meta property=\"og:description\" content=\"Carlo Carr\u00e0 fue, junto con Giorgio de Chirico, el fundador de la pintura metaf\u00edsica.\" \/>\n<meta property=\"og:url\" content=\"https:\/\/www.aparences.net\/es\/periodos\/arte-moderno-anexos\/carlo-carra\/\" \/>\n<meta property=\"og:site_name\" content=\"Aparences\" \/>\n<meta property=\"article:published_time\" content=\"2025-06-14T06:50:57+00:00\" \/>\n<meta property=\"article:modified_time\" content=\"2025-12-11T18:40:55+00:00\" \/>\n<meta property=\"og:image\" content=\"https:\/\/www.aparences.net\/wp-content\/uploads\/2025\/06\/carlo-carra-il-cavaliere-occidentale-1917.webp\" \/>\n\t<meta property=\"og:image:width\" content=\"1080\" \/>\n\t<meta property=\"og:image:height\" content=\"540\" \/>\n\t<meta property=\"og:image:type\" content=\"image\/webp\" \/>\n<meta name=\"author\" content=\"admin\" \/>\n<meta name=\"twitter:card\" content=\"summary_large_image\" \/>\n<meta name=\"twitter:label1\" content=\"Escrito por\" \/>\n\t<meta name=\"twitter:data1\" content=\"admin\" \/>\n\t<meta name=\"twitter:label2\" content=\"Tiempo de lectura\" \/>\n\t<meta name=\"twitter:data2\" content=\"17 minutos\" \/>\n<script type=\"application\/ld+json\" class=\"yoast-schema-graph\">{\"@context\":\"https:\/\/schema.org\",\"@graph\":[{\"@type\":\"Article\",\"@id\":\"https:\/\/www.aparences.net\/es\/periodos\/arte-moderno-anexos\/carlo-carra\/#article\",\"isPartOf\":{\"@id\":\"https:\/\/www.aparences.net\/es\/periodos\/arte-moderno-anexos\/carlo-carra\/\"},\"author\":{\"name\":\"admin\",\"@id\":\"https:\/\/www.aparences.net\/es\/#\/schema\/person\/af349f6ffc31b16c68963e61268afca5\"},\"headline\":\"Carlo Carr\u00e0\",\"datePublished\":\"2025-06-14T06:50:57+00:00\",\"dateModified\":\"2025-12-11T18:40:55+00:00\",\"mainEntityOfPage\":{\"@id\":\"https:\/\/www.aparences.net\/es\/periodos\/arte-moderno-anexos\/carlo-carra\/\"},\"wordCount\":3232,\"publisher\":{\"@id\":\"https:\/\/www.aparences.net\/es\/#organization\"},\"image\":{\"@id\":\"https:\/\/www.aparences.net\/es\/periodos\/arte-moderno-anexos\/carlo-carra\/#primaryimage\"},\"thumbnailUrl\":\"https:\/\/www.aparences.net\/wp-content\/uploads\/2025\/06\/carlo-carra-il-cavaliere-occidentale-1917.webp\",\"articleSection\":[\"Arte moderno - Anexos\"],\"inLanguage\":\"es\"},{\"@type\":[\"WebPage\",\"ItemPage\"],\"@id\":\"https:\/\/www.aparences.net\/es\/periodos\/arte-moderno-anexos\/carlo-carra\/\",\"url\":\"https:\/\/www.aparences.net\/es\/periodos\/arte-moderno-anexos\/carlo-carra\/\",\"name\":\"Carlo Carr\u00e0\",\"isPartOf\":{\"@id\":\"https:\/\/www.aparences.net\/es\/#website\"},\"primaryImageOfPage\":{\"@id\":\"https:\/\/www.aparences.net\/es\/periodos\/arte-moderno-anexos\/carlo-carra\/#primaryimage\"},\"image\":{\"@id\":\"https:\/\/www.aparences.net\/es\/periodos\/arte-moderno-anexos\/carlo-carra\/#primaryimage\"},\"thumbnailUrl\":\"https:\/\/www.aparences.net\/wp-content\/uploads\/2025\/06\/carlo-carra-il-cavaliere-occidentale-1917.webp\",\"datePublished\":\"2025-06-14T06:50:57+00:00\",\"dateModified\":\"2025-12-11T18:40:55+00:00\",\"description\":\"Carlo Carr\u00e0 fue, junto con Giorgio de Chirico, el fundador de la pintura metaf\u00edsica.\",\"breadcrumb\":{\"@id\":\"https:\/\/www.aparences.net\/es\/periodos\/arte-moderno-anexos\/carlo-carra\/#breadcrumb\"},\"inLanguage\":\"es\",\"potentialAction\":[{\"@type\":\"ReadAction\",\"target\":[\"https:\/\/www.aparences.net\/es\/periodos\/arte-moderno-anexos\/carlo-carra\/\"]}]},{\"@type\":\"ImageObject\",\"inLanguage\":\"es\",\"@id\":\"https:\/\/www.aparences.net\/es\/periodos\/arte-moderno-anexos\/carlo-carra\/#primaryimage\",\"url\":\"https:\/\/www.aparences.net\/wp-content\/uploads\/2025\/06\/carlo-carra-il-cavaliere-occidentale-1917.webp\",\"contentUrl\":\"https:\/\/www.aparences.net\/wp-content\/uploads\/2025\/06\/carlo-carra-il-cavaliere-occidentale-1917.webp\",\"width\":1080,\"height\":540},{\"@type\":\"BreadcrumbList\",\"@id\":\"https:\/\/www.aparences.net\/es\/periodos\/arte-moderno-anexos\/carlo-carra\/#breadcrumb\",\"itemListElement\":[{\"@type\":\"ListItem\",\"position\":1,\"name\":\"Portada\",\"item\":\"https:\/\/www.aparences.net\/es\/\"},{\"@type\":\"ListItem\",\"position\":2,\"name\":\"Carlo Carr\u00e0\"}]},{\"@type\":\"WebSite\",\"@id\":\"https:\/\/www.aparences.net\/es\/#website\",\"url\":\"https:\/\/www.aparences.net\/es\/\",\"name\":\"Aparences: Historia del Arte y Actualidad Cultural\",\"description\":\"\",\"publisher\":{\"@id\":\"https:\/\/www.aparences.net\/es\/#organization\"},\"potentialAction\":[{\"@type\":\"SearchAction\",\"target\":{\"@type\":\"EntryPoint\",\"urlTemplate\":\"https:\/\/www.aparences.net\/es\/?s={search_term_string}\"},\"query-input\":{\"@type\":\"PropertyValueSpecification\",\"valueRequired\":true,\"valueName\":\"search_term_string\"}}],\"inLanguage\":\"es\"},{\"@type\":\"Organization\",\"@id\":\"https:\/\/www.aparences.net\/es\/#organization\",\"name\":\"Aparences: Historia del Arte y Actualidad Cultural\",\"url\":\"https:\/\/www.aparences.net\/es\/\",\"logo\":{\"@type\":\"ImageObject\",\"inLanguage\":\"es\",\"@id\":\"https:\/\/www.aparences.net\/es\/#\/schema\/logo\/image\/\",\"url\":\"https:\/\/www.aparences.net\/wp-content\/uploads\/2023\/09\/logo-quadrat-color-e1695915315229.png\",\"contentUrl\":\"https:\/\/www.aparences.net\/wp-content\/uploads\/2023\/09\/logo-quadrat-color-e1695915315229.png\",\"width\":120,\"height\":120,\"caption\":\"Aparences: Historia del Arte y Actualidad Cultural\"},\"image\":{\"@id\":\"https:\/\/www.aparences.net\/es\/#\/schema\/logo\/image\/\"}},{\"@type\":\"Person\",\"@id\":\"https:\/\/www.aparences.net\/es\/#\/schema\/person\/af349f6ffc31b16c68963e61268afca5\",\"name\":\"admin\",\"url\":\"https:\/\/www.aparences.net\/es\/author\/admin\/\"}]}<\/script>\n<!-- \/ Yoast SEO plugin. -->","yoast_head_json":{"title":"Carlo Carr\u00e0","description":"Carlo Carr\u00e0 fue, junto con Giorgio de Chirico, el fundador de la pintura metaf\u00edsica.","robots":{"index":"index","follow":"follow","max-snippet":"max-snippet:-1","max-image-preview":"max-image-preview:large","max-video-preview":"max-video-preview:-1"},"canonical":"https:\/\/www.aparences.net\/es\/periodos\/arte-moderno-anexos\/carlo-carra\/","og_locale":"es_ES","og_type":"article","og_title":"Carlo Carr\u00e0","og_description":"Carlo Carr\u00e0 fue, junto con Giorgio de Chirico, el fundador de la pintura metaf\u00edsica.","og_url":"https:\/\/www.aparences.net\/es\/periodos\/arte-moderno-anexos\/carlo-carra\/","og_site_name":"Aparences","article_published_time":"2025-06-14T06:50:57+00:00","article_modified_time":"2025-12-11T18:40:55+00:00","og_image":[{"width":1080,"height":540,"url":"https:\/\/www.aparences.net\/wp-content\/uploads\/2025\/06\/carlo-carra-il-cavaliere-occidentale-1917.webp","type":"image\/webp"}],"author":"admin","twitter_card":"summary_large_image","twitter_misc":{"Escrito por":"admin","Tiempo de lectura":"17 minutos"},"schema":{"@context":"https:\/\/schema.org","@graph":[{"@type":"Article","@id":"https:\/\/www.aparences.net\/es\/periodos\/arte-moderno-anexos\/carlo-carra\/#article","isPartOf":{"@id":"https:\/\/www.aparences.net\/es\/periodos\/arte-moderno-anexos\/carlo-carra\/"},"author":{"name":"admin","@id":"https:\/\/www.aparences.net\/es\/#\/schema\/person\/af349f6ffc31b16c68963e61268afca5"},"headline":"Carlo Carr\u00e0","datePublished":"2025-06-14T06:50:57+00:00","dateModified":"2025-12-11T18:40:55+00:00","mainEntityOfPage":{"@id":"https:\/\/www.aparences.net\/es\/periodos\/arte-moderno-anexos\/carlo-carra\/"},"wordCount":3232,"publisher":{"@id":"https:\/\/www.aparences.net\/es\/#organization"},"image":{"@id":"https:\/\/www.aparences.net\/es\/periodos\/arte-moderno-anexos\/carlo-carra\/#primaryimage"},"thumbnailUrl":"https:\/\/www.aparences.net\/wp-content\/uploads\/2025\/06\/carlo-carra-il-cavaliere-occidentale-1917.webp","articleSection":["Arte moderno - Anexos"],"inLanguage":"es"},{"@type":["WebPage","ItemPage"],"@id":"https:\/\/www.aparences.net\/es\/periodos\/arte-moderno-anexos\/carlo-carra\/","url":"https:\/\/www.aparences.net\/es\/periodos\/arte-moderno-anexos\/carlo-carra\/","name":"Carlo Carr\u00e0","isPartOf":{"@id":"https:\/\/www.aparences.net\/es\/#website"},"primaryImageOfPage":{"@id":"https:\/\/www.aparences.net\/es\/periodos\/arte-moderno-anexos\/carlo-carra\/#primaryimage"},"image":{"@id":"https:\/\/www.aparences.net\/es\/periodos\/arte-moderno-anexos\/carlo-carra\/#primaryimage"},"thumbnailUrl":"https:\/\/www.aparences.net\/wp-content\/uploads\/2025\/06\/carlo-carra-il-cavaliere-occidentale-1917.webp","datePublished":"2025-06-14T06:50:57+00:00","dateModified":"2025-12-11T18:40:55+00:00","description":"Carlo Carr\u00e0 fue, junto con Giorgio de Chirico, el fundador de la pintura metaf\u00edsica.","breadcrumb":{"@id":"https:\/\/www.aparences.net\/es\/periodos\/arte-moderno-anexos\/carlo-carra\/#breadcrumb"},"inLanguage":"es","potentialAction":[{"@type":"ReadAction","target":["https:\/\/www.aparences.net\/es\/periodos\/arte-moderno-anexos\/carlo-carra\/"]}]},{"@type":"ImageObject","inLanguage":"es","@id":"https:\/\/www.aparences.net\/es\/periodos\/arte-moderno-anexos\/carlo-carra\/#primaryimage","url":"https:\/\/www.aparences.net\/wp-content\/uploads\/2025\/06\/carlo-carra-il-cavaliere-occidentale-1917.webp","contentUrl":"https:\/\/www.aparences.net\/wp-content\/uploads\/2025\/06\/carlo-carra-il-cavaliere-occidentale-1917.webp","width":1080,"height":540},{"@type":"BreadcrumbList","@id":"https:\/\/www.aparences.net\/es\/periodos\/arte-moderno-anexos\/carlo-carra\/#breadcrumb","itemListElement":[{"@type":"ListItem","position":1,"name":"Portada","item":"https:\/\/www.aparences.net\/es\/"},{"@type":"ListItem","position":2,"name":"Carlo Carr\u00e0"}]},{"@type":"WebSite","@id":"https:\/\/www.aparences.net\/es\/#website","url":"https:\/\/www.aparences.net\/es\/","name":"Aparences: Historia del Arte y Actualidad Cultural","description":"","publisher":{"@id":"https:\/\/www.aparences.net\/es\/#organization"},"potentialAction":[{"@type":"SearchAction","target":{"@type":"EntryPoint","urlTemplate":"https:\/\/www.aparences.net\/es\/?s={search_term_string}"},"query-input":{"@type":"PropertyValueSpecification","valueRequired":true,"valueName":"search_term_string"}}],"inLanguage":"es"},{"@type":"Organization","@id":"https:\/\/www.aparences.net\/es\/#organization","name":"Aparences: Historia del Arte y Actualidad Cultural","url":"https:\/\/www.aparences.net\/es\/","logo":{"@type":"ImageObject","inLanguage":"es","@id":"https:\/\/www.aparences.net\/es\/#\/schema\/logo\/image\/","url":"https:\/\/www.aparences.net\/wp-content\/uploads\/2023\/09\/logo-quadrat-color-e1695915315229.png","contentUrl":"https:\/\/www.aparences.net\/wp-content\/uploads\/2023\/09\/logo-quadrat-color-e1695915315229.png","width":120,"height":120,"caption":"Aparences: Historia del Arte y Actualidad Cultural"},"image":{"@id":"https:\/\/www.aparences.net\/es\/#\/schema\/logo\/image\/"}},{"@type":"Person","@id":"https:\/\/www.aparences.net\/es\/#\/schema\/person\/af349f6ffc31b16c68963e61268afca5","name":"admin","url":"https:\/\/www.aparences.net\/es\/author\/admin\/"}]}},"_links":{"self":[{"href":"https:\/\/www.aparences.net\/es\/wp-json\/wp\/v2\/posts\/33158","targetHints":{"allow":["GET"]}}],"collection":[{"href":"https:\/\/www.aparences.net\/es\/wp-json\/wp\/v2\/posts"}],"about":[{"href":"https:\/\/www.aparences.net\/es\/wp-json\/wp\/v2\/types\/post"}],"author":[{"embeddable":true,"href":"https:\/\/www.aparences.net\/es\/wp-json\/wp\/v2\/users\/2"}],"replies":[{"embeddable":true,"href":"https:\/\/www.aparences.net\/es\/wp-json\/wp\/v2\/comments?post=33158"}],"version-history":[{"count":0,"href":"https:\/\/www.aparences.net\/es\/wp-json\/wp\/v2\/posts\/33158\/revisions"}],"wp:featuredmedia":[{"embeddable":true,"href":"https:\/\/www.aparences.net\/es\/wp-json\/wp\/v2\/media\/33160"}],"wp:attachment":[{"href":"https:\/\/www.aparences.net\/es\/wp-json\/wp\/v2\/media?parent=33158"}],"wp:term":[{"taxonomy":"category","embeddable":true,"href":"https:\/\/www.aparences.net\/es\/wp-json\/wp\/v2\/categories?post=33158"},{"taxonomy":"post_tag","embeddable":true,"href":"https:\/\/www.aparences.net\/es\/wp-json\/wp\/v2\/tags?post=33158"}],"curies":[{"name":"wp","href":"https:\/\/api.w.org\/{rel}","templated":true}]}}