{"id":33328,"date":"2025-09-10T08:19:58","date_gmt":"2025-09-10T06:19:58","guid":{"rendered":"https:\/\/www.aparences.net\/?p=33328"},"modified":"2025-09-10T08:19:59","modified_gmt":"2025-09-10T06:19:59","slug":"georges-de-la-tour-entre-luz-y-sombra","status":"publish","type":"post","link":"https:\/\/www.aparences.net\/es\/actualidad\/exposiciones\/georges-de-la-tour-entre-luz-y-sombra\/","title":{"rendered":"Georges de La Tour. Entre luz y sombra"},"content":{"rendered":"\n<p>En Par\u00eds, el <a href=\"https:\/\/www.musee-jacquemart-andre.com\/fr\/georges-tour\">museo Jacquemart-Andr\u00e9<\/a> dedica la primera retrospectiva en Francia desde hace casi 20 a\u00f1os al pintor <strong>Georges de La Tour<\/strong> (1593-1652), cuyos claroscuros le hicieron famoso en vida y tras su redescubrimiento a principios del siglo XX. Esta exposici\u00f3n reunir\u00e1 un conjunto excepcional de obras del maestro, cedidas especialmente por colecciones p\u00fablicas y privadas francesas y extranjeras, son especialmente ins\u00f3litas dada la escasez de lienzos autenticados.<\/p>\n\n\n<div class=\"wp-block-image\">\n<figure class=\"aligncenter size-full\"><img loading=\"lazy\" decoding=\"async\" width=\"308\" height=\"460\" src=\"https:\/\/www.aparences.net\/wp-content\/uploads\/2025\/09\/de-la-tour-job-raille-par-sa-femme-1630.webp\" alt=\"Job burlado por su mujer, hacia 1630, Georges de La Tour\" class=\"wp-image-33321\" title=\"Job burlado por su mujer, hacia 1630, Georges de La Tour\"\/><figcaption class=\"wp-element-caption\"><em>Job burlado por su mujer, hacia 1630, Georges de La Tour, \u00c9pinal, museo departamental de arte antiguo y contempor\u00e1neo<\/em><\/figcaption><\/figure>\n<\/div>\n\n\n<p>La exposici\u00f3n propondr\u00e1 una relectura de la carrera de <strong>Georges de La Tour<\/strong>, tratando de arrojar luz sobre las interrogantes que a\u00fan rodean su obra y su trayectoria. A pesar de la escasez de originales que han llegado hasta nosotros, el arte de Georges de La Tour ha dejado una profunda huella en la historia del arte. Con su sutil naturalismo, la pureza formal de sus composiciones y su intensidad espiritual, supo crear un lenguaje pict\u00f3rico de gran fuerza emocional, capaz de atravesar los siglos. Esta exposici\u00f3n ofrecer\u00e1 as\u00ed la oportunidad de redescubrir a uno de los artistas m\u00e1s fascinantes del Gran Siglo, en toda la riqueza y complejidad de su obra.<\/p>\n\n\n<div class=\"wp-block-image\">\n<figure class=\"aligncenter size-full\"><img loading=\"lazy\" decoding=\"async\" width=\"663\" height=\"456\" src=\"https:\/\/www.aparences.net\/wp-content\/uploads\/2025\/09\/de-la-tour-joueurs-de-des-1651.webp\" alt=\"Los jugadores de dados, hacia 1650-1651, Georges de La Tour\" class=\"wp-image-33323\" title=\"Los jugadores de dados, hacia 1650-1651, Georges de La Tour\"\/><figcaption class=\"wp-element-caption\"><em>Los jugadores de dados, hacia 1650-1651, Georges de La Tour, <br>Stockton-on-Tees, Preston Park Museum and Grounds<\/em><\/figcaption><\/figure>\n<\/div>\n\n\n<p>Con una treintena de lienzos y obras gr\u00e1ficas, la exposici\u00f3n adopta un enfoque tem\u00e1tico destinado a captar la originalidad de Georges de La Tour. El recorrido explorar\u00e1 sus temas predilectos \u2014escenas costumbristas, figuras de santos penitentes, efectos de luz artificial\u2014 al tiempo que sit\u00faa su vida y su obra en el contexto m\u00e1s amplio del <a href=\"https:\/\/www.aparences.net\/es\/periodos\/pintura-barroca\/caravaggio-y-el-caravaggismo\/\">caravaggismo<\/a> europeo, en particular el de la influencia de los caravaggistas franceses, loreneses y holandeses.<\/p>\n\n\n<div class=\"wp-block-image\">\n<figure class=\"aligncenter size-full\"><img loading=\"lazy\" decoding=\"async\" width=\"542\" height=\"412\" src=\"https:\/\/www.aparences.net\/wp-content\/uploads\/2025\/09\/de-la-tour-madeleine-penitente-1640.jpg\" alt=\"La Magdalena penitente, hacia 1635-1640, Georges de La Tour\" class=\"wp-image-33338\" title=\"La Magdalena penitente, hacia 1635-1640, Georges de La Tour\"\/><figcaption class=\"wp-element-caption\"><em>La Magdalena penitente, hacia 1635-1640, Georges de La Tour, <br>Washington, National Gallery of Art<\/em><\/figcaption><\/figure>\n<\/div>\n\n\n<p>M\u00e1s que una imitaci\u00f3n directa de <strong>las lecciones de Caravaggio<\/strong>, la singularidad de la obra de Georges de La Tour radica en su interpretaci\u00f3n personal del claroscuro, alimentada por un realismo radical y una intensa espiritualidad que confieren a sus composiciones una modernidad atemporal.<\/p>\n","protected":false},"excerpt":{"rendered":"<p>En Par\u00eds, el museo Jacquemart-Andr\u00e9 dedica la primera retrospectiva en Francia desde hace casi 20 a\u00f1os al pintor Georges de La Tour (1593-1652), cuyos claroscuros [&#8230;]<\/p>\n","protected":false},"author":2,"featured_media":33327,"comment_status":"closed","ping_status":"closed","sticky":false,"template":"","format":"standard","meta":{"footnotes":""},"categories":[2368,2605],"tags":[],"class_list":["post-33328","post","type-post","status-publish","format-standard","has-post-thumbnail","hentry","category-actualidad","category-exposiciones"],"yoast_head":"<!-- This site is optimized with the Yoast SEO plugin v27.2 - https:\/\/yoast.com\/product\/yoast-seo-wordpress\/ -->\n<title>Georges de La Tour. Entre luz y sombra<\/title>\n<meta name=\"description\" content=\"En Par\u00eds, el museo Jacquemart-Andr\u00e9 dedica la primera retrospectiva en Francia desde hace casi 20 a\u00f1os al pintor Georges de La Tour (1593-1652), cuyos En Par\u00eds, el museo Jacquemart-Andr\u00e9 dedica la primera retrospectiva en Francia desde hace casi 20 a\u00f1os al pintor Georges de La Tour (1593-1652).\" \/>\n<meta name=\"robots\" content=\"index, follow, max-snippet:-1, max-image-preview:large, max-video-preview:-1\" \/>\n<link rel=\"canonical\" href=\"https:\/\/www.aparences.net\/es\/actualidad\/exposiciones\/georges-de-la-tour-entre-luz-y-sombra\/\" \/>\n<meta property=\"og:locale\" content=\"es_ES\" \/>\n<meta property=\"og:type\" content=\"article\" \/>\n<meta property=\"og:title\" content=\"Georges de La Tour. Entre luz y sombra\" \/>\n<meta property=\"og:description\" content=\"En Par\u00eds, el museo Jacquemart-Andr\u00e9 dedica la primera retrospectiva en Francia desde hace casi 20 a\u00f1os al pintor Georges de La Tour (1593-1652), cuyos En Par\u00eds, el museo Jacquemart-Andr\u00e9 dedica la primera retrospectiva en Francia desde hace casi 20 a\u00f1os al pintor Georges de La Tour (1593-1652).\" \/>\n<meta property=\"og:url\" content=\"https:\/\/www.aparences.net\/es\/actualidad\/exposiciones\/georges-de-la-tour-entre-luz-y-sombra\/\" \/>\n<meta property=\"og:site_name\" content=\"Aparences\" \/>\n<meta property=\"article:published_time\" content=\"2025-09-10T06:19:58+00:00\" \/>\n<meta property=\"article:modified_time\" content=\"2025-09-10T06:19:59+00:00\" \/>\n<meta property=\"og:image\" content=\"https:\/\/www.aparences.net\/wp-content\/uploads\/2025\/09\/jacquemart-andre-georges-de-la-tour.webp\" \/>\n\t<meta property=\"og:image:width\" content=\"1080\" \/>\n\t<meta property=\"og:image:height\" content=\"540\" \/>\n\t<meta property=\"og:image:type\" content=\"image\/webp\" \/>\n<meta name=\"author\" content=\"admin\" \/>\n<meta name=\"twitter:card\" content=\"summary_large_image\" \/>\n<meta name=\"twitter:label1\" content=\"Escrito por\" \/>\n\t<meta name=\"twitter:data1\" content=\"admin\" \/>\n\t<meta name=\"twitter:label2\" content=\"Tiempo de lectura\" \/>\n\t<meta name=\"twitter:data2\" content=\"3 minutos\" \/>\n<script type=\"application\/ld+json\" class=\"yoast-schema-graph\">{\"@context\":\"https:\/\/schema.org\",\"@graph\":[{\"@type\":\"Article\",\"@id\":\"https:\/\/www.aparences.net\/es\/actualidad\/exposiciones\/georges-de-la-tour-entre-luz-y-sombra\/#article\",\"isPartOf\":{\"@id\":\"https:\/\/www.aparences.net\/es\/actualidad\/exposiciones\/georges-de-la-tour-entre-luz-y-sombra\/\"},\"author\":{\"name\":\"admin\",\"@id\":\"https:\/\/www.aparences.net\/es\/#\/schema\/person\/af349f6ffc31b16c68963e61268afca5\"},\"headline\":\"Georges de La Tour. Entre luz y sombra\",\"datePublished\":\"2025-09-10T06:19:58+00:00\",\"dateModified\":\"2025-09-10T06:19:59+00:00\",\"mainEntityOfPage\":{\"@id\":\"https:\/\/www.aparences.net\/es\/actualidad\/exposiciones\/georges-de-la-tour-entre-luz-y-sombra\/\"},\"wordCount\":368,\"publisher\":{\"@id\":\"https:\/\/www.aparences.net\/es\/#organization\"},\"image\":{\"@id\":\"https:\/\/www.aparences.net\/es\/actualidad\/exposiciones\/georges-de-la-tour-entre-luz-y-sombra\/#primaryimage\"},\"thumbnailUrl\":\"https:\/\/www.aparences.net\/wp-content\/uploads\/2025\/09\/jacquemart-andre-georges-de-la-tour.webp\",\"articleSection\":[\"Actualidad\",\"Exposiciones\"],\"inLanguage\":\"es\"},{\"@type\":[\"WebPage\",\"ItemPage\"],\"@id\":\"https:\/\/www.aparences.net\/es\/actualidad\/exposiciones\/georges-de-la-tour-entre-luz-y-sombra\/\",\"url\":\"https:\/\/www.aparences.net\/es\/actualidad\/exposiciones\/georges-de-la-tour-entre-luz-y-sombra\/\",\"name\":\"Georges de La Tour. Entre luz y sombra\",\"isPartOf\":{\"@id\":\"https:\/\/www.aparences.net\/es\/#website\"},\"primaryImageOfPage\":{\"@id\":\"https:\/\/www.aparences.net\/es\/actualidad\/exposiciones\/georges-de-la-tour-entre-luz-y-sombra\/#primaryimage\"},\"image\":{\"@id\":\"https:\/\/www.aparences.net\/es\/actualidad\/exposiciones\/georges-de-la-tour-entre-luz-y-sombra\/#primaryimage\"},\"thumbnailUrl\":\"https:\/\/www.aparences.net\/wp-content\/uploads\/2025\/09\/jacquemart-andre-georges-de-la-tour.webp\",\"datePublished\":\"2025-09-10T06:19:58+00:00\",\"dateModified\":\"2025-09-10T06:19:59+00:00\",\"description\":\"En Par\u00eds, el museo Jacquemart-Andr\u00e9 dedica la primera retrospectiva en Francia desde hace casi 20 a\u00f1os al pintor Georges de La Tour (1593-1652), cuyos En Par\u00eds, el museo Jacquemart-Andr\u00e9 dedica la primera retrospectiva en Francia desde hace casi 20 a\u00f1os al pintor Georges de La Tour (1593-1652).\",\"breadcrumb\":{\"@id\":\"https:\/\/www.aparences.net\/es\/actualidad\/exposiciones\/georges-de-la-tour-entre-luz-y-sombra\/#breadcrumb\"},\"inLanguage\":\"es\",\"potentialAction\":[{\"@type\":\"ReadAction\",\"target\":[\"https:\/\/www.aparences.net\/es\/actualidad\/exposiciones\/georges-de-la-tour-entre-luz-y-sombra\/\"]}]},{\"@type\":\"ImageObject\",\"inLanguage\":\"es\",\"@id\":\"https:\/\/www.aparences.net\/es\/actualidad\/exposiciones\/georges-de-la-tour-entre-luz-y-sombra\/#primaryimage\",\"url\":\"https:\/\/www.aparences.net\/wp-content\/uploads\/2025\/09\/jacquemart-andre-georges-de-la-tour.webp\",\"contentUrl\":\"https:\/\/www.aparences.net\/wp-content\/uploads\/2025\/09\/jacquemart-andre-georges-de-la-tour.webp\",\"width\":1080,\"height\":540},{\"@type\":\"BreadcrumbList\",\"@id\":\"https:\/\/www.aparences.net\/es\/actualidad\/exposiciones\/georges-de-la-tour-entre-luz-y-sombra\/#breadcrumb\",\"itemListElement\":[{\"@type\":\"ListItem\",\"position\":1,\"name\":\"Portada\",\"item\":\"https:\/\/www.aparences.net\/es\/\"},{\"@type\":\"ListItem\",\"position\":2,\"name\":\"Georges de La Tour. Entre luz y sombra\"}]},{\"@type\":\"WebSite\",\"@id\":\"https:\/\/www.aparences.net\/es\/#website\",\"url\":\"https:\/\/www.aparences.net\/es\/\",\"name\":\"Aparences: Historia del Arte y Actualidad Cultural\",\"description\":\"\",\"publisher\":{\"@id\":\"https:\/\/www.aparences.net\/es\/#organization\"},\"potentialAction\":[{\"@type\":\"SearchAction\",\"target\":{\"@type\":\"EntryPoint\",\"urlTemplate\":\"https:\/\/www.aparences.net\/es\/?s={search_term_string}\"},\"query-input\":{\"@type\":\"PropertyValueSpecification\",\"valueRequired\":true,\"valueName\":\"search_term_string\"}}],\"inLanguage\":\"es\"},{\"@type\":\"Organization\",\"@id\":\"https:\/\/www.aparences.net\/es\/#organization\",\"name\":\"Aparences: Historia del Arte y Actualidad Cultural\",\"url\":\"https:\/\/www.aparences.net\/es\/\",\"logo\":{\"@type\":\"ImageObject\",\"inLanguage\":\"es\",\"@id\":\"https:\/\/www.aparences.net\/es\/#\/schema\/logo\/image\/\",\"url\":\"https:\/\/www.aparences.net\/wp-content\/uploads\/2023\/09\/logo-quadrat-color-e1695915315229.png\",\"contentUrl\":\"https:\/\/www.aparences.net\/wp-content\/uploads\/2023\/09\/logo-quadrat-color-e1695915315229.png\",\"width\":120,\"height\":120,\"caption\":\"Aparences: Historia del Arte y Actualidad Cultural\"},\"image\":{\"@id\":\"https:\/\/www.aparences.net\/es\/#\/schema\/logo\/image\/\"}},{\"@type\":\"Person\",\"@id\":\"https:\/\/www.aparences.net\/es\/#\/schema\/person\/af349f6ffc31b16c68963e61268afca5\",\"name\":\"admin\",\"url\":\"https:\/\/www.aparences.net\/es\/author\/admin\/\"}]}<\/script>\n<!-- \/ Yoast SEO plugin. -->","yoast_head_json":{"title":"Georges de La Tour. Entre luz y sombra","description":"En Par\u00eds, el museo Jacquemart-Andr\u00e9 dedica la primera retrospectiva en Francia desde hace casi 20 a\u00f1os al pintor Georges de La Tour (1593-1652), cuyos En Par\u00eds, el museo Jacquemart-Andr\u00e9 dedica la primera retrospectiva en Francia desde hace casi 20 a\u00f1os al pintor Georges de La Tour (1593-1652).","robots":{"index":"index","follow":"follow","max-snippet":"max-snippet:-1","max-image-preview":"max-image-preview:large","max-video-preview":"max-video-preview:-1"},"canonical":"https:\/\/www.aparences.net\/es\/actualidad\/exposiciones\/georges-de-la-tour-entre-luz-y-sombra\/","og_locale":"es_ES","og_type":"article","og_title":"Georges de La Tour. Entre luz y sombra","og_description":"En Par\u00eds, el museo Jacquemart-Andr\u00e9 dedica la primera retrospectiva en Francia desde hace casi 20 a\u00f1os al pintor Georges de La Tour (1593-1652), cuyos En Par\u00eds, el museo Jacquemart-Andr\u00e9 dedica la primera retrospectiva en Francia desde hace casi 20 a\u00f1os al pintor Georges de La Tour (1593-1652).","og_url":"https:\/\/www.aparences.net\/es\/actualidad\/exposiciones\/georges-de-la-tour-entre-luz-y-sombra\/","og_site_name":"Aparences","article_published_time":"2025-09-10T06:19:58+00:00","article_modified_time":"2025-09-10T06:19:59+00:00","og_image":[{"width":1080,"height":540,"url":"https:\/\/www.aparences.net\/wp-content\/uploads\/2025\/09\/jacquemart-andre-georges-de-la-tour.webp","type":"image\/webp"}],"author":"admin","twitter_card":"summary_large_image","twitter_misc":{"Escrito por":"admin","Tiempo de lectura":"3 minutos"},"schema":{"@context":"https:\/\/schema.org","@graph":[{"@type":"Article","@id":"https:\/\/www.aparences.net\/es\/actualidad\/exposiciones\/georges-de-la-tour-entre-luz-y-sombra\/#article","isPartOf":{"@id":"https:\/\/www.aparences.net\/es\/actualidad\/exposiciones\/georges-de-la-tour-entre-luz-y-sombra\/"},"author":{"name":"admin","@id":"https:\/\/www.aparences.net\/es\/#\/schema\/person\/af349f6ffc31b16c68963e61268afca5"},"headline":"Georges de La Tour. Entre luz y sombra","datePublished":"2025-09-10T06:19:58+00:00","dateModified":"2025-09-10T06:19:59+00:00","mainEntityOfPage":{"@id":"https:\/\/www.aparences.net\/es\/actualidad\/exposiciones\/georges-de-la-tour-entre-luz-y-sombra\/"},"wordCount":368,"publisher":{"@id":"https:\/\/www.aparences.net\/es\/#organization"},"image":{"@id":"https:\/\/www.aparences.net\/es\/actualidad\/exposiciones\/georges-de-la-tour-entre-luz-y-sombra\/#primaryimage"},"thumbnailUrl":"https:\/\/www.aparences.net\/wp-content\/uploads\/2025\/09\/jacquemart-andre-georges-de-la-tour.webp","articleSection":["Actualidad","Exposiciones"],"inLanguage":"es"},{"@type":["WebPage","ItemPage"],"@id":"https:\/\/www.aparences.net\/es\/actualidad\/exposiciones\/georges-de-la-tour-entre-luz-y-sombra\/","url":"https:\/\/www.aparences.net\/es\/actualidad\/exposiciones\/georges-de-la-tour-entre-luz-y-sombra\/","name":"Georges de La Tour. Entre luz y sombra","isPartOf":{"@id":"https:\/\/www.aparences.net\/es\/#website"},"primaryImageOfPage":{"@id":"https:\/\/www.aparences.net\/es\/actualidad\/exposiciones\/georges-de-la-tour-entre-luz-y-sombra\/#primaryimage"},"image":{"@id":"https:\/\/www.aparences.net\/es\/actualidad\/exposiciones\/georges-de-la-tour-entre-luz-y-sombra\/#primaryimage"},"thumbnailUrl":"https:\/\/www.aparences.net\/wp-content\/uploads\/2025\/09\/jacquemart-andre-georges-de-la-tour.webp","datePublished":"2025-09-10T06:19:58+00:00","dateModified":"2025-09-10T06:19:59+00:00","description":"En Par\u00eds, el museo Jacquemart-Andr\u00e9 dedica la primera retrospectiva en Francia desde hace casi 20 a\u00f1os al pintor Georges de La Tour (1593-1652), cuyos En Par\u00eds, el museo Jacquemart-Andr\u00e9 dedica la primera retrospectiva en Francia desde hace casi 20 a\u00f1os al pintor Georges de La Tour (1593-1652).","breadcrumb":{"@id":"https:\/\/www.aparences.net\/es\/actualidad\/exposiciones\/georges-de-la-tour-entre-luz-y-sombra\/#breadcrumb"},"inLanguage":"es","potentialAction":[{"@type":"ReadAction","target":["https:\/\/www.aparences.net\/es\/actualidad\/exposiciones\/georges-de-la-tour-entre-luz-y-sombra\/"]}]},{"@type":"ImageObject","inLanguage":"es","@id":"https:\/\/www.aparences.net\/es\/actualidad\/exposiciones\/georges-de-la-tour-entre-luz-y-sombra\/#primaryimage","url":"https:\/\/www.aparences.net\/wp-content\/uploads\/2025\/09\/jacquemart-andre-georges-de-la-tour.webp","contentUrl":"https:\/\/www.aparences.net\/wp-content\/uploads\/2025\/09\/jacquemart-andre-georges-de-la-tour.webp","width":1080,"height":540},{"@type":"BreadcrumbList","@id":"https:\/\/www.aparences.net\/es\/actualidad\/exposiciones\/georges-de-la-tour-entre-luz-y-sombra\/#breadcrumb","itemListElement":[{"@type":"ListItem","position":1,"name":"Portada","item":"https:\/\/www.aparences.net\/es\/"},{"@type":"ListItem","position":2,"name":"Georges de La Tour. Entre luz y sombra"}]},{"@type":"WebSite","@id":"https:\/\/www.aparences.net\/es\/#website","url":"https:\/\/www.aparences.net\/es\/","name":"Aparences: Historia del Arte y Actualidad Cultural","description":"","publisher":{"@id":"https:\/\/www.aparences.net\/es\/#organization"},"potentialAction":[{"@type":"SearchAction","target":{"@type":"EntryPoint","urlTemplate":"https:\/\/www.aparences.net\/es\/?s={search_term_string}"},"query-input":{"@type":"PropertyValueSpecification","valueRequired":true,"valueName":"search_term_string"}}],"inLanguage":"es"},{"@type":"Organization","@id":"https:\/\/www.aparences.net\/es\/#organization","name":"Aparences: Historia del Arte y Actualidad Cultural","url":"https:\/\/www.aparences.net\/es\/","logo":{"@type":"ImageObject","inLanguage":"es","@id":"https:\/\/www.aparences.net\/es\/#\/schema\/logo\/image\/","url":"https:\/\/www.aparences.net\/wp-content\/uploads\/2023\/09\/logo-quadrat-color-e1695915315229.png","contentUrl":"https:\/\/www.aparences.net\/wp-content\/uploads\/2023\/09\/logo-quadrat-color-e1695915315229.png","width":120,"height":120,"caption":"Aparences: Historia del Arte y Actualidad Cultural"},"image":{"@id":"https:\/\/www.aparences.net\/es\/#\/schema\/logo\/image\/"}},{"@type":"Person","@id":"https:\/\/www.aparences.net\/es\/#\/schema\/person\/af349f6ffc31b16c68963e61268afca5","name":"admin","url":"https:\/\/www.aparences.net\/es\/author\/admin\/"}]}},"_links":{"self":[{"href":"https:\/\/www.aparences.net\/es\/wp-json\/wp\/v2\/posts\/33328","targetHints":{"allow":["GET"]}}],"collection":[{"href":"https:\/\/www.aparences.net\/es\/wp-json\/wp\/v2\/posts"}],"about":[{"href":"https:\/\/www.aparences.net\/es\/wp-json\/wp\/v2\/types\/post"}],"author":[{"embeddable":true,"href":"https:\/\/www.aparences.net\/es\/wp-json\/wp\/v2\/users\/2"}],"replies":[{"embeddable":true,"href":"https:\/\/www.aparences.net\/es\/wp-json\/wp\/v2\/comments?post=33328"}],"version-history":[{"count":0,"href":"https:\/\/www.aparences.net\/es\/wp-json\/wp\/v2\/posts\/33328\/revisions"}],"wp:featuredmedia":[{"embeddable":true,"href":"https:\/\/www.aparences.net\/es\/wp-json\/wp\/v2\/media\/33327"}],"wp:attachment":[{"href":"https:\/\/www.aparences.net\/es\/wp-json\/wp\/v2\/media?parent=33328"}],"wp:term":[{"taxonomy":"category","embeddable":true,"href":"https:\/\/www.aparences.net\/es\/wp-json\/wp\/v2\/categories?post=33328"},{"taxonomy":"post_tag","embeddable":true,"href":"https:\/\/www.aparences.net\/es\/wp-json\/wp\/v2\/tags?post=33328"}],"curies":[{"name":"wp","href":"https:\/\/api.w.org\/{rel}","templated":true}]}}