{"id":33447,"date":"2025-10-27T10:38:58","date_gmt":"2025-10-27T09:38:58","guid":{"rendered":"https:\/\/www.aparences.net\/?p=33447"},"modified":"2025-10-27T10:39:00","modified_gmt":"2025-10-27T09:39:00","slug":"jacques-louis-david-en-el-louvre","status":"publish","type":"post","link":"https:\/\/www.aparences.net\/es\/actualidad\/exposiciones\/jacques-louis-david-en-el-louvre\/","title":{"rendered":"Jacques-Louis David en el Louvre"},"content":{"rendered":"\n<p>Con motivo del bicentenario de su muerte en el exilio en Bruselas en 1825, el Museo del Louvre ofrece una nueva visi\u00f3n sobre una personalidad y una obra de una riqueza y diversidad excepcionales. La exposici\u00f3n destaca la fuerza inventiva y el poder expresivo de la pintura de <strong>Jacques-Louis David<\/strong> (1748-1825), m\u00e1s cargada de sensaciones de lo que sugiere la imponente rigurosidad de sus cuadros.<\/p>\n\n\n<div class=\"wp-block-image\">\n<figure class=\"aligncenter size-full\"><img loading=\"lazy\" decoding=\"async\" width=\"340\" height=\"460\" src=\"https:\/\/www.aparences.net\/wp-content\/uploads\/2025\/10\/david-portrait-thelusson-1790.webp\" alt=\"\" class=\"wp-image-33442\"\/><figcaption class=\"wp-element-caption\"><em>Retrato de Madame de Th\u00e9lusson, 1790, Jacques-Louis David, M\u00fanich, Neue Pinakothek.<\/em><\/figcaption><\/figure>\n<\/div>\n\n\n<p>David es un monumento. \u00abPadre de la Escuela Francesa\u00bb, regenerador de la pintura, cre\u00f3 im\u00e1genes que a\u00fan hoy persiguen nuestro imaginario colectivo: <em>Marat asesinado<\/em>, <em>Bonaparte cruzando los Alpes<\/em>, la <em>Coronaci\u00f3n de Napole\u00f3n<\/em>\u2026 Es a trav\u00e9s de sus cuadros que nos representamos los grandes momentos de la Revoluci\u00f3n y del Imperio napole\u00f3nico, y en sus retratos revive la sociedad de esa \u00e9poca.<\/p>\n\n\n<div class=\"wp-block-image\">\n<figure class=\"aligncenter size-full\"><img loading=\"lazy\" decoding=\"async\" width=\"495\" height=\"460\" src=\"https:\/\/www.aparences.net\/wp-content\/uploads\/2025\/10\/david-belisaire-demandant-aumone-1780.webp\" alt=\"\" class=\"wp-image-33444\"\/><figcaption class=\"wp-element-caption\"><em>Belisario pidiendo limosna, 1780, Jacques-Louis David,<br>Lille, Palais des Beaux-Arts.<\/em><\/figcaption><\/figure>\n<\/div>\n\n\n<p>La exposici\u00f3n, que abarca la larga carrera de David, <a href=\"https:\/\/www.aparences.net\/es\/periodos\/neoclasicismo\/el-estilo-neoclasico\/\">pintor neocl\u00e1sico<\/a> franc\u00e9s que vivi\u00f3 seis reg\u00edmenes pol\u00edticos y particip\u00f3 activamente en la Revoluci\u00f3n, re\u00fane un centenar de pr\u00e9stamos excepcionales, entre los que se encuentran el imponente fragmento del <em>Juramento del Juego de Pelota<\/em> (dep\u00f3sito del Museo del Louvre en el Palacio de Versalles) y la versi\u00f3n original del famoso <em>Marat asesinado<\/em> (Museos Reales de Bellas Artes de B\u00e9lgica, Bruselas), cumbre de su arte.<\/p>\n","protected":false},"excerpt":{"rendered":"<p>Con motivo del bicentenario de su muerte en el exilio en Bruselas en 1825, el Museo del Louvre ofrece una nueva visi\u00f3n sobre una personalidad [&#8230;]<\/p>\n","protected":false},"author":2,"featured_media":33446,"comment_status":"closed","ping_status":"closed","sticky":false,"template":"","format":"standard","meta":{"footnotes":""},"categories":[2368,2605],"tags":[],"class_list":["post-33447","post","type-post","status-publish","format-standard","has-post-thumbnail","hentry","category-actualidad","category-exposiciones"],"yoast_head":"<!-- This site is optimized with the Yoast SEO plugin v27.2 - https:\/\/yoast.com\/product\/yoast-seo-wordpress\/ -->\n<title>Jacques-Louis David en el Louvre<\/title>\n<meta name=\"description\" content=\"Con motivo del bicentenario de su muerte en el exilio en Bruselas en 1825, el Museo del Louvre ofrece una nueva visi\u00f3n sobre una personalidad y una obra\" \/>\n<meta name=\"robots\" content=\"index, follow, max-snippet:-1, max-image-preview:large, max-video-preview:-1\" \/>\n<link rel=\"canonical\" href=\"https:\/\/www.aparences.net\/es\/actualidad\/exposiciones\/jacques-louis-david-en-el-louvre\/\" \/>\n<meta property=\"og:locale\" content=\"es_ES\" \/>\n<meta property=\"og:type\" content=\"article\" \/>\n<meta property=\"og:title\" content=\"Jacques-Louis David en el Louvre\" \/>\n<meta property=\"og:description\" content=\"Con motivo del bicentenario de su muerte en el exilio en Bruselas en 1825, el Museo del Louvre ofrece una nueva visi\u00f3n sobre una personalidad y una obra\" \/>\n<meta property=\"og:url\" content=\"https:\/\/www.aparences.net\/es\/actualidad\/exposiciones\/jacques-louis-david-en-el-louvre\/\" \/>\n<meta property=\"og:site_name\" content=\"Aparences\" \/>\n<meta property=\"article:published_time\" content=\"2025-10-27T09:38:58+00:00\" \/>\n<meta property=\"article:modified_time\" content=\"2025-10-27T09:39:00+00:00\" \/>\n<meta property=\"og:image\" content=\"https:\/\/www.aparences.net\/wp-content\/uploads\/2025\/10\/louvre-exposition-david.webp\" \/>\n\t<meta property=\"og:image:width\" content=\"1080\" \/>\n\t<meta property=\"og:image:height\" content=\"540\" \/>\n\t<meta property=\"og:image:type\" content=\"image\/webp\" \/>\n<meta name=\"author\" content=\"admin\" \/>\n<meta name=\"twitter:card\" content=\"summary_large_image\" \/>\n<meta name=\"twitter:label1\" content=\"Escrito por\" \/>\n\t<meta name=\"twitter:data1\" content=\"admin\" \/>\n\t<meta name=\"twitter:label2\" content=\"Tiempo de lectura\" \/>\n\t<meta name=\"twitter:data2\" content=\"2 minutos\" \/>\n<script type=\"application\/ld+json\" class=\"yoast-schema-graph\">{\"@context\":\"https:\/\/schema.org\",\"@graph\":[{\"@type\":\"Article\",\"@id\":\"https:\/\/www.aparences.net\/es\/actualidad\/exposiciones\/jacques-louis-david-en-el-louvre\/#article\",\"isPartOf\":{\"@id\":\"https:\/\/www.aparences.net\/es\/actualidad\/exposiciones\/jacques-louis-david-en-el-louvre\/\"},\"author\":{\"name\":\"admin\",\"@id\":\"https:\/\/www.aparences.net\/es\/#\/schema\/person\/af349f6ffc31b16c68963e61268afca5\"},\"headline\":\"Jacques-Louis David en el Louvre\",\"datePublished\":\"2025-10-27T09:38:58+00:00\",\"dateModified\":\"2025-10-27T09:39:00+00:00\",\"mainEntityOfPage\":{\"@id\":\"https:\/\/www.aparences.net\/es\/actualidad\/exposiciones\/jacques-louis-david-en-el-louvre\/\"},\"wordCount\":245,\"publisher\":{\"@id\":\"https:\/\/www.aparences.net\/es\/#organization\"},\"image\":{\"@id\":\"https:\/\/www.aparences.net\/es\/actualidad\/exposiciones\/jacques-louis-david-en-el-louvre\/#primaryimage\"},\"thumbnailUrl\":\"https:\/\/www.aparences.net\/wp-content\/uploads\/2025\/10\/louvre-exposition-david.webp\",\"articleSection\":[\"Actualidad\",\"Exposiciones\"],\"inLanguage\":\"es\"},{\"@type\":[\"WebPage\",\"ItemPage\"],\"@id\":\"https:\/\/www.aparences.net\/es\/actualidad\/exposiciones\/jacques-louis-david-en-el-louvre\/\",\"url\":\"https:\/\/www.aparences.net\/es\/actualidad\/exposiciones\/jacques-louis-david-en-el-louvre\/\",\"name\":\"Jacques-Louis David en el Louvre\",\"isPartOf\":{\"@id\":\"https:\/\/www.aparences.net\/es\/#website\"},\"primaryImageOfPage\":{\"@id\":\"https:\/\/www.aparences.net\/es\/actualidad\/exposiciones\/jacques-louis-david-en-el-louvre\/#primaryimage\"},\"image\":{\"@id\":\"https:\/\/www.aparences.net\/es\/actualidad\/exposiciones\/jacques-louis-david-en-el-louvre\/#primaryimage\"},\"thumbnailUrl\":\"https:\/\/www.aparences.net\/wp-content\/uploads\/2025\/10\/louvre-exposition-david.webp\",\"datePublished\":\"2025-10-27T09:38:58+00:00\",\"dateModified\":\"2025-10-27T09:39:00+00:00\",\"description\":\"Con motivo del bicentenario de su muerte en el exilio en Bruselas en 1825, el Museo del Louvre ofrece una nueva visi\u00f3n sobre una personalidad y una obra\",\"breadcrumb\":{\"@id\":\"https:\/\/www.aparences.net\/es\/actualidad\/exposiciones\/jacques-louis-david-en-el-louvre\/#breadcrumb\"},\"inLanguage\":\"es\",\"potentialAction\":[{\"@type\":\"ReadAction\",\"target\":[\"https:\/\/www.aparences.net\/es\/actualidad\/exposiciones\/jacques-louis-david-en-el-louvre\/\"]}]},{\"@type\":\"ImageObject\",\"inLanguage\":\"es\",\"@id\":\"https:\/\/www.aparences.net\/es\/actualidad\/exposiciones\/jacques-louis-david-en-el-louvre\/#primaryimage\",\"url\":\"https:\/\/www.aparences.net\/wp-content\/uploads\/2025\/10\/louvre-exposition-david.webp\",\"contentUrl\":\"https:\/\/www.aparences.net\/wp-content\/uploads\/2025\/10\/louvre-exposition-david.webp\",\"width\":1080,\"height\":540},{\"@type\":\"BreadcrumbList\",\"@id\":\"https:\/\/www.aparences.net\/es\/actualidad\/exposiciones\/jacques-louis-david-en-el-louvre\/#breadcrumb\",\"itemListElement\":[{\"@type\":\"ListItem\",\"position\":1,\"name\":\"Portada\",\"item\":\"https:\/\/www.aparences.net\/es\/\"},{\"@type\":\"ListItem\",\"position\":2,\"name\":\"Jacques-Louis David en el Louvre\"}]},{\"@type\":\"WebSite\",\"@id\":\"https:\/\/www.aparences.net\/es\/#website\",\"url\":\"https:\/\/www.aparences.net\/es\/\",\"name\":\"Aparences: Historia del Arte y Actualidad Cultural\",\"description\":\"\",\"publisher\":{\"@id\":\"https:\/\/www.aparences.net\/es\/#organization\"},\"potentialAction\":[{\"@type\":\"SearchAction\",\"target\":{\"@type\":\"EntryPoint\",\"urlTemplate\":\"https:\/\/www.aparences.net\/es\/?s={search_term_string}\"},\"query-input\":{\"@type\":\"PropertyValueSpecification\",\"valueRequired\":true,\"valueName\":\"search_term_string\"}}],\"inLanguage\":\"es\"},{\"@type\":\"Organization\",\"@id\":\"https:\/\/www.aparences.net\/es\/#organization\",\"name\":\"Aparences: Historia del Arte y Actualidad Cultural\",\"url\":\"https:\/\/www.aparences.net\/es\/\",\"logo\":{\"@type\":\"ImageObject\",\"inLanguage\":\"es\",\"@id\":\"https:\/\/www.aparences.net\/es\/#\/schema\/logo\/image\/\",\"url\":\"https:\/\/www.aparences.net\/wp-content\/uploads\/2023\/09\/logo-quadrat-color-e1695915315229.png\",\"contentUrl\":\"https:\/\/www.aparences.net\/wp-content\/uploads\/2023\/09\/logo-quadrat-color-e1695915315229.png\",\"width\":120,\"height\":120,\"caption\":\"Aparences: Historia del Arte y Actualidad Cultural\"},\"image\":{\"@id\":\"https:\/\/www.aparences.net\/es\/#\/schema\/logo\/image\/\"}},{\"@type\":\"Person\",\"@id\":\"https:\/\/www.aparences.net\/es\/#\/schema\/person\/af349f6ffc31b16c68963e61268afca5\",\"name\":\"admin\",\"url\":\"https:\/\/www.aparences.net\/es\/author\/admin\/\"}]}<\/script>\n<!-- \/ Yoast SEO plugin. -->","yoast_head_json":{"title":"Jacques-Louis David en el Louvre","description":"Con motivo del bicentenario de su muerte en el exilio en Bruselas en 1825, el Museo del Louvre ofrece una nueva visi\u00f3n sobre una personalidad y una obra","robots":{"index":"index","follow":"follow","max-snippet":"max-snippet:-1","max-image-preview":"max-image-preview:large","max-video-preview":"max-video-preview:-1"},"canonical":"https:\/\/www.aparences.net\/es\/actualidad\/exposiciones\/jacques-louis-david-en-el-louvre\/","og_locale":"es_ES","og_type":"article","og_title":"Jacques-Louis David en el Louvre","og_description":"Con motivo del bicentenario de su muerte en el exilio en Bruselas en 1825, el Museo del Louvre ofrece una nueva visi\u00f3n sobre una personalidad y una obra","og_url":"https:\/\/www.aparences.net\/es\/actualidad\/exposiciones\/jacques-louis-david-en-el-louvre\/","og_site_name":"Aparences","article_published_time":"2025-10-27T09:38:58+00:00","article_modified_time":"2025-10-27T09:39:00+00:00","og_image":[{"width":1080,"height":540,"url":"https:\/\/www.aparences.net\/wp-content\/uploads\/2025\/10\/louvre-exposition-david.webp","type":"image\/webp"}],"author":"admin","twitter_card":"summary_large_image","twitter_misc":{"Escrito por":"admin","Tiempo de lectura":"2 minutos"},"schema":{"@context":"https:\/\/schema.org","@graph":[{"@type":"Article","@id":"https:\/\/www.aparences.net\/es\/actualidad\/exposiciones\/jacques-louis-david-en-el-louvre\/#article","isPartOf":{"@id":"https:\/\/www.aparences.net\/es\/actualidad\/exposiciones\/jacques-louis-david-en-el-louvre\/"},"author":{"name":"admin","@id":"https:\/\/www.aparences.net\/es\/#\/schema\/person\/af349f6ffc31b16c68963e61268afca5"},"headline":"Jacques-Louis David en el Louvre","datePublished":"2025-10-27T09:38:58+00:00","dateModified":"2025-10-27T09:39:00+00:00","mainEntityOfPage":{"@id":"https:\/\/www.aparences.net\/es\/actualidad\/exposiciones\/jacques-louis-david-en-el-louvre\/"},"wordCount":245,"publisher":{"@id":"https:\/\/www.aparences.net\/es\/#organization"},"image":{"@id":"https:\/\/www.aparences.net\/es\/actualidad\/exposiciones\/jacques-louis-david-en-el-louvre\/#primaryimage"},"thumbnailUrl":"https:\/\/www.aparences.net\/wp-content\/uploads\/2025\/10\/louvre-exposition-david.webp","articleSection":["Actualidad","Exposiciones"],"inLanguage":"es"},{"@type":["WebPage","ItemPage"],"@id":"https:\/\/www.aparences.net\/es\/actualidad\/exposiciones\/jacques-louis-david-en-el-louvre\/","url":"https:\/\/www.aparences.net\/es\/actualidad\/exposiciones\/jacques-louis-david-en-el-louvre\/","name":"Jacques-Louis David en el Louvre","isPartOf":{"@id":"https:\/\/www.aparences.net\/es\/#website"},"primaryImageOfPage":{"@id":"https:\/\/www.aparences.net\/es\/actualidad\/exposiciones\/jacques-louis-david-en-el-louvre\/#primaryimage"},"image":{"@id":"https:\/\/www.aparences.net\/es\/actualidad\/exposiciones\/jacques-louis-david-en-el-louvre\/#primaryimage"},"thumbnailUrl":"https:\/\/www.aparences.net\/wp-content\/uploads\/2025\/10\/louvre-exposition-david.webp","datePublished":"2025-10-27T09:38:58+00:00","dateModified":"2025-10-27T09:39:00+00:00","description":"Con motivo del bicentenario de su muerte en el exilio en Bruselas en 1825, el Museo del Louvre ofrece una nueva visi\u00f3n sobre una personalidad y una obra","breadcrumb":{"@id":"https:\/\/www.aparences.net\/es\/actualidad\/exposiciones\/jacques-louis-david-en-el-louvre\/#breadcrumb"},"inLanguage":"es","potentialAction":[{"@type":"ReadAction","target":["https:\/\/www.aparences.net\/es\/actualidad\/exposiciones\/jacques-louis-david-en-el-louvre\/"]}]},{"@type":"ImageObject","inLanguage":"es","@id":"https:\/\/www.aparences.net\/es\/actualidad\/exposiciones\/jacques-louis-david-en-el-louvre\/#primaryimage","url":"https:\/\/www.aparences.net\/wp-content\/uploads\/2025\/10\/louvre-exposition-david.webp","contentUrl":"https:\/\/www.aparences.net\/wp-content\/uploads\/2025\/10\/louvre-exposition-david.webp","width":1080,"height":540},{"@type":"BreadcrumbList","@id":"https:\/\/www.aparences.net\/es\/actualidad\/exposiciones\/jacques-louis-david-en-el-louvre\/#breadcrumb","itemListElement":[{"@type":"ListItem","position":1,"name":"Portada","item":"https:\/\/www.aparences.net\/es\/"},{"@type":"ListItem","position":2,"name":"Jacques-Louis David en el Louvre"}]},{"@type":"WebSite","@id":"https:\/\/www.aparences.net\/es\/#website","url":"https:\/\/www.aparences.net\/es\/","name":"Aparences: Historia del Arte y Actualidad Cultural","description":"","publisher":{"@id":"https:\/\/www.aparences.net\/es\/#organization"},"potentialAction":[{"@type":"SearchAction","target":{"@type":"EntryPoint","urlTemplate":"https:\/\/www.aparences.net\/es\/?s={search_term_string}"},"query-input":{"@type":"PropertyValueSpecification","valueRequired":true,"valueName":"search_term_string"}}],"inLanguage":"es"},{"@type":"Organization","@id":"https:\/\/www.aparences.net\/es\/#organization","name":"Aparences: Historia del Arte y Actualidad Cultural","url":"https:\/\/www.aparences.net\/es\/","logo":{"@type":"ImageObject","inLanguage":"es","@id":"https:\/\/www.aparences.net\/es\/#\/schema\/logo\/image\/","url":"https:\/\/www.aparences.net\/wp-content\/uploads\/2023\/09\/logo-quadrat-color-e1695915315229.png","contentUrl":"https:\/\/www.aparences.net\/wp-content\/uploads\/2023\/09\/logo-quadrat-color-e1695915315229.png","width":120,"height":120,"caption":"Aparences: Historia del Arte y Actualidad Cultural"},"image":{"@id":"https:\/\/www.aparences.net\/es\/#\/schema\/logo\/image\/"}},{"@type":"Person","@id":"https:\/\/www.aparences.net\/es\/#\/schema\/person\/af349f6ffc31b16c68963e61268afca5","name":"admin","url":"https:\/\/www.aparences.net\/es\/author\/admin\/"}]}},"_links":{"self":[{"href":"https:\/\/www.aparences.net\/es\/wp-json\/wp\/v2\/posts\/33447","targetHints":{"allow":["GET"]}}],"collection":[{"href":"https:\/\/www.aparences.net\/es\/wp-json\/wp\/v2\/posts"}],"about":[{"href":"https:\/\/www.aparences.net\/es\/wp-json\/wp\/v2\/types\/post"}],"author":[{"embeddable":true,"href":"https:\/\/www.aparences.net\/es\/wp-json\/wp\/v2\/users\/2"}],"replies":[{"embeddable":true,"href":"https:\/\/www.aparences.net\/es\/wp-json\/wp\/v2\/comments?post=33447"}],"version-history":[{"count":0,"href":"https:\/\/www.aparences.net\/es\/wp-json\/wp\/v2\/posts\/33447\/revisions"}],"wp:featuredmedia":[{"embeddable":true,"href":"https:\/\/www.aparences.net\/es\/wp-json\/wp\/v2\/media\/33446"}],"wp:attachment":[{"href":"https:\/\/www.aparences.net\/es\/wp-json\/wp\/v2\/media?parent=33447"}],"wp:term":[{"taxonomy":"category","embeddable":true,"href":"https:\/\/www.aparences.net\/es\/wp-json\/wp\/v2\/categories?post=33447"},{"taxonomy":"post_tag","embeddable":true,"href":"https:\/\/www.aparences.net\/es\/wp-json\/wp\/v2\/tags?post=33447"}],"curies":[{"name":"wp","href":"https:\/\/api.w.org\/{rel}","templated":true}]}}