{"id":33715,"date":"2026-01-28T09:04:24","date_gmt":"2026-01-28T08:04:24","guid":{"rendered":"https:\/\/www.aparences.net\/?p=33715"},"modified":"2026-01-28T09:04:25","modified_gmt":"2026-01-28T08:04:25","slug":"maruja-mallo-mascara-y-compas","status":"publish","type":"post","link":"https:\/\/www.aparences.net\/es\/actualidad\/exposiciones\/maruja-mallo-mascara-y-compas\/","title":{"rendered":"Maruja Mallo: M\u00e1scara y comp\u00e1s"},"content":{"rendered":"\n<p>Maruja Mallo (Viveiro, 1902 &#8211; Madrid, 1995) es una de las figuras m\u00e1s relevantes del arte espa\u00f1ol del siglo XX. Integrante de la Generaci\u00f3n del 27 de la que formaban parte Rafael Alberti, Salvador Dal\u00ed, Federico Garc\u00eda Lorca, Luis Bu\u00f1uel, entre otros. Es, adem\u00e1s, la m\u00e1s importante representante del grupo de artistas que, por primera vez, presentaron colectivamente una cosmovisi\u00f3n femenina desde una perspectiva tambi\u00e9n in\u00e9dita, la de la mujer moderna, activa, libre y profesional. Vinculada a la Escuela de Vallecas y al Grupo de Arte Constructivo, y atravesada por el trauma de la Guerra Civil y el exilio, su arte y su figura superan cualquier af\u00e1n clasificatorio.<\/p>\n\n\n<div class=\"wp-block-image\">\n<figure class=\"aligncenter size-full\"><img loading=\"lazy\" decoding=\"async\" width=\"743\" height=\"460\" src=\"https:\/\/www.aparences.net\/wp-content\/uploads\/2026\/01\/maruja-mallo-pascua-1927.webp\" alt=\"\" class=\"wp-image-33710\"\/><figcaption class=\"wp-element-caption\"><em><strong>Pascua<\/strong>, 1927, Maruja Mallo, Colecci\u00f3n particular.<\/em><\/figcaption><\/figure>\n<\/div>\n\n\n<p>La pintura de Maruja Mallo puede leerse como un ejercicio de libertad aut\u00e1rquica en el que convergen una variedad de estilos, influencias y t\u00e9cnicas que no se someten a los preceptos de la vanguardia ni a los motivos del clasicismo espa\u00f1ol. La exposici\u00f3n <em>Maruja Mallo. M\u00e1scara y comp\u00e1s<\/em>, organizada por el <a href=\"https:\/\/www.museoreinasofia.es\/exposicion\/maruja-mallo\">Museo Reina Sof\u00eda<\/a> y la Fundaci\u00f3n Bot\u00edn, condensa en su t\u00edtulo dos de los temas que singularizan la producci\u00f3n de la artista: la m\u00e1scara como invocaci\u00f3n, cuestionamiento identitario y emblema de transformaci\u00f3n, y el comp\u00e1s como garant\u00eda arm\u00f3nica y pauta del rigor geom\u00e9trico que rige su obra.<\/p>\n\n\n<div class=\"wp-block-image\">\n<figure class=\"aligncenter size-full\"><img loading=\"lazy\" decoding=\"async\" width=\"475\" height=\"460\" src=\"https:\/\/www.aparences.net\/wp-content\/uploads\/2026\/01\/maruja-mallo-selvatro-1975.webp\" alt=\"\" class=\"wp-image-33712\"\/><figcaption class=\"wp-element-caption\"><em><strong>Selvatro<\/strong>, 1970-1975, Maruja Mallo, Museo Reina Sof\u00eda.<\/em><\/figcaption><\/figure>\n<\/div>\n\n\n<p>Esta exposici\u00f3n retrospectiva est\u00e1 organizada de manera cronol\u00f3gica tomando como referencia sus series de pinturas, las cuales, junto con sus dibujos y su archivo, trazan toda su carrera: desde el <a href=\"https:\/\/www.aparences.net\/es\/arte-contemporaneo\/realismo-magico-contemporaneo\/\">realismo m\u00e1gico<\/a> y las composiciones de car\u00e1cter surrealista de sus primeros a\u00f1os hasta las configuraciones geom\u00e9tricas y fant\u00e1sticas de sus \u00faltimas obras.\u00a0As\u00ed, sus escenarios se desplazan desde los barrios populares de Madrid a las tierras del extrarradio, ahondando en la relaci\u00f3n del hombre con la naturaleza y situando esa relaci\u00f3n en una dimensi\u00f3n superior, en la que ciencia, arte y mitolog\u00eda se dan la mano. Pasando, como ella dec\u00eda, de la geograf\u00eda a la cosmograf\u00eda.<\/p>\n","protected":false},"excerpt":{"rendered":"<p>Maruja Mallo (Viveiro, 1902 &#8211; Madrid, 1995) es una de las figuras m\u00e1s relevantes del arte espa\u00f1ol del siglo XX. Integrante de la Generaci\u00f3n del [&#8230;]<\/p>\n","protected":false},"author":2,"featured_media":33714,"comment_status":"closed","ping_status":"closed","sticky":false,"template":"","format":"standard","meta":{"footnotes":""},"categories":[2368,2605],"tags":[],"class_list":["post-33715","post","type-post","status-publish","format-standard","has-post-thumbnail","hentry","category-actualidad","category-exposiciones"],"yoast_head":"<!-- This site is optimized with the Yoast SEO plugin v27.2 - https:\/\/yoast.com\/product\/yoast-seo-wordpress\/ -->\n<title>Maruja Mallo: M\u00e1scara y comp\u00e1s<\/title>\n<meta name=\"description\" content=\"Maruja Mallo (Viveiro, 1902 - Madrid, 1995) es una de las figuras m\u00e1s relevantes del arte espa\u00f1ol del siglo XX. Integrante de la Generaci\u00f3n del 27 de la\" \/>\n<meta name=\"robots\" content=\"index, follow, max-snippet:-1, max-image-preview:large, max-video-preview:-1\" \/>\n<link rel=\"canonical\" href=\"https:\/\/www.aparences.net\/es\/actualidad\/exposiciones\/maruja-mallo-mascara-y-compas\/\" \/>\n<meta property=\"og:locale\" content=\"es_ES\" \/>\n<meta property=\"og:type\" content=\"article\" \/>\n<meta property=\"og:title\" content=\"Maruja Mallo: M\u00e1scara y comp\u00e1s\" \/>\n<meta property=\"og:description\" content=\"Maruja Mallo (Viveiro, 1902 - Madrid, 1995) es una de las figuras m\u00e1s relevantes del arte espa\u00f1ol del siglo XX. Integrante de la Generaci\u00f3n del 27 de la\" \/>\n<meta property=\"og:url\" content=\"https:\/\/www.aparences.net\/es\/actualidad\/exposiciones\/maruja-mallo-mascara-y-compas\/\" \/>\n<meta property=\"og:site_name\" content=\"Aparences\" \/>\n<meta property=\"article:published_time\" content=\"2026-01-28T08:04:24+00:00\" \/>\n<meta property=\"article:modified_time\" content=\"2026-01-28T08:04:25+00:00\" \/>\n<meta property=\"og:image\" content=\"https:\/\/www.aparences.net\/wp-content\/uploads\/2026\/01\/maruja-mallo-museo-reina-sofia.webp\" \/>\n\t<meta property=\"og:image:width\" content=\"1080\" \/>\n\t<meta property=\"og:image:height\" content=\"540\" \/>\n\t<meta property=\"og:image:type\" content=\"image\/webp\" \/>\n<meta name=\"author\" content=\"admin\" \/>\n<meta name=\"twitter:card\" content=\"summary_large_image\" \/>\n<meta name=\"twitter:label1\" content=\"Escrito por\" \/>\n\t<meta name=\"twitter:data1\" content=\"admin\" \/>\n\t<meta name=\"twitter:label2\" content=\"Tiempo de lectura\" \/>\n\t<meta name=\"twitter:data2\" content=\"3 minutos\" \/>\n<script type=\"application\/ld+json\" class=\"yoast-schema-graph\">{\"@context\":\"https:\/\/schema.org\",\"@graph\":[{\"@type\":\"Article\",\"@id\":\"https:\/\/www.aparences.net\/es\/actualidad\/exposiciones\/maruja-mallo-mascara-y-compas\/#article\",\"isPartOf\":{\"@id\":\"https:\/\/www.aparences.net\/es\/actualidad\/exposiciones\/maruja-mallo-mascara-y-compas\/\"},\"author\":{\"name\":\"admin\",\"@id\":\"https:\/\/www.aparences.net\/es\/#\/schema\/person\/af349f6ffc31b16c68963e61268afca5\"},\"headline\":\"Maruja Mallo: M\u00e1scara y comp\u00e1s\",\"datePublished\":\"2026-01-28T08:04:24+00:00\",\"dateModified\":\"2026-01-28T08:04:25+00:00\",\"mainEntityOfPage\":{\"@id\":\"https:\/\/www.aparences.net\/es\/actualidad\/exposiciones\/maruja-mallo-mascara-y-compas\/\"},\"wordCount\":373,\"publisher\":{\"@id\":\"https:\/\/www.aparences.net\/es\/#organization\"},\"image\":{\"@id\":\"https:\/\/www.aparences.net\/es\/actualidad\/exposiciones\/maruja-mallo-mascara-y-compas\/#primaryimage\"},\"thumbnailUrl\":\"https:\/\/www.aparences.net\/wp-content\/uploads\/2026\/01\/maruja-mallo-museo-reina-sofia.webp\",\"articleSection\":[\"Actualidad\",\"Exposiciones\"],\"inLanguage\":\"es\"},{\"@type\":[\"WebPage\",\"ItemPage\"],\"@id\":\"https:\/\/www.aparences.net\/es\/actualidad\/exposiciones\/maruja-mallo-mascara-y-compas\/\",\"url\":\"https:\/\/www.aparences.net\/es\/actualidad\/exposiciones\/maruja-mallo-mascara-y-compas\/\",\"name\":\"Maruja Mallo: M\u00e1scara y comp\u00e1s\",\"isPartOf\":{\"@id\":\"https:\/\/www.aparences.net\/es\/#website\"},\"primaryImageOfPage\":{\"@id\":\"https:\/\/www.aparences.net\/es\/actualidad\/exposiciones\/maruja-mallo-mascara-y-compas\/#primaryimage\"},\"image\":{\"@id\":\"https:\/\/www.aparences.net\/es\/actualidad\/exposiciones\/maruja-mallo-mascara-y-compas\/#primaryimage\"},\"thumbnailUrl\":\"https:\/\/www.aparences.net\/wp-content\/uploads\/2026\/01\/maruja-mallo-museo-reina-sofia.webp\",\"datePublished\":\"2026-01-28T08:04:24+00:00\",\"dateModified\":\"2026-01-28T08:04:25+00:00\",\"description\":\"Maruja Mallo (Viveiro, 1902 - Madrid, 1995) es una de las figuras m\u00e1s relevantes del arte espa\u00f1ol del siglo XX. Integrante de la Generaci\u00f3n del 27 de la\",\"breadcrumb\":{\"@id\":\"https:\/\/www.aparences.net\/es\/actualidad\/exposiciones\/maruja-mallo-mascara-y-compas\/#breadcrumb\"},\"inLanguage\":\"es\",\"potentialAction\":[{\"@type\":\"ReadAction\",\"target\":[\"https:\/\/www.aparences.net\/es\/actualidad\/exposiciones\/maruja-mallo-mascara-y-compas\/\"]}]},{\"@type\":\"ImageObject\",\"inLanguage\":\"es\",\"@id\":\"https:\/\/www.aparences.net\/es\/actualidad\/exposiciones\/maruja-mallo-mascara-y-compas\/#primaryimage\",\"url\":\"https:\/\/www.aparences.net\/wp-content\/uploads\/2026\/01\/maruja-mallo-museo-reina-sofia.webp\",\"contentUrl\":\"https:\/\/www.aparences.net\/wp-content\/uploads\/2026\/01\/maruja-mallo-museo-reina-sofia.webp\",\"width\":1080,\"height\":540},{\"@type\":\"BreadcrumbList\",\"@id\":\"https:\/\/www.aparences.net\/es\/actualidad\/exposiciones\/maruja-mallo-mascara-y-compas\/#breadcrumb\",\"itemListElement\":[{\"@type\":\"ListItem\",\"position\":1,\"name\":\"Portada\",\"item\":\"https:\/\/www.aparences.net\/es\/\"},{\"@type\":\"ListItem\",\"position\":2,\"name\":\"Maruja Mallo: M\u00e1scara y comp\u00e1s\"}]},{\"@type\":\"WebSite\",\"@id\":\"https:\/\/www.aparences.net\/es\/#website\",\"url\":\"https:\/\/www.aparences.net\/es\/\",\"name\":\"Aparences: Historia del Arte y Actualidad Cultural\",\"description\":\"\",\"publisher\":{\"@id\":\"https:\/\/www.aparences.net\/es\/#organization\"},\"potentialAction\":[{\"@type\":\"SearchAction\",\"target\":{\"@type\":\"EntryPoint\",\"urlTemplate\":\"https:\/\/www.aparences.net\/es\/?s={search_term_string}\"},\"query-input\":{\"@type\":\"PropertyValueSpecification\",\"valueRequired\":true,\"valueName\":\"search_term_string\"}}],\"inLanguage\":\"es\"},{\"@type\":\"Organization\",\"@id\":\"https:\/\/www.aparences.net\/es\/#organization\",\"name\":\"Aparences: Historia del Arte y Actualidad Cultural\",\"url\":\"https:\/\/www.aparences.net\/es\/\",\"logo\":{\"@type\":\"ImageObject\",\"inLanguage\":\"es\",\"@id\":\"https:\/\/www.aparences.net\/es\/#\/schema\/logo\/image\/\",\"url\":\"https:\/\/www.aparences.net\/wp-content\/uploads\/2023\/09\/logo-quadrat-color-e1695915315229.png\",\"contentUrl\":\"https:\/\/www.aparences.net\/wp-content\/uploads\/2023\/09\/logo-quadrat-color-e1695915315229.png\",\"width\":120,\"height\":120,\"caption\":\"Aparences: Historia del Arte y Actualidad Cultural\"},\"image\":{\"@id\":\"https:\/\/www.aparences.net\/es\/#\/schema\/logo\/image\/\"}},{\"@type\":\"Person\",\"@id\":\"https:\/\/www.aparences.net\/es\/#\/schema\/person\/af349f6ffc31b16c68963e61268afca5\",\"name\":\"admin\",\"url\":\"https:\/\/www.aparences.net\/es\/author\/admin\/\"}]}<\/script>\n<!-- \/ Yoast SEO plugin. -->","yoast_head_json":{"title":"Maruja Mallo: M\u00e1scara y comp\u00e1s","description":"Maruja Mallo (Viveiro, 1902 - Madrid, 1995) es una de las figuras m\u00e1s relevantes del arte espa\u00f1ol del siglo XX. Integrante de la Generaci\u00f3n del 27 de la","robots":{"index":"index","follow":"follow","max-snippet":"max-snippet:-1","max-image-preview":"max-image-preview:large","max-video-preview":"max-video-preview:-1"},"canonical":"https:\/\/www.aparences.net\/es\/actualidad\/exposiciones\/maruja-mallo-mascara-y-compas\/","og_locale":"es_ES","og_type":"article","og_title":"Maruja Mallo: M\u00e1scara y comp\u00e1s","og_description":"Maruja Mallo (Viveiro, 1902 - Madrid, 1995) es una de las figuras m\u00e1s relevantes del arte espa\u00f1ol del siglo XX. Integrante de la Generaci\u00f3n del 27 de la","og_url":"https:\/\/www.aparences.net\/es\/actualidad\/exposiciones\/maruja-mallo-mascara-y-compas\/","og_site_name":"Aparences","article_published_time":"2026-01-28T08:04:24+00:00","article_modified_time":"2026-01-28T08:04:25+00:00","og_image":[{"width":1080,"height":540,"url":"https:\/\/www.aparences.net\/wp-content\/uploads\/2026\/01\/maruja-mallo-museo-reina-sofia.webp","type":"image\/webp"}],"author":"admin","twitter_card":"summary_large_image","twitter_misc":{"Escrito por":"admin","Tiempo de lectura":"3 minutos"},"schema":{"@context":"https:\/\/schema.org","@graph":[{"@type":"Article","@id":"https:\/\/www.aparences.net\/es\/actualidad\/exposiciones\/maruja-mallo-mascara-y-compas\/#article","isPartOf":{"@id":"https:\/\/www.aparences.net\/es\/actualidad\/exposiciones\/maruja-mallo-mascara-y-compas\/"},"author":{"name":"admin","@id":"https:\/\/www.aparences.net\/es\/#\/schema\/person\/af349f6ffc31b16c68963e61268afca5"},"headline":"Maruja Mallo: M\u00e1scara y comp\u00e1s","datePublished":"2026-01-28T08:04:24+00:00","dateModified":"2026-01-28T08:04:25+00:00","mainEntityOfPage":{"@id":"https:\/\/www.aparences.net\/es\/actualidad\/exposiciones\/maruja-mallo-mascara-y-compas\/"},"wordCount":373,"publisher":{"@id":"https:\/\/www.aparences.net\/es\/#organization"},"image":{"@id":"https:\/\/www.aparences.net\/es\/actualidad\/exposiciones\/maruja-mallo-mascara-y-compas\/#primaryimage"},"thumbnailUrl":"https:\/\/www.aparences.net\/wp-content\/uploads\/2026\/01\/maruja-mallo-museo-reina-sofia.webp","articleSection":["Actualidad","Exposiciones"],"inLanguage":"es"},{"@type":["WebPage","ItemPage"],"@id":"https:\/\/www.aparences.net\/es\/actualidad\/exposiciones\/maruja-mallo-mascara-y-compas\/","url":"https:\/\/www.aparences.net\/es\/actualidad\/exposiciones\/maruja-mallo-mascara-y-compas\/","name":"Maruja Mallo: M\u00e1scara y comp\u00e1s","isPartOf":{"@id":"https:\/\/www.aparences.net\/es\/#website"},"primaryImageOfPage":{"@id":"https:\/\/www.aparences.net\/es\/actualidad\/exposiciones\/maruja-mallo-mascara-y-compas\/#primaryimage"},"image":{"@id":"https:\/\/www.aparences.net\/es\/actualidad\/exposiciones\/maruja-mallo-mascara-y-compas\/#primaryimage"},"thumbnailUrl":"https:\/\/www.aparences.net\/wp-content\/uploads\/2026\/01\/maruja-mallo-museo-reina-sofia.webp","datePublished":"2026-01-28T08:04:24+00:00","dateModified":"2026-01-28T08:04:25+00:00","description":"Maruja Mallo (Viveiro, 1902 - Madrid, 1995) es una de las figuras m\u00e1s relevantes del arte espa\u00f1ol del siglo XX. Integrante de la Generaci\u00f3n del 27 de la","breadcrumb":{"@id":"https:\/\/www.aparences.net\/es\/actualidad\/exposiciones\/maruja-mallo-mascara-y-compas\/#breadcrumb"},"inLanguage":"es","potentialAction":[{"@type":"ReadAction","target":["https:\/\/www.aparences.net\/es\/actualidad\/exposiciones\/maruja-mallo-mascara-y-compas\/"]}]},{"@type":"ImageObject","inLanguage":"es","@id":"https:\/\/www.aparences.net\/es\/actualidad\/exposiciones\/maruja-mallo-mascara-y-compas\/#primaryimage","url":"https:\/\/www.aparences.net\/wp-content\/uploads\/2026\/01\/maruja-mallo-museo-reina-sofia.webp","contentUrl":"https:\/\/www.aparences.net\/wp-content\/uploads\/2026\/01\/maruja-mallo-museo-reina-sofia.webp","width":1080,"height":540},{"@type":"BreadcrumbList","@id":"https:\/\/www.aparences.net\/es\/actualidad\/exposiciones\/maruja-mallo-mascara-y-compas\/#breadcrumb","itemListElement":[{"@type":"ListItem","position":1,"name":"Portada","item":"https:\/\/www.aparences.net\/es\/"},{"@type":"ListItem","position":2,"name":"Maruja Mallo: M\u00e1scara y comp\u00e1s"}]},{"@type":"WebSite","@id":"https:\/\/www.aparences.net\/es\/#website","url":"https:\/\/www.aparences.net\/es\/","name":"Aparences: Historia del Arte y Actualidad Cultural","description":"","publisher":{"@id":"https:\/\/www.aparences.net\/es\/#organization"},"potentialAction":[{"@type":"SearchAction","target":{"@type":"EntryPoint","urlTemplate":"https:\/\/www.aparences.net\/es\/?s={search_term_string}"},"query-input":{"@type":"PropertyValueSpecification","valueRequired":true,"valueName":"search_term_string"}}],"inLanguage":"es"},{"@type":"Organization","@id":"https:\/\/www.aparences.net\/es\/#organization","name":"Aparences: Historia del Arte y Actualidad Cultural","url":"https:\/\/www.aparences.net\/es\/","logo":{"@type":"ImageObject","inLanguage":"es","@id":"https:\/\/www.aparences.net\/es\/#\/schema\/logo\/image\/","url":"https:\/\/www.aparences.net\/wp-content\/uploads\/2023\/09\/logo-quadrat-color-e1695915315229.png","contentUrl":"https:\/\/www.aparences.net\/wp-content\/uploads\/2023\/09\/logo-quadrat-color-e1695915315229.png","width":120,"height":120,"caption":"Aparences: Historia del Arte y Actualidad Cultural"},"image":{"@id":"https:\/\/www.aparences.net\/es\/#\/schema\/logo\/image\/"}},{"@type":"Person","@id":"https:\/\/www.aparences.net\/es\/#\/schema\/person\/af349f6ffc31b16c68963e61268afca5","name":"admin","url":"https:\/\/www.aparences.net\/es\/author\/admin\/"}]}},"_links":{"self":[{"href":"https:\/\/www.aparences.net\/es\/wp-json\/wp\/v2\/posts\/33715","targetHints":{"allow":["GET"]}}],"collection":[{"href":"https:\/\/www.aparences.net\/es\/wp-json\/wp\/v2\/posts"}],"about":[{"href":"https:\/\/www.aparences.net\/es\/wp-json\/wp\/v2\/types\/post"}],"author":[{"embeddable":true,"href":"https:\/\/www.aparences.net\/es\/wp-json\/wp\/v2\/users\/2"}],"replies":[{"embeddable":true,"href":"https:\/\/www.aparences.net\/es\/wp-json\/wp\/v2\/comments?post=33715"}],"version-history":[{"count":0,"href":"https:\/\/www.aparences.net\/es\/wp-json\/wp\/v2\/posts\/33715\/revisions"}],"wp:featuredmedia":[{"embeddable":true,"href":"https:\/\/www.aparences.net\/es\/wp-json\/wp\/v2\/media\/33714"}],"wp:attachment":[{"href":"https:\/\/www.aparences.net\/es\/wp-json\/wp\/v2\/media?parent=33715"}],"wp:term":[{"taxonomy":"category","embeddable":true,"href":"https:\/\/www.aparences.net\/es\/wp-json\/wp\/v2\/categories?post=33715"},{"taxonomy":"post_tag","embeddable":true,"href":"https:\/\/www.aparences.net\/es\/wp-json\/wp\/v2\/tags?post=33715"}],"curies":[{"name":"wp","href":"https:\/\/api.w.org\/{rel}","templated":true}]}}