{"id":33787,"date":"2026-03-10T07:44:26","date_gmt":"2026-03-10T06:44:26","guid":{"rendered":"https:\/\/www.aparences.net\/?p=33787"},"modified":"2026-04-05T08:14:35","modified_gmt":"2026-04-05T06:14:35","slug":"eugene-berman","status":"publish","type":"post","link":"https:\/\/www.aparences.net\/es\/periodos\/neorromanticismo\/eugene-berman\/","title":{"rendered":"Eug\u00e8ne Berman"},"content":{"rendered":"<p><!--contents--><\/p>\n\n\n<h2 class=\"wp-block-heading\">El neorromanticismo de Eug\u00e8ne Berman<\/h2>\n\n\n\n<p>A trav\u00e9s de una mirada impregnada de tristeza mitigada por la fantas\u00eda, <strong>Eug\u00e8ne Berman<\/strong> nos hace descubrir el universo pict\u00f3rico que cre\u00f3 a trav\u00e9s de sus peregrinaciones por un mundo en plena transformaci\u00f3n. Nacido en Peterhof, cerca de San Petersburgo, en 1899, Berman pas\u00f3 su infancia hasta 1908 entre la Venecia rusa y Ts\u00e1rskoye Sel\u00f3 o Villa de los Zares, mostrando, al igual que su hermano, un talento precoz para la pintura y el dibujo. Tras cinco a\u00f1os de viajes por Alemania, Suiza e Italia, el adolescente regres\u00f3 a Rusia para seguir las clases del pintor Pavel Semenovich Naumov, pero tambi\u00e9n las del joven arquitecto Sergei Gruzenberg, que pertenec\u00eda al movimiento <em>Mir Iskpusstva<\/em> (El mundo del arte) <strong>como reacci\u00f3n al realismo social de los<\/strong> <a href=\"https:\/\/www.aparences.net\/es\/tematicos\/el-realismo-socialista\/#los-pintores-ambulantes-rusos-despu%C3%A9s-de-1917.\" type=\"link\" id=\"https:\/\/www.aparences.net\/es\/tematicos\/el-realismo-socialista\/#los-pintores-ambulantes-rusos-despu%C3%A9s-de-1917.\">pintores Ambulantes<\/a>, de los que <strong>Sergu\u00e9i Diaghilev<\/strong> era uno de los portavoces.<\/p>\n\n\n<div class=\"wp-block-image\">\n<figure class=\"aligncenter size-full\"><img loading=\"lazy\" decoding=\"async\" width=\"608\" height=\"460\" src=\"https:\/\/www.aparences.net\/wp-content\/uploads\/2026\/02\/eugene-berman-the-gates-of-the-city-1937.webp\" alt=\"Las puertas de la ciudad, 1937, Eug\u00e8ne Berman\" class=\"wp-image-33762\" title=\"Las puertas de la ciudad, 1937, Eug\u00e8ne Berman\"\/><figcaption class=\"wp-element-caption\"><em><strong>Las puertas de la ciudad<\/strong>, 1937, Eug\u00e8ne Berman, Nueva York, MoMA<\/em>.<\/figcaption><\/figure>\n<\/div>\n\n\n<p>La influencia de Gruzenberg sobre Berman, preocupado por el patrimonio monumental tan particular de la ciudad creada en el siglo XVIII por la imaginaci\u00f3n de arquitectos italianos, introdujo a su alumno en el estudio de las obras maestras que se extend\u00edan alrededor del Neva, las lecciones de Palladio, el barroco y el neoclasicismo transalpinos. El inter\u00e9s de Berman por la arquitectura se mantuvo constante tras estos primeros contactos y aliment\u00f3 gran parte de su pintura.<\/p>\n\n\n\n<!-- AdBoxRight2020 --><ins class=\"adsbygoogle\"     style=\"display:block; margin-top:30px;\"     data-ad-client=\"ca-pub-2468002815867636\"     data-ad-slot=\"3496014735\"     data-ad-format=\"auto\"     data-full-width-responsive=\"false\"><\/ins><script> (adsbygoogle = window.adsbygoogle || []).push({});<\/script><h2 class=\"wp-block-heading\">Los paisajes dram\u00e1ticos<\/h2>\n\n\n\n<p>Durante la revoluci\u00f3n de 1917, <strong>Eug\u00e8ne Berman<\/strong> tuvo que huir de la ciudad de San Petersburgo junto con su hermano L\u00e9onide. Las circunstancias del exilio de los dos hermanos, sus peregrinaciones por el norte de Europa y su llegada a Par\u00eds, donde se matricularon en la famosa Academia Ranson y pronto entablaron amistad con algunos de sus compa\u00f1eros parisinos, futuros miembros de la <a href=\"https:\/\/www.aparences.net\/es\/periodos\/neorromanticismo\/\" type=\"category\" id=\"6344\">corriente neorrom\u00e1ntica<\/a>. Un primer viaje a Italia, el descubrimiento de <a href=\"https:\/\/www.aparences.net\/es\/periodos\/arte-moderno-anexos\/de-chirico-metafisico\/\" type=\"post\" id=\"13751\">De Chirico<\/a>, pero tambi\u00e9n el encuentro en 1920 con el arquitecto y decorador Emilio Terry, son elementos que determinan la inspiraci\u00f3n y los temas de Berman, cuyos lienzos se cubren de misteriosas escenas urbanas, paisajes melanc\u00f3licos, desiertos o salpicados de ruinas que <strong>recuerdan a las<\/strong> <a href=\"https:\/\/www.aparences.net\/es\/periodos\/rococo\/arquitecturas-pintadas\/\" type=\"link\" id=\"https:\/\/www.aparences.net\/es\/periodos\/rococo\/arquitecturas-pintadas\/\">arquitecturas pintadas<\/a> <strong>de los <em>vedutisti<\/em> del siglo XVIII<\/strong>.<\/p>\n\n\n<div class=\"wp-block-image\">\n<figure class=\"aligncenter size-full\"><img loading=\"lazy\" decoding=\"async\" width=\"608\" height=\"446\" src=\"https:\/\/www.aparences.net\/wp-content\/uploads\/2026\/02\/eugene-berman-le-marchand-damphores-1938.webp\" alt=\"El vendedor de \u00e1nforas, 1938, Eug\u00e8ne Berman\" class=\"wp-image-33764\" title=\"El vendedor de \u00e1nforas, 1938, Eug\u00e8ne Berman\"\/><figcaption class=\"wp-element-caption\"><em><strong>El vendedor de \u00e1nforas,<\/strong> 1938, Eug\u00e8ne Berman, Colecci\u00f3n particular.<\/em><\/figcaption><\/figure>\n<\/div>\n\n\n<p>El conocido galerista franc\u00e9s <strong>Julien Levy<\/strong> (1906-1981), uno de los primeros impulsores del <a href=\"https:\/\/www.aparences.net\/es\/periodos\/neorromanticismo\/\" type=\"category\" id=\"6344\">movimiento neorrom\u00e1ntico<\/a>, organiz\u00f3 en 1930 la primera exposici\u00f3n de Eug\u00e8ne Berman en Nueva York \u00abporque le dijeron que el pintor estaba pasando por dificultades\u00bb. Reflejo o no de estas dif\u00edciles circunstancias, Berman comenz\u00f3 a pintar los puentes de Par\u00eds, primero como escenas nocturnas de tonos irreales, lugares marginados, de desesperanza social, frecuentados por grupos de exiliados o excluidos: \u00abLos vagabundos que se refugian bajo los arcos de los puentes parisinos, los desamparados en el parque de Saint-Cloud, los mendigos junto a las iglesias italianas, los ni\u00f1os perdidos de las calles, escribe Julien Levy, <strong>figuras anunciadoras de los refugiados y de las estructuras destrozadas del futuro<\/strong>\u00bb.<\/p>\n\n\n<div class=\"wp-block-image\">\n<figure class=\"aligncenter size-full\"><img loading=\"lazy\" decoding=\"async\" width=\"608\" height=\"416\" src=\"https:\/\/www.aparences.net\/wp-content\/uploads\/2026\/02\/eugene-berman-bohemiens-1936.webp\" alt=\"Bohemios, 1936, Eug\u00e8ne Berman\" class=\"wp-image-33766\" title=\"Bohemios, 1936, Eug\u00e8ne Berman\"\/><figcaption class=\"wp-element-caption\"><em><strong>Bohemios<\/strong>, 1936, Eug\u00e8ne Berman, Colecci\u00f3n particular.<\/em><\/figcaption><\/figure>\n<\/div>\n\n\n<p>Los mismos vagabundos reaparecen dos a\u00f1os m\u00e1s tarde, esta vez perdidos en paisajes dram\u00e1ticos, circos rocosos excavados por vertiginosas gargantas, vastas extensiones minerales y \u00e1ridas, que <strong>delatan la influencia de<\/strong> <a href=\"https:\/\/www.aparences.net\/es\/periodos\/arte-moderno-anexos\/dali-yo-soy-el-surrealismo\/\" type=\"post\" id=\"13741\">Dal\u00ed<\/a>. En contraste con los lugares cerrados y despojados de sus primeros lienzos, as\u00ed como con las recreaciones eruditas y alusivas de la arquitectura renacentista y barroca, estos paisajes comparten sin embargo su atm\u00f3sfera enrarecida, su aspecto disparatado y artificial; espacios naturales, excavados por el tiempo, <strong>estos cuadros se distinguen por su teatralidad<\/strong>, ofreciendo al espectador una escenograf\u00eda imaginaria.<\/p>\n\n\n<div class=\"wp-block-image\">\n<figure class=\"aligncenter size-full\"><img loading=\"lazy\" decoding=\"async\" width=\"608\" height=\"449\" src=\"https:\/\/www.aparences.net\/wp-content\/uploads\/2026\/02\/eugene-berman-melancolie-1937.webp\" alt=\"Melancolia, 1937, Eug\u00e8ne Berman\" class=\"wp-image-33768\" title=\"Melancolia, 1937, Eug\u00e8ne Berman\"\/><figcaption class=\"wp-element-caption\"><em><strong>Melancolia<\/strong>, 1937, Eug\u00e8ne Berman, Par\u00eds, Museo Marmottan Monet.<\/em><\/figcaption><\/figure>\n<\/div>\n\n\n<!-- AdBoxLeft2023 --><ins class=\"adsbygoogle\" style=\"display:block\" data-ad-client=\"ca-pub-2468002815867636\" data-ad-slot=\"1318022963\" data-ad-format=\"auto\" data-full-width-responsive=\"true\"><\/ins><script> (adsbygoogle = window.adsbygoogle || []).push({});<\/script><h2 class=\"wp-block-heading\">Fascinaci\u00f3n por Italia<\/h2>\n\n\n\n<p>Desde 1928, las peregrinaciones pacientes y apasionadas de <strong>Eug\u00e8ne Berman<\/strong> por Italia, cada viaje le revelaba una nueva regi\u00f3n, un paisaje, un color local. <strong>Fue el descubrimiento de Rafael y los<\/strong> <a href=\"https:\/\/www.aparences.net\/es\/periodos\/el-quattrocento\/\" type=\"category\" id=\"2696\">maestros del Quattrocento<\/a>, la fascinaci\u00f3n por los paisajes italianos y los lejanos pueblos costeros, una etapa evocaban tambi\u00e9n los dibujos arquitect\u00f3nicos de Bramante y Luciano Laurana, los cuadros de Fra Carnevale <strong>o la pintura en claroscuro del siglo XVIII<\/strong>. En 1931 y 1932, dibuj\u00f3 las calles y plazas de Venecia y escenas a orillas del Brenta. Ampli\u00f3 y aclar\u00f3 su paleta, dotando a sus paisajes venecianos de una <strong>riqueza decorativa que recordaba a<\/strong> <a href=\"https:\/\/www.aparences.net\/es\/escuelas\/la-pintura-veneciana\/paolo-veronese-2\/\" type=\"post\" id=\"13182\">Veronese<\/a>, <strong>Tiepolo<\/strong> y <strong>Guardi<\/strong>. En 1935, pas\u00f3 el verano en Sicilia y en la campi\u00f1a de la bah\u00eda de N\u00e1poles, con un nuevo registro en su pintura <strong>influenciada por<\/strong> <a href=\"https:\/\/www.aparences.net\/es\/arte-y-mecenazgo\/los-gonzaga-de-mantua\/andrea-mantegna-pintor-de-corte\/\" type=\"post\" id=\"13276\">Mantegna<\/a>, <a href=\"https:\/\/www.aparences.net\/es\/periodos\/rococo\/hubert-robert-pintor-de-ruinas\/\" type=\"post\" id=\"32841\">Hubert Robert<\/a>, <strong>Canaletto<\/strong> y <strong>Panini<\/strong>.<\/p>\n\n\n<div class=\"wp-block-image\">\n<figure class=\"aligncenter size-full\"><img loading=\"lazy\" decoding=\"async\" width=\"363\" height=\"460\" src=\"https:\/\/www.aparences.net\/wp-content\/uploads\/2026\/02\/eugene-berman-nobilissima-visione-1941.webp\" alt=\"Nobilissima visione, 1941, Eug\u00e8ne Berman,\" class=\"wp-image-33772\" title=\"Nobilissima visione, 1941, Eug\u00e8ne Berman,\"\/><figcaption class=\"wp-element-caption\"><em><strong>Nobilissima visione<\/strong>, 1941, Eug\u00e8ne Berman, Colecci\u00f3n privada.<\/em><\/figcaption><\/figure>\n<\/div>\n\n<div class=\"wp-block-image\">\n<figure class=\"aligncenter size-full\"><img loading=\"lazy\" decoding=\"async\" width=\"608\" height=\"451\" src=\"https:\/\/www.aparences.net\/wp-content\/uploads\/2026\/02\/eugene-berman-orage-sur-cefalu-1937.webp\" alt=\"Tormenta sobre Cefal\u00fa, 1937, Eug\u00e8ne Berman\" class=\"wp-image-33770\" title=\"Tormenta sobre Cefal\u00fa, 1937, Eug\u00e8ne Berman\"\/><figcaption class=\"wp-element-caption\"><em><strong>Tormenta sobre Cefal\u00fa<\/strong>, 1937, Eug\u00e8ne Berman, Colecci\u00f3n privada.<\/em><\/figcaption><\/figure>\n<\/div>\n\n<div class=\"wp-block-image\">\n<figure class=\"aligncenter size-full\"><img loading=\"lazy\" decoding=\"async\" width=\"382\" height=\"460\" src=\"https:\/\/www.aparences.net\/wp-content\/uploads\/2026\/03\/eugene-berman-hommage-a-bernini-1940.jpg\" alt=\"Homenaje a Lorenzo Bernini, 1940, Eug\u00e8ne Berman\" class=\"wp-image-33793\" title=\"Homenaje a Lorenzo Bernini, 1940, Eug\u00e8ne Berman\"\/><figcaption class=\"wp-element-caption\"><em><strong>Homenaje a Lorenzo Bernini<\/strong>, 1940, Eug\u00e8ne Berman, Colecci\u00f3n particular.<\/em><\/figcaption><\/figure>\n<\/div>\n\n\n<p><strong>El cr\u00edtico de arte franc\u00e9s Waldemar-George destaca<\/strong> c\u00f3mo la Italia de Berman es, desde sus inicios, tanto un objeto de observaci\u00f3n directa como una mezcla de sue\u00f1o y realidad, de anotaciones y citas, de recreaciones y desviaciones imaginarias.<\/p>\n\n\n\n<h2 class=\"wp-block-heading\">Eug\u00e8ne Berman y el mundo del teatro<\/h2>\n\n\n\n<p>El primer viaje de <strong>Eug\u00e8ne Berman<\/strong> a Nueva York en 1935 supuso un notable avance en su carrera: \u00abApenas llegu\u00e9 a Nueva York \u2014recordaba en 1958\u2014, me llevaron a visitar el <strong>Museo de Hartford<\/strong> durante mi primer fin de semana y a conocer al hombre casi legendario que presid\u00eda el destino de la entidad: <strong>Chick Austin<\/strong>. Nada m\u00e1s llegar a Hartford, le encarg\u00f3 la escenograf\u00eda de un concierto en el marco de un festival, antes de asociarlo con el pintor y coreogr\u00e1fo <a href=\"https:\/\/www.aparences.net\/es\/periodos\/neorromanticismo\/pavel-tchelitchew\/\" type=\"post\" id=\"33828\">Pavel Tchelichew<\/a> en la puesta en escena del baile que se celebrar\u00eda en el atrio del museo. A\u00f1os m\u00e1s tarde, Berman evocaba con emoci\u00f3n lo que ser\u00eda su primer paso en el mundo del teatro y el punto de partida de una prol\u00edfica carrera.<\/p>\n\n\n<div class=\"wp-block-image\">\n<figure class=\"aligncenter size-full\"><img loading=\"lazy\" decoding=\"async\" width=\"608\" height=\"389\" src=\"https:\/\/www.aparences.net\/wp-content\/uploads\/2026\/02\/eugene-berman-decor-ballets-russes-1939.webp\" alt=\"Escenograf\u00eda para los Ballets Rusos, 1939, Eug\u00e8ne Berman\" class=\"wp-image-33774\" title=\"Escenograf\u00eda para los Ballets Rusos, 1939, Eug\u00e8ne Berman\"\/><figcaption class=\"wp-element-caption\"><em><strong>Escenograf\u00eda para los Ballets Rusos<\/strong>, 1939, Eug\u00e8ne Berman, <br>Nueva York, Colecci\u00f3n particular.<\/em><\/figcaption><\/figure>\n<\/div>\n\n\n<p>A partir de 1937, <strong>las creaciones de Eug\u00e8ne Berman para la danza y el teatro<\/strong> se sucedieron a un ritmo sostenido, tanto en Europa como en Estados Unidos. Trabaj\u00f3 para compa\u00f1\u00edas privadas como los Ballets Rusos de Montecarlo, as\u00ed como para las instituciones m\u00e1s importantes: el Sadler&#8217;s Wells Ballet de Londres y el Metropolitan Opera de Nueva York. Berman sigui\u00f3 dise\u00f1ando decorados de teatro para el Metropolitan hasta finales de la d\u00e9cada de 1950, y para Stravinsky hasta 1966. Al mismo tiempo, sus pinturas siguieron gozando de un gran reconocimiento en varias exposiciones colectivas, as\u00ed como en una exposici\u00f3n individual en el Art Institute de Chicago.<\/p>\n\n\n<div class=\"wp-block-image\">\n<figure class=\"aligncenter size-full\"><img loading=\"lazy\" decoding=\"async\" width=\"366\" height=\"460\" src=\"https:\/\/www.aparences.net\/wp-content\/uploads\/2026\/02\/eugene-berman-romeo-and-juliet-1943.webp\" alt=\"Romeo y Julieta, 1943, Eug\u00e8ne Berman\" class=\"wp-image-33776\" title=\"Romeo y Julieta, 1943, Eug\u00e8ne Berman\"\/><figcaption class=\"wp-element-caption\"><em><strong>Romeo y Julieta<\/strong>, 1943, Eug\u00e8ne Berman, <br>Colecci\u00f3n particular.<\/em><\/figcaption><\/figure>\n<\/div>\n\n\n<!-- AfterArticle2023 --><ins class=\"adsbygoogle\"     style=\"display:block;margin-bottom:5px;\"     data-ad-client=\"ca-pub-2468002815867636\"     data-ad-slot=\"3955176166\"     data-ad-format=\"auto\"     data-full-width-responsive=\"true\"><\/ins><script> (adsbygoogle = window.adsbygoogle || []).push({});<\/script><h2 class=\"wp-block-heading\">Berman: \u00daltima \u00e9poca<\/h2>\n\n\n\n<p>El \u00e9xito de <strong>Eugene Berman como decorador no disminuy\u00f3 su pasi\u00f3n por la pintura<\/strong>. Pas\u00f3 gran parte de su tiempo viajando por Europa y Estados Unidos, desarrollando una afinidad especial por California y el suroeste. Se instal\u00f3 en Hollywood, a principios de la d\u00e9cada de 1940. En 1947, <strong>Berman recibi\u00f3 una beca Guggenheim<\/strong> para realizar un viaje por el suroeste, donde estudi\u00f3 los paisajes des\u00e9rticos. Descubri\u00f3 una fuerte correlaci\u00f3n entre los paisajes vastos y a menudo desnudos que pintaba a partir de su imaginaci\u00f3n y las tierras llanas y \u00e1ridas de Arizona y Nuevo M\u00e9xico. Frente a las desoladas <strong>llanuras, que contrastaban con la suavidad de los paisajes italianos <\/strong>que hab\u00eda pintado a\u00f1os atr\u00e1s, aparecieron figuras imponentes, como absorbidas por las infinitas inmensidades que se abr\u00edan ante ellas; personajes que dan la espalda al espectador o que se recortan sobre un fondo de tierra \u00e1rida, mostrando sus pesadas masas de cabellos y opulentas vestimentas.<\/p>\n\n\n<div class=\"wp-block-image\">\n<figure class=\"aligncenter size-full\"><img loading=\"lazy\" decoding=\"async\" width=\"355\" height=\"460\" src=\"https:\/\/www.aparences.net\/wp-content\/uploads\/2026\/02\/eugene-berman-sunset-medusa-1945.webp\" alt=\"Sunset Medusa, 1945, Eug\u00e8ne Berman\" class=\"wp-image-33780\" title=\"Sunset Medusa, 1945, Eug\u00e8ne Berman\"\/><figcaption class=\"wp-element-caption\"><em><strong>Sunset Medusa<\/strong>, 1945, Eug\u00e8ne Berman, <br>Colecci\u00f3n privada.<\/em><\/figcaption><\/figure>\n<\/div>\n\n\n<p><strong>La soledad y el aislamiento que Eug\u00e8ne Berman<\/strong> quer\u00eda expresar en sus obras, se extend\u00edan ante sus ojos en el \u00e1rido suroeste de tierras rojizas. Combinaba estudios de paisajes realizados en el marco de su beca Guggenheim con la teatralidad de Hollywood para <strong>crear nuevos escenarios sobre el materialismo, la fama y las diferencias sociales<\/strong> en la prosperidad de la posguerra. <strong>Conserv\u00f3 su elemento caracter\u00edstico<\/strong>, <a href=\"https:\/\/www.aparences.net\/es\/periodos\/neorromanticismo\/el-neorromanticismo\/\" type=\"post\" id=\"33736\">el neorromanticismo<\/a>, que <strong>lo distingu\u00eda de muchos de sus contempor\u00e1neos que trabajaban con el<\/strong> <a href=\"https:\/\/www.aparences.net\/es\/periodos\/arte-moderno\/cubismo\/\" type=\"post\" id=\"13338\">cubismo<\/a> <strong>y el<\/strong> <a href=\"https:\/\/www.aparences.net\/es\/periodos\/arte-moderno\/futurismo\/\" type=\"post\" id=\"13336\">futurismo<\/a>. Varias de las pinturas fruto de su viaje al suroeste se presentaron en una exposici\u00f3n en la Knoedler Gallery de Nueva York.<\/p>\n\n\n<div class=\"wp-block-image\">\n<figure class=\"aligncenter size-full\"><img loading=\"lazy\" decoding=\"async\" width=\"608\" height=\"435\" src=\"https:\/\/www.aparences.net\/wp-content\/uploads\/2026\/02\/eugene-berman-view-in-perspective-1941.webp\" alt=\"View in Perspective of a Perfect Sunset, 1941, Eug\u00e8ne Berman\" class=\"wp-image-33786\" title=\"View in Perspective of a Perfect Sunset, 1941, Eug\u00e8ne Berman\"\/><figcaption class=\"wp-element-caption\"><em><strong>View in Perspective<\/strong> of a Perfect Sunset, 1941, Eug\u00e8ne Berman, Colecci\u00f3n privada.<\/em><\/figcaption><\/figure>\n<\/div>\n\n\n<p>El 1949, <strong>Eug\u00e8ne Berman<\/strong> se cas\u00f3 con la actriz <strong>Ona Munson<\/strong>, <strong>famosa por su interpretaci\u00f3n de Belle Watling<\/strong> en <em>Lo que el viento se llev\u00f3<\/em> y se fueron a M\u00e9xico. All\u00ed continu\u00f3 pintando inspir\u00e1ndose en el suroeste americano, al tiempo que manten\u00eda la continuidad visual de las ruinas grecorromanas. Luego viajaron a Italia (1950) y Berman pudo ver algunas de sus pinturas expuestas en galer\u00edas junto a obras de Salvador Dal\u00ed y Marcel Duchamp.<\/p>\n\n\n<div class=\"wp-block-image\">\n<figure class=\"aligncenter size-full\"><img loading=\"lazy\" decoding=\"async\" width=\"376\" height=\"460\" src=\"https:\/\/www.aparences.net\/wp-content\/uploads\/2026\/02\/eugene-berman-luna-mexicana-1949.webp\" alt=\"View in Perspective of a Perfect Sunset, 1941, Eug\u00e8ne Berman\" class=\"wp-image-33784\" title=\"View in Perspective of a Perfect Sunset, 1941, Eug\u00e8ne Berman\"\/><figcaption class=\"wp-element-caption\"><em><strong>View in Perspective<\/strong> of a Perfect Sunset, 1941, <br>Eug\u00e8ne Berman, Colecci\u00f3n privada.<\/em><\/figcaption><\/figure>\n<\/div>\n\n\n<p>El final de la vida y la carrera de Berman puede caracterizarse tanto por el \u00e9xito como por la tristeza. De vuelta en Estados Unidos, continu\u00f3 con su trabajo de dise\u00f1ador de decorados teatrales y pintor. En 1955, Ona Munson se suicid\u00f3 en el apartamento de la pareja en Nueva York. La p\u00e9rdida de su esposa devast\u00f3 a Berman, que estaba <strong>publicando un libro de dibujos y relatos sobre su estancia en Italia<\/strong>. Una vez publicado <em>Imaginary Promenades in Italy<\/em>, Berman abandon\u00f3 Estados Unidos para instalarse definitivamente en Roma. En 1962 fue elegido miembro de la Academia Americana de las Artes y las Letras. Posteriormente, solo regres\u00f3 a Estados Unidos para renovar su ciudadan\u00eda o para dise\u00f1ar la escenograf\u00eda de <em>Renard<\/em> \u00f3pera-ballet de c\u00e1mara de Stravinsky. Berman pas\u00f3 los \u00faltimos a\u00f1os de su vida viajando por Egipto y Libia. Falleci\u00f3 en Roma en 1972. <strong>El estilo de Eug\u00e8ne Berman<\/strong> abri\u00f3 el camino al p\u00fablico moderno para reflexionar sobre la condici\u00f3n humana.<\/p>\n\n\n\n<p><\/p>\n\n\n\n<h4 class=\"wp-block-heading\">Bibliograf\u00eda<\/h4>\n\n\n\n<ul class=\"wp-block-list\">\n<li>Patrick Mauri\u00e8s. <em>N\u00e9o-Romantiques. Un moment oubli\u00e9 de l\u2019art moderne.<\/em> Flammarion, 2023<\/li>\n\n\n\n<li>Collectif. <em>Neo-Romantic Master Works.<\/em> New York, Gallery of Surrealism, 2005<\/li>\n\n\n\n<li>Eug\u00e8ne Berman. <em>Imaginary Promenades in Italy.<\/em> Pantheon Books, 1956<\/li>\n\n\n\n<li>James Thrall Soby. <em>After Picasso.<\/em> New York, Dodd &amp; Mead, 1935<\/li>\n<\/ul>\n\n\n\n<p><\/p>\n","protected":false},"excerpt":{"rendered":"<p>El neorromanticismo de Eug\u00e8ne Berman A trav\u00e9s de una mirada impregnada de tristeza mitigada por la fantas\u00eda, Eug\u00e8ne Berman nos hace descubrir el universo pict\u00f3rico [&#8230;]<\/p>\n","protected":false},"author":2,"featured_media":33834,"comment_status":"closed","ping_status":"closed","sticky":false,"template":"","format":"standard","meta":{"footnotes":""},"categories":[6344],"tags":[],"class_list":["post-33787","post","type-post","status-publish","format-standard","has-post-thumbnail","hentry","category-neorromanticismo"],"yoast_head":"<!-- This site is optimized with the Yoast SEO plugin v27.2 - https:\/\/yoast.com\/product\/yoast-seo-wordpress\/ -->\n<title>Eug\u00e8ne Berman<\/title>\n<meta name=\"description\" content=\"El neorromanticismo de Eug\u00e8ne Berman A trav\u00e9s de una mirada impregnada de tristeza mitigada por la fantas\u00eda, Eug\u00e8ne Berman nos hace descubrir el universo\" \/>\n<meta name=\"robots\" content=\"index, follow, max-snippet:-1, max-image-preview:large, max-video-preview:-1\" \/>\n<link rel=\"canonical\" href=\"https:\/\/www.aparences.net\/es\/periodos\/neorromanticismo\/eugene-berman\/\" \/>\n<meta property=\"og:locale\" content=\"es_ES\" \/>\n<meta property=\"og:type\" content=\"article\" \/>\n<meta property=\"og:title\" content=\"Eug\u00e8ne Berman\" \/>\n<meta property=\"og:description\" content=\"El neorromanticismo de Eug\u00e8ne Berman A trav\u00e9s de una mirada impregnada de tristeza mitigada por la fantas\u00eda, Eug\u00e8ne Berman nos hace descubrir el universo\" \/>\n<meta property=\"og:url\" content=\"https:\/\/www.aparences.net\/es\/periodos\/neorromanticismo\/eugene-berman\/\" \/>\n<meta property=\"og:site_name\" content=\"Aparences\" \/>\n<meta property=\"article:published_time\" content=\"2026-03-10T06:44:26+00:00\" \/>\n<meta property=\"article:modified_time\" content=\"2026-04-05T06:14:35+00:00\" \/>\n<meta property=\"og:image\" content=\"https:\/\/www.aparences.net\/wp-content\/uploads\/2026\/03\/eugene-berman-1.webp\" \/>\n\t<meta property=\"og:image:width\" content=\"1080\" \/>\n\t<meta property=\"og:image:height\" content=\"540\" \/>\n\t<meta property=\"og:image:type\" content=\"image\/webp\" \/>\n<meta name=\"author\" content=\"admin\" \/>\n<meta name=\"twitter:card\" content=\"summary_large_image\" \/>\n<meta name=\"twitter:label1\" content=\"Escrito por\" \/>\n\t<meta name=\"twitter:data1\" content=\"admin\" \/>\n\t<meta name=\"twitter:label2\" content=\"Tiempo de lectura\" \/>\n\t<meta name=\"twitter:data2\" content=\"11 minutos\" \/>\n<script type=\"application\/ld+json\" class=\"yoast-schema-graph\">{\"@context\":\"https:\/\/schema.org\",\"@graph\":[{\"@type\":\"Article\",\"@id\":\"https:\/\/www.aparences.net\/es\/periodos\/neorromanticismo\/eugene-berman\/#article\",\"isPartOf\":{\"@id\":\"https:\/\/www.aparences.net\/es\/periodos\/neorromanticismo\/eugene-berman\/\"},\"author\":{\"name\":\"admin\",\"@id\":\"https:\/\/www.aparences.net\/es\/#\/schema\/person\/af349f6ffc31b16c68963e61268afca5\"},\"headline\":\"Eug\u00e8ne Berman\",\"datePublished\":\"2026-03-10T06:44:26+00:00\",\"dateModified\":\"2026-04-05T06:14:35+00:00\",\"mainEntityOfPage\":{\"@id\":\"https:\/\/www.aparences.net\/es\/periodos\/neorromanticismo\/eugene-berman\/\"},\"wordCount\":1718,\"publisher\":{\"@id\":\"https:\/\/www.aparences.net\/es\/#organization\"},\"image\":{\"@id\":\"https:\/\/www.aparences.net\/es\/periodos\/neorromanticismo\/eugene-berman\/#primaryimage\"},\"thumbnailUrl\":\"https:\/\/www.aparences.net\/wp-content\/uploads\/2026\/03\/eugene-berman-1.webp\",\"articleSection\":[\"Neorromanticismo\"],\"inLanguage\":\"es\"},{\"@type\":[\"WebPage\",\"ItemPage\"],\"@id\":\"https:\/\/www.aparences.net\/es\/periodos\/neorromanticismo\/eugene-berman\/\",\"url\":\"https:\/\/www.aparences.net\/es\/periodos\/neorromanticismo\/eugene-berman\/\",\"name\":\"Eug\u00e8ne Berman\",\"isPartOf\":{\"@id\":\"https:\/\/www.aparences.net\/es\/#website\"},\"primaryImageOfPage\":{\"@id\":\"https:\/\/www.aparences.net\/es\/periodos\/neorromanticismo\/eugene-berman\/#primaryimage\"},\"image\":{\"@id\":\"https:\/\/www.aparences.net\/es\/periodos\/neorromanticismo\/eugene-berman\/#primaryimage\"},\"thumbnailUrl\":\"https:\/\/www.aparences.net\/wp-content\/uploads\/2026\/03\/eugene-berman-1.webp\",\"datePublished\":\"2026-03-10T06:44:26+00:00\",\"dateModified\":\"2026-04-05T06:14:35+00:00\",\"description\":\"El neorromanticismo de Eug\u00e8ne Berman A trav\u00e9s de una mirada impregnada de tristeza mitigada por la fantas\u00eda, Eug\u00e8ne Berman nos hace descubrir el universo\",\"breadcrumb\":{\"@id\":\"https:\/\/www.aparences.net\/es\/periodos\/neorromanticismo\/eugene-berman\/#breadcrumb\"},\"inLanguage\":\"es\",\"potentialAction\":[{\"@type\":\"ReadAction\",\"target\":[\"https:\/\/www.aparences.net\/es\/periodos\/neorromanticismo\/eugene-berman\/\"]}]},{\"@type\":\"ImageObject\",\"inLanguage\":\"es\",\"@id\":\"https:\/\/www.aparences.net\/es\/periodos\/neorromanticismo\/eugene-berman\/#primaryimage\",\"url\":\"https:\/\/www.aparences.net\/wp-content\/uploads\/2026\/03\/eugene-berman-1.webp\",\"contentUrl\":\"https:\/\/www.aparences.net\/wp-content\/uploads\/2026\/03\/eugene-berman-1.webp\",\"width\":1080,\"height\":540},{\"@type\":\"BreadcrumbList\",\"@id\":\"https:\/\/www.aparences.net\/es\/periodos\/neorromanticismo\/eugene-berman\/#breadcrumb\",\"itemListElement\":[{\"@type\":\"ListItem\",\"position\":1,\"name\":\"Portada\",\"item\":\"https:\/\/www.aparences.net\/es\/\"},{\"@type\":\"ListItem\",\"position\":2,\"name\":\"Eug\u00e8ne Berman\"}]},{\"@type\":\"WebSite\",\"@id\":\"https:\/\/www.aparences.net\/es\/#website\",\"url\":\"https:\/\/www.aparences.net\/es\/\",\"name\":\"Aparences: Historia del Arte y Actualidad Cultural\",\"description\":\"\",\"publisher\":{\"@id\":\"https:\/\/www.aparences.net\/es\/#organization\"},\"potentialAction\":[{\"@type\":\"SearchAction\",\"target\":{\"@type\":\"EntryPoint\",\"urlTemplate\":\"https:\/\/www.aparences.net\/es\/?s={search_term_string}\"},\"query-input\":{\"@type\":\"PropertyValueSpecification\",\"valueRequired\":true,\"valueName\":\"search_term_string\"}}],\"inLanguage\":\"es\"},{\"@type\":\"Organization\",\"@id\":\"https:\/\/www.aparences.net\/es\/#organization\",\"name\":\"Aparences: Historia del Arte y Actualidad Cultural\",\"url\":\"https:\/\/www.aparences.net\/es\/\",\"logo\":{\"@type\":\"ImageObject\",\"inLanguage\":\"es\",\"@id\":\"https:\/\/www.aparences.net\/es\/#\/schema\/logo\/image\/\",\"url\":\"https:\/\/www.aparences.net\/wp-content\/uploads\/2023\/09\/logo-quadrat-color-e1695915315229.png\",\"contentUrl\":\"https:\/\/www.aparences.net\/wp-content\/uploads\/2023\/09\/logo-quadrat-color-e1695915315229.png\",\"width\":120,\"height\":120,\"caption\":\"Aparences: Historia del Arte y Actualidad Cultural\"},\"image\":{\"@id\":\"https:\/\/www.aparences.net\/es\/#\/schema\/logo\/image\/\"}},{\"@type\":\"Person\",\"@id\":\"https:\/\/www.aparences.net\/es\/#\/schema\/person\/af349f6ffc31b16c68963e61268afca5\",\"name\":\"admin\",\"url\":\"https:\/\/www.aparences.net\/es\/author\/admin\/\"}]}<\/script>\n<!-- \/ Yoast SEO plugin. -->","yoast_head_json":{"title":"Eug\u00e8ne Berman","description":"El neorromanticismo de Eug\u00e8ne Berman A trav\u00e9s de una mirada impregnada de tristeza mitigada por la fantas\u00eda, Eug\u00e8ne Berman nos hace descubrir el universo","robots":{"index":"index","follow":"follow","max-snippet":"max-snippet:-1","max-image-preview":"max-image-preview:large","max-video-preview":"max-video-preview:-1"},"canonical":"https:\/\/www.aparences.net\/es\/periodos\/neorromanticismo\/eugene-berman\/","og_locale":"es_ES","og_type":"article","og_title":"Eug\u00e8ne Berman","og_description":"El neorromanticismo de Eug\u00e8ne Berman A trav\u00e9s de una mirada impregnada de tristeza mitigada por la fantas\u00eda, Eug\u00e8ne Berman nos hace descubrir el universo","og_url":"https:\/\/www.aparences.net\/es\/periodos\/neorromanticismo\/eugene-berman\/","og_site_name":"Aparences","article_published_time":"2026-03-10T06:44:26+00:00","article_modified_time":"2026-04-05T06:14:35+00:00","og_image":[{"width":1080,"height":540,"url":"https:\/\/www.aparences.net\/wp-content\/uploads\/2026\/03\/eugene-berman-1.webp","type":"image\/webp"}],"author":"admin","twitter_card":"summary_large_image","twitter_misc":{"Escrito por":"admin","Tiempo de lectura":"11 minutos"},"schema":{"@context":"https:\/\/schema.org","@graph":[{"@type":"Article","@id":"https:\/\/www.aparences.net\/es\/periodos\/neorromanticismo\/eugene-berman\/#article","isPartOf":{"@id":"https:\/\/www.aparences.net\/es\/periodos\/neorromanticismo\/eugene-berman\/"},"author":{"name":"admin","@id":"https:\/\/www.aparences.net\/es\/#\/schema\/person\/af349f6ffc31b16c68963e61268afca5"},"headline":"Eug\u00e8ne Berman","datePublished":"2026-03-10T06:44:26+00:00","dateModified":"2026-04-05T06:14:35+00:00","mainEntityOfPage":{"@id":"https:\/\/www.aparences.net\/es\/periodos\/neorromanticismo\/eugene-berman\/"},"wordCount":1718,"publisher":{"@id":"https:\/\/www.aparences.net\/es\/#organization"},"image":{"@id":"https:\/\/www.aparences.net\/es\/periodos\/neorromanticismo\/eugene-berman\/#primaryimage"},"thumbnailUrl":"https:\/\/www.aparences.net\/wp-content\/uploads\/2026\/03\/eugene-berman-1.webp","articleSection":["Neorromanticismo"],"inLanguage":"es"},{"@type":["WebPage","ItemPage"],"@id":"https:\/\/www.aparences.net\/es\/periodos\/neorromanticismo\/eugene-berman\/","url":"https:\/\/www.aparences.net\/es\/periodos\/neorromanticismo\/eugene-berman\/","name":"Eug\u00e8ne Berman","isPartOf":{"@id":"https:\/\/www.aparences.net\/es\/#website"},"primaryImageOfPage":{"@id":"https:\/\/www.aparences.net\/es\/periodos\/neorromanticismo\/eugene-berman\/#primaryimage"},"image":{"@id":"https:\/\/www.aparences.net\/es\/periodos\/neorromanticismo\/eugene-berman\/#primaryimage"},"thumbnailUrl":"https:\/\/www.aparences.net\/wp-content\/uploads\/2026\/03\/eugene-berman-1.webp","datePublished":"2026-03-10T06:44:26+00:00","dateModified":"2026-04-05T06:14:35+00:00","description":"El neorromanticismo de Eug\u00e8ne Berman A trav\u00e9s de una mirada impregnada de tristeza mitigada por la fantas\u00eda, Eug\u00e8ne Berman nos hace descubrir el universo","breadcrumb":{"@id":"https:\/\/www.aparences.net\/es\/periodos\/neorromanticismo\/eugene-berman\/#breadcrumb"},"inLanguage":"es","potentialAction":[{"@type":"ReadAction","target":["https:\/\/www.aparences.net\/es\/periodos\/neorromanticismo\/eugene-berman\/"]}]},{"@type":"ImageObject","inLanguage":"es","@id":"https:\/\/www.aparences.net\/es\/periodos\/neorromanticismo\/eugene-berman\/#primaryimage","url":"https:\/\/www.aparences.net\/wp-content\/uploads\/2026\/03\/eugene-berman-1.webp","contentUrl":"https:\/\/www.aparences.net\/wp-content\/uploads\/2026\/03\/eugene-berman-1.webp","width":1080,"height":540},{"@type":"BreadcrumbList","@id":"https:\/\/www.aparences.net\/es\/periodos\/neorromanticismo\/eugene-berman\/#breadcrumb","itemListElement":[{"@type":"ListItem","position":1,"name":"Portada","item":"https:\/\/www.aparences.net\/es\/"},{"@type":"ListItem","position":2,"name":"Eug\u00e8ne Berman"}]},{"@type":"WebSite","@id":"https:\/\/www.aparences.net\/es\/#website","url":"https:\/\/www.aparences.net\/es\/","name":"Aparences: Historia del Arte y Actualidad Cultural","description":"","publisher":{"@id":"https:\/\/www.aparences.net\/es\/#organization"},"potentialAction":[{"@type":"SearchAction","target":{"@type":"EntryPoint","urlTemplate":"https:\/\/www.aparences.net\/es\/?s={search_term_string}"},"query-input":{"@type":"PropertyValueSpecification","valueRequired":true,"valueName":"search_term_string"}}],"inLanguage":"es"},{"@type":"Organization","@id":"https:\/\/www.aparences.net\/es\/#organization","name":"Aparences: Historia del Arte y Actualidad Cultural","url":"https:\/\/www.aparences.net\/es\/","logo":{"@type":"ImageObject","inLanguage":"es","@id":"https:\/\/www.aparences.net\/es\/#\/schema\/logo\/image\/","url":"https:\/\/www.aparences.net\/wp-content\/uploads\/2023\/09\/logo-quadrat-color-e1695915315229.png","contentUrl":"https:\/\/www.aparences.net\/wp-content\/uploads\/2023\/09\/logo-quadrat-color-e1695915315229.png","width":120,"height":120,"caption":"Aparences: Historia del Arte y Actualidad Cultural"},"image":{"@id":"https:\/\/www.aparences.net\/es\/#\/schema\/logo\/image\/"}},{"@type":"Person","@id":"https:\/\/www.aparences.net\/es\/#\/schema\/person\/af349f6ffc31b16c68963e61268afca5","name":"admin","url":"https:\/\/www.aparences.net\/es\/author\/admin\/"}]}},"_links":{"self":[{"href":"https:\/\/www.aparences.net\/es\/wp-json\/wp\/v2\/posts\/33787","targetHints":{"allow":["GET"]}}],"collection":[{"href":"https:\/\/www.aparences.net\/es\/wp-json\/wp\/v2\/posts"}],"about":[{"href":"https:\/\/www.aparences.net\/es\/wp-json\/wp\/v2\/types\/post"}],"author":[{"embeddable":true,"href":"https:\/\/www.aparences.net\/es\/wp-json\/wp\/v2\/users\/2"}],"replies":[{"embeddable":true,"href":"https:\/\/www.aparences.net\/es\/wp-json\/wp\/v2\/comments?post=33787"}],"version-history":[{"count":0,"href":"https:\/\/www.aparences.net\/es\/wp-json\/wp\/v2\/posts\/33787\/revisions"}],"wp:featuredmedia":[{"embeddable":true,"href":"https:\/\/www.aparences.net\/es\/wp-json\/wp\/v2\/media\/33834"}],"wp:attachment":[{"href":"https:\/\/www.aparences.net\/es\/wp-json\/wp\/v2\/media?parent=33787"}],"wp:term":[{"taxonomy":"category","embeddable":true,"href":"https:\/\/www.aparences.net\/es\/wp-json\/wp\/v2\/categories?post=33787"},{"taxonomy":"post_tag","embeddable":true,"href":"https:\/\/www.aparences.net\/es\/wp-json\/wp\/v2\/tags?post=33787"}],"curies":[{"name":"wp","href":"https:\/\/api.w.org\/{rel}","templated":true}]}}