{"id":33936,"date":"2026-05-03T07:25:41","date_gmt":"2026-05-03T05:25:41","guid":{"rendered":"https:\/\/www.aparences.net\/?p=33936"},"modified":"2026-05-03T07:25:43","modified_gmt":"2026-05-03T05:25:43","slug":"sigmar-polke-biografia-y-obra","status":"publish","type":"post","link":"https:\/\/www.aparences.net\/es\/arte-contemporaneo\/realismo-capitalista\/sigmar-polke-biografia-y-obra\/","title":{"rendered":"Sigmar Polke: biograf\u00eda y obra"},"content":{"rendered":"<p><!--contents--><\/p>\n\n\n<h2 class=\"wp-block-heading\">El arte como mercanc\u00eda<\/h2>\n\n\n\n<p><strong>Sigmar Polke<\/strong> (1941-2010) artista multimedia, ten\u00eda la capacidad de mostrarse a la vez irreverente, alegre y mordaz. Desde la pintura hasta la fotograf\u00eda, pasando por el cine, las instalaciones y los grabados, la obra de Polke, que a menudo incorporaba materiales y t\u00e9cnicas no tradicionales, <strong>constitu\u00eda ante todo una cr\u00edtica del arte<\/strong> en s\u00ed mismo. A veces velados, a veces provocadores, los mensajes que transmite su obra plantean serias cuestiones sobre las convenciones est\u00e9ticas, pol\u00edticas y sociales. Para Polke, la producci\u00f3n art\u00edstica era siempre un di\u00e1logo entre \u00e9l mismo y el espectador, ofreciendo posibilidades de interpretaci\u00f3n pr\u00e1cticamente ilimitadas.<\/p>\n\n\n<div class=\"wp-block-image\">\n<figure class=\"aligncenter size-full\"><img loading=\"lazy\" decoding=\"async\" width=\"614\" height=\"460\" src=\"https:\/\/www.aparences.net\/wp-content\/uploads\/2026\/04\/sigmar-polke-jeux-denfants-1988.webp\" alt=\"Juegos de Ni\u00f1os, 1988, Sigmar Polke\" class=\"wp-image-33931\" title=\"Juegos de Ni\u00f1os, 1988, Sigmar Polke\"\/><figcaption class=\"wp-element-caption\"><em><strong>Juegos de Ni\u00f1os<\/strong>, 1988, Sigmar Polke, Par\u00eds, Centro Pompidou.<\/em><\/figcaption><\/figure>\n<\/div>\n\n\n<p>Junto con un grupo de artistas del que formaba parte <a href=\"https:\/\/www.aparences.net\/es\/arte-contemporaneo\/artistas-contemporaneos\/gerhard-richter-entre-fotografia-y-abstraccion\/\" type=\"post\" id=\"33547\">Gerhard Richter<\/a>, Polke, nacido en la Polonia comunista, acu\u00f1\u00f3 el t\u00e9rmino \u00abrealismo capitalista\u00bb, que designa, en t\u00e9rminos generales, el arte basado en la mercanc\u00eda. Adem\u00e1s, y m\u00e1s concretamente en el caso de la obra de Polke, el <a href=\"https:\/\/www.aparences.net\/es\/arte-contemporaneo\/realismo-capitalista\/el-realismo-capitalista-en-el-arte\/\" type=\"post\" id=\"33891\">Realismo capitalista<\/a> constituye no solo una cr\u00edtica al <a href=\"https:\/\/www.aparences.net\/es\/arte-contemporaneo\/movimientos\/pop-art-2\/\" type=\"post\" id=\"13633\">Pop art<\/a>, a la mercantilizaci\u00f3n del arte y al capitalismo en general, sino tambi\u00e9n al <a href=\"https:\/\/www.aparences.net\/es\/tematicos\/el-realismo-socialista\/\" type=\"post\" id=\"22253\">Realismo socialista<\/a> sovi\u00e9tico idealista y abiertamente nacionalista al que Polke estaba especialmente expuesto (y al que se opon\u00eda).<\/p>\n\n\n<div class=\"wp-block-image\">\n<figure class=\"aligncenter size-full\"><img loading=\"lazy\" decoding=\"async\" width=\"424\" height=\"460\" src=\"https:\/\/www.aparences.net\/wp-content\/uploads\/2026\/04\/sigmar-polke-alice-in-wunderland-1972.webp\" alt=\"Alicia en el pa\u00eds de las maravillas, 1972, Sigmar Polke\" class=\"wp-image-33913\"\/><figcaption class=\"wp-element-caption\"><em><strong>Alicia en el pa\u00eds de las Maravillas<\/strong>, 1972, Sigmar Polke, Colecci\u00f3n privada.<\/em><\/figcaption><\/figure>\n<\/div>\n\n\n<p>Sigmar Polke, artista de humor c\u00ednico, en lugar de limitarse a comentar la producci\u00f3n en masa y el consumo ostentoso, fue m\u00e1s all\u00e1. Con obras como <em><strong>Chocolate Painting<\/strong><\/em>, elimin\u00f3 los significantes, como las etiquetas con nombres de marcas, para <strong>ridiculizar los conceptos de individualidad y singularidad<\/strong>. De hecho, a pesar del comentario mordaz del Pop art y su cr\u00edtica a la homogeneidad consumista capitalista, obras como las latas de sopa Campbell de Andy Warhol, con sus etiquetas y su uniformidad, segu\u00edan vendi\u00e9ndose a precios exorbitantes. Los objetos de las obras pop de Polke est\u00e1n despojados de estos identificadores, lo que subraya hasta qu\u00e9 punto son en realidad banales.<\/p>\n\n\n<div class=\"wp-block-image\">\n<figure class=\"aligncenter size-full\"><img loading=\"lazy\" decoding=\"async\" width=\"512\" height=\"460\" src=\"https:\/\/www.aparences.net\/wp-content\/uploads\/2026\/04\/sigmar-polke-chocolate-painting-1964.webp\" alt=\"Chocolate Painting, 1964, Sigmar Polke\" class=\"wp-image-33915\" title=\"Chocolate Painting, 1964, Sigmar Polke\"\/><figcaption class=\"wp-element-caption\"><em><strong>Chocolate Painting<\/strong>, 1964, Sigmar Polke, Colecci\u00f3n privada.<\/em><\/figcaption><\/figure>\n<\/div>\n\n\n<p>En el centro de los experimentos de Polke se encontraba la voluntad de cuestionar pr\u00e1cticamente todas las convenciones del arte, a menudo de forma sorprendente e ingeniosa. Sus tendencias iconoclastas no se limitaban al contenido, sino que se extend\u00edan a los propios materiales de las obras, que sol\u00edan ser poco tradicionales. Desde uranio y polvo de meteorito, telas con estampados vivos y holl\u00edn, hasta papel de burbujas y patatas, como en <em><strong>Potato House<\/strong><\/em>, una estructura enrejada que <strong>juega con los c\u00f3digos visuales del<\/strong> <a href=\"https:\/\/www.aparences.net\/es\/arte-contemporaneo\/movimientos\/el-minimalismo\/\" type=\"post\" id=\"13701\">Minimalismo<\/a>. La odisea art\u00edstica de Polke le llev\u00f3, a \u00e9l y a su obra, hasta los l\u00edmites potenciales de la creaci\u00f3n.<\/p>\n\n\n<div class=\"wp-block-image\">\n<figure class=\"aligncenter size-full\"><img loading=\"lazy\" decoding=\"async\" width=\"681\" height=\"460\" src=\"https:\/\/www.aparences.net\/wp-content\/uploads\/2026\/04\/sigmar-polke-potato-house-1967.webp\" alt=\"Potato House, 1967, Sigmar Polke\" class=\"wp-image-33917\" title=\"Potato House, 1967, Sigmar Polke\"\/><figcaption class=\"wp-element-caption\"><em><strong>Potato House<\/strong>, 1967, Sigmar Polke, Colecci\u00f3n privada.<\/em><\/figcaption><\/figure>\n<\/div>\n\n\n<p>El tema de la apropiaci\u00f3n ocupaba un lugar central en la obra de Polke, quien cuestionaba las nociones de paternidad art\u00edstica, autenticidad y objetividad. Inspir\u00e1ndose en im\u00e1genes procedentes de obras modernistas convertidas en ic\u00f3nicas, como las pinturas de goteo de Jackson Pollock o los puntos Ben-Day de Roy Lichtenstein, Polke, al igual que Marcel Duchamp, se preguntaba qu\u00e9 constitu\u00eda la originalidad en un mundo en el que se ensalzaban las copias y en el que <strong>la homogeneidad del dise\u00f1o se hab\u00eda convertido en un signo de estatus social<\/strong>.<\/p>\n\n\n<div class=\"wp-block-image\">\n<figure class=\"aligncenter size-full\"><img loading=\"lazy\" decoding=\"async\" width=\"310\" height=\"456\" src=\"https:\/\/www.aparences.net\/wp-content\/uploads\/2026\/04\/sigmar-polke-preisvrgleich-2001.webp\" alt=\"Comparar precios, 2001, Sigmar Polke\" class=\"wp-image-33909\" title=\"Comparar precios, 2001, Sigmar Polke\"\/><figcaption class=\"wp-element-caption\"><em><strong>Comparar precios<\/strong>, 2001, Sigmar Polke, <br>Colecci\u00f3n privada.<\/em><\/figcaption><\/figure>\n<\/div>\n\n\n<!-- AdBoxRight2020 --><ins class=\"adsbygoogle\"     style=\"display:block; margin-top:30px;\"     data-ad-client=\"ca-pub-2468002815867636\"     data-ad-slot=\"3496014735\"     data-ad-format=\"auto\"     data-full-width-responsive=\"false\"><\/ins><script> (adsbygoogle = window.adsbygoogle || []).push({});<\/script><h2 class=\"wp-block-heading\">Primeros a\u00f1os<\/h2>\n\n\n\n<p><strong>Sigmar Polke<\/strong> naci\u00f3 en 1941 en Oels, una peque\u00f1a localidad de la Baja Silesia, en Polonia. Era el mayor de ocho hermanos y, aunque su padre era arquitecto, seg\u00fan el propio Polke, la familia dispon\u00eda de muy pocos recursos econ\u00f3micos. Nacido en plena Segunda Guerra Mundial, recuerda el \u00abtrauma\u00bb de la guerra, que \u00abmarc\u00f3 su infancia\u00bb. Polke hace referencia a su compromiso con el arte desde muy temprana edad: \u00abEmpec\u00e9 a dibujar desde muy peque\u00f1o y ten\u00eda un abuelo que se iniciaba en la fotograf\u00eda; fueron estas actividades las que constituyeron mi primer contacto con el arte\u00bb. Al igual que miles de otros alemanes que viv\u00edan en zonas disputadas de Polonia, la familia fue expulsada del pa\u00eds al final de la guerra y huy\u00f3 a Turingia, en Alemania Oriental. En 1953, cuando ten\u00eda 12 a\u00f1os, Polke logr\u00f3 cruzar la frontera de Alemania Oriental a Alemania Occidental, escapando as\u00ed de los angustiosos a\u00f1os de la posguerra en la Rep\u00fablica Democr\u00e1tica Alemana comunista.<\/p>\n\n\n<div class=\"wp-block-image\">\n<figure class=\"aligncenter size-full\"><img loading=\"lazy\" decoding=\"async\" width=\"374\" height=\"456\" src=\"https:\/\/www.aparences.net\/wp-content\/uploads\/2026\/04\/sigmar-polke-the-palm-panting-1964.webp\" alt=\"The Palm Painting, 1964, Sigmar Polke\" class=\"wp-image-33919\" title=\"The Palm Painting, 1964, Sigmar Polke\"\/><figcaption class=\"wp-element-caption\"><em><strong>The Palm Painting<\/strong>, 1964, Sigmar Polke, <br>Colecci\u00f3n privada.<\/em><\/figcaption><\/figure>\n<\/div>\n\n\n<p>En 1959, <strong>Sigmar Polke<\/strong> trabaj\u00f3 como aprendiz en un taller de vidrieras de D\u00fcsseldorf y, en 1961, se matricul\u00f3 en la Academia de Bellas Artes de esa ciudad, donde estudi\u00f3 hasta 1967. Entre <strong>sus profesores se encontraban Karl Otto Gotz y Joseph Beuys<\/strong>, quienes compart\u00edan un enfoque radical de la creaci\u00f3n art\u00edstica y que influir\u00edan profundamente en el joven Polke. El artista recordar\u00eda m\u00e1s tarde que Beuys, en particular, \u00abhab\u00eda roto la antigua estructura de la ense\u00f1anza e insuflado nueva vida al arte alem\u00e1n; por lo tanto, fue un periodo interesante para vivir\u00bb.<\/p>\n\n\n<div class=\"wp-block-image\">\n<figure class=\"aligncenter size-full\"><img loading=\"lazy\" decoding=\"async\" width=\"591\" height=\"460\" src=\"https:\/\/www.aparences.net\/wp-content\/uploads\/2026\/04\/sigmar-polke-kartoffelkoeppe-1964.webp\" alt=\"Cabezas de patata (Mao + LBJ), 1964, Sigmar Polke\" class=\"wp-image-33921\"\/><figcaption class=\"wp-element-caption\"><em><strong>Cabezas de patata<\/strong> (Mao + LBJ), 1964, Sigmar Polke, Colecci\u00f3n privada.<\/em><\/figcaption><\/figure>\n<\/div>\n\n\n<p>En 1963, mientras a\u00fan estudiaba en D\u00fcsseldorf, Polke cofund\u00f3 el movimiento Kapitalistischer Realismus (<a href=\"https:\/\/www.aparences.net\/es\/arte-contemporaneo\/realismo-capitalista\/el-realismo-capitalista-en-el-arte\/\" type=\"post\" id=\"33891\">Realismo capitalista<\/a>) junto con <a href=\"https:\/\/www.aparences.net\/es\/arte-contemporaneo\/artistas-contemporaneos\/gerhard-richter-entre-fotografia-y-abstraccion\/\" type=\"post\" id=\"33547\">Gerhard Richter<\/a> y <strong>Konrad Lueg<\/strong>. <strong>Concebido como una respuesta al Pop art<\/strong> y a lo que Polke consideraba el formalismo r\u00edgido del mundo del arte de la \u00e9poca, el movimiento parodiaba y criticaba las apariencias del capitalismo y del comunismo. El grupo organiz\u00f3 exposiciones, entre ellas una en una tienda de muebles, donde Polke y Richter se sentaron ellos mismos en el escaparate como si fueran obras de exposici\u00f3n. La primera exposici\u00f3n individual de Polke tuvo lugar en 1966 en la nueva e innovadora galer\u00eda de Ren\u00e9 Block en Berl\u00edn.<\/p>\n\n\n<div class=\"wp-block-image\">\n<figure class=\"aligncenter size-full\"><img loading=\"lazy\" decoding=\"async\" width=\"598\" height=\"460\" src=\"https:\/\/www.aparences.net\/wp-content\/uploads\/2026\/04\/sigmar-polke-kathreiners-morning-wood-1969\u201379.webp\" alt=\"Kathreiner\u2019s Morning Wood, 1969-79, Sigmar Polke\" class=\"wp-image-33923\" title=\"Kathreiner\u2019s Morning Wood, 1969-79, Sigmar Polke\"\/><figcaption class=\"wp-element-caption\"><em><strong>Kathreiner\u2019s Morning Wood<\/strong>, 1969-79, Sigmar Polke, Bilbao, Museo Guggenheim.<\/em><\/figcaption><\/figure>\n<\/div>\n\n\n<p>Tras la exposici\u00f3n, el joven artista se consolid\u00f3 r\u00e1pidamente en la escena art\u00edstica experimental alemana. Avatares en su vida personal como un matrimonio fallido, llevaron a Polke a iniciar una etapa itinerante en su carrera.<\/p>\n\n\n\n<h2 class=\"wp-block-heading\">Madurez art\u00edstica de Polke<\/h2>\n\n\n\n<p><strong>Sigmar Polke<\/strong> se embarca en un viaje en 1971 y <strong>recorre el mundo durante la mayor parte de la d\u00e9cada de los setenta<\/strong>, casi siempre en solitario. Sus andanzas le llevan a Par\u00eds, Pakist\u00e1n, Afganist\u00e1n, Sudam\u00e9rica y Estados Unidos. Lleva consigo una c\u00e1mara y realiza una serie de im\u00e1genes que documentan sus viajes, al tiempo que experimenta con diferentes t\u00e9cnicas de revelado e impresi\u00f3n fotogr\u00e1fica. Durante este periodo, tambi\u00e9n es conocido por haber experimentado con sustancias psicotr\u00f3picas, en particular el LSD y las setas alucin\u00f3genas, como parte de su proceso de creaci\u00f3n art\u00edstica. Cuando no estaba de viaje, Polke resid\u00eda en una comunidad de artistas llamada Gaspelshof, cerca de D\u00fcsseldorf. <\/p>\n\n\n<div class=\"wp-block-image\">\n<figure class=\"aligncenter size-full\"><img loading=\"lazy\" decoding=\"async\" width=\"699\" height=\"460\" src=\"https:\/\/www.aparences.net\/wp-content\/uploads\/2026\/04\/sigmar-polke-cameleonardo-da-willich-1979.webp\" alt=\"Cameleonardo da Willich, 1979, Sigmar Polke\" class=\"wp-image-33925\" title=\"Cameleonardo da Willich, 1979, Sigmar Polke\"\/><figcaption class=\"wp-element-caption\"><em><strong>Cameleonardo da Willich<\/strong>, 1979, Sigmar Polke, Par\u00eds, Centro Pompidou.<\/em><\/figcaption><\/figure>\n<\/div>\n\n\n<p>En 1977, Sigmar Polke obtuvo una plaza de profesor en la Academia de Bellas Artes de Hamburgo, en Alemania, que ocup\u00f3 hasta 1991. En 1978 se instal\u00f3 definitivamente en Colonia, donde vivi\u00f3 y trabaj\u00f3 hasta el final de su vida, salvo cuando estaba de viaje. En la d\u00e9cada de 1980, el arte de Polke adopt\u00f3 un tono m\u00e1s serio, alej\u00e1ndose del colorido Pop art y de las obras influenciadas por las drogas que hab\u00edan caracterizado sus inicios. A principios de la d\u00e9cada, viaj\u00f3 a Australia y al sudeste asi\u00e1tico, donde <strong>descubri\u00f3 diversos materiales no tradicionales<\/strong> que utiliz\u00f3 en sus obras. Por ejemplo, comenz\u00f3 a incorporar polvo de meteorito y ars\u00e9nico, que reaccionaban qu\u00edmicamente sobre el lienzo.<\/p>\n\n\n<div class=\"wp-block-image\">\n<figure class=\"aligncenter size-full\"><img loading=\"lazy\" decoding=\"async\" width=\"657\" height=\"460\" src=\"https:\/\/www.aparences.net\/wp-content\/uploads\/2026\/04\/sigmar-polke-ohne-titel-portratist-1979.webp\" alt=\"Ohne Titel (Portr\u00e4tist), 1979, Sigmar Polke\" class=\"wp-image-33927\" title=\"Ohne Titel (Portr\u00e4tist), 1979, Sigmar Polke\"\/><figcaption class=\"wp-element-caption\"><em><strong>Ohne Titel (Portr\u00e4tist)<\/strong>, 1979, Sigmar Polke, Colecci\u00f3n privada.<\/em><\/figcaption><\/figure>\n<\/div>\n\n\n<p>Tras huir de Alemania Oriental para refugiarse en el Oeste, Sigmar Polke siempre consider\u00f3 el capitalismo a la luz de su propia experiencia. Un d\u00eda declar\u00f3: \u00abCuando llegu\u00e9 al Oeste, vi muchas cosas por primera vez. No era precisamente el para\u00edso\u00bb. En 1978 pint\u00f3 el cuadro <em><strong>Dr. Bonn,<\/strong><\/em> que hace referencia a las recientes muertes de Andreas Baader y Jan-Carl Raspe, miembros de un famoso grupo terrorista alem\u00e1n de izquierda, el Baader-Meinhof. Un bur\u00f3crata sin rostro est\u00e1 sentado en su escritorio bajo la atenta mirada de los retratos de los indiv\u00edduos. Parece que intenta suicidarse, pero inevitablemente fracasar\u00e1 en su intento, ya que se apunta a la cabeza con una honda en lugar de una pistola. El bur\u00f3crata se llama Dr. Bonn, en referencia a la capital de Alemania Occidental de la \u00e9poca.<\/p>\n\n\n<div class=\"wp-block-image\">\n<figure class=\"aligncenter size-full\"><img loading=\"lazy\" decoding=\"async\" width=\"487\" height=\"460\" src=\"https:\/\/www.aparences.net\/wp-content\/uploads\/2026\/04\/sigmar-polke-dr-bonn-1978.webp\" alt=\"Dr. Bonn, 1978, Sigmar Polke\" class=\"wp-image-33929\" title=\"Dr. Bonn, 1978, Sigmar Polke\"\/><figcaption class=\"wp-element-caption\"><em><strong>Dr. Bonn<\/strong>, 1978, Sigmar Polke, Groninga, Museo de Groninga.<\/em><\/figcaption><\/figure>\n<\/div>\n\n\n<p>En el cuadro, Polke ha optado por presentar la escena sobre un rastro de pintura que ilumina la ilustraci\u00f3n a modo de haz, como si la obra intentara arrojar luz sobre la situaci\u00f3n. El fondo de tela de lana a cuadros, evoca el uniforme de un funcionario o bur\u00f3crata, sin\u00f3nimo de respetabilidad. La composici\u00f3n de Polke recuerda una caricatura subversiva que podr\u00eda encontrarse en un peri\u00f3dico, criticando la poco convincente versi\u00f3n del Gobierno seg\u00fan la cual los dos terroristas se habr\u00edan suicidado. Aqu\u00ed, Polke rechaza la rigidez vac\u00eda del lienzo blanco tradicional al tiempo que <strong>cuestiona la ortodoxia restrictiva tanto del mundo del arte como de los poderes gubernamentales<\/strong>.<\/p>\n\n\n\n<p>La d\u00e9cada de 1980 fue testigo de un importante renacimiento internacional de la pintura como medio art\u00edstico, y <strong>Sigmar Polke<\/strong> fue uno de sus principales impulsores, junto a su antiguo colaborador, <a href=\"https:\/\/www.aparences.net\/es\/arte-contemporaneo\/artistas-contemporaneos\/gerhard-richter-entre-fotografia-y-abstraccion\/\" type=\"post\" id=\"33547\">Gerhard Richter<\/a>. Fue en esa \u00e9poca cuando se cas\u00f3 con su segunda esposa, la escultora berlinesa Augustina von Nagel. En 1986 recibi\u00f3 el Le\u00f3n de Oro en la Bienal de Venecia.<\/p>\n\n\n<div class=\"wp-block-image\">\n<figure class=\"aligncenter size-full\"><img loading=\"lazy\" decoding=\"async\" width=\"654\" height=\"460\" src=\"https:\/\/www.aparences.net\/wp-content\/uploads\/2026\/04\/sigmar-polke-untitled-1983.webp\" alt=\"Sin t\u00edtulo, 1983, Sigmar Polke\" class=\"wp-image-33911\" title=\"Sin t\u00edtulo, 1983, Sigmar Polke\"\/><figcaption class=\"wp-element-caption\"><em><strong>Sin t\u00edtulo<\/strong>, 1983, Sigmar Polke, Colecci\u00f3n privada.<\/em><\/figcaption><\/figure>\n<\/div>\n\n\n<p>En 1988, se interes\u00f3 por las filosof\u00edas budistas; inspirado por sus viajes al Lejano Oriente, pero tambi\u00e9n por la decisi\u00f3n de su hija de convertirse al budismo. Polke sigui\u00f3 creando hasta su muerte en 2010, a menudo en colaboraci\u00f3n con su esposa, y experimentando sin cesar con nuevos materiales y soportes, en particular fotocopias y hologramas.<\/p>\n\n\n\n<!-- AdBoxLeft2023 --><ins class=\"adsbygoogle\" style=\"display:block\" data-ad-client=\"ca-pub-2468002815867636\" data-ad-slot=\"1318022963\" data-ad-format=\"auto\" data-full-width-responsive=\"true\"><\/ins><script> (adsbygoogle = window.adsbygoogle || []).push({});<\/script><h2 class=\"wp-block-heading\">El legado de Sigmar Polke<\/h2>\n\n\n\n<p>El estilo poco ortodoxo de Sigmar Polke tuvo una influencia significativa en un gran n\u00famero de j\u00f3venes artistas, la mayor\u00eda de los cuales saltaron a la fama en la d\u00e9cada de 1980, cuando Polke se encontraba en la cima de su carrera y hab\u00eda participado en varias exposiciones internacionales de primer orden. Entre la joven generaci\u00f3n de artistas que citan a Polke como fuente de inspiraci\u00f3n se encuentran la escultora <strong>Annette Messager<\/strong> y los artistas multimedia <strong>Peter Fischli<\/strong> y <strong>David Weiss<\/strong>, cuya obra se hace eco del antiautoritarismo de Polke y de su inter\u00e9s por los objetos y materiales cotidianos. M\u00e1s tarde, el papel determinante de Polke en el renacimiento de las pr\u00e1cticas pict\u00f3ricas le confiere una gran influencia entre pintores como <a href=\"https:\/\/www.aparences.net\/es\/arte-contemporaneo\/movimientos\/bad-painting-2\/#david-salle\" type=\"link\" id=\"https:\/\/www.aparences.net\/es\/arte-contemporaneo\/movimientos\/bad-painting-2\/#david-salle\">David Salle<\/a>, <a href=\"https:\/\/www.aparences.net\/es\/arte-contemporaneo\/movimientos\/bad-painting-2\/#julian-schnabel\" type=\"link\" id=\"https:\/\/www.aparences.net\/es\/arte-contemporaneo\/movimientos\/bad-painting-2\/#julian-schnabel\">Julian Schnabel<\/a> y <strong>Richard Prince<\/strong>.<\/p>\n\n\n\n<p><\/p>\n\n\n\n<h4 class=\"wp-block-heading\">Bibliograf\u00eda<\/h4>\n\n\n\n<ul class=\"wp-block-list\">\n<li>Collectif. <em>Sigmar Polke : Works on Paper 1963-1974<\/em>. Cat. Exposition, New York, MoMA, 1999<\/li>\n\n\n\n<li>Mark Fisher. <em>Le R\u00e9alisme capitaliste.<\/em> Entremonde, 2018<\/li>\n\n\n\n<li>Collectif. <em>Sigmar Polke : sous les pav\u00e9s, la terre.<\/em> Fondation Vincent Van Gogh Arles, 2025<\/li>\n\n\n\n<li>Moham Ratnman. <em>Anarchism and Gerhard Richter<\/em>. ChristieBooks, 2017<\/li>\n<\/ul>\n","protected":false},"excerpt":{"rendered":"<p>El arte como mercanc\u00eda Sigmar Polke (1941-2010) artista multimedia, ten\u00eda la capacidad de mostrarse a la vez irreverente, alegre y mordaz. Desde la pintura hasta [&#8230;]<\/p>\n","protected":false},"author":2,"featured_media":33935,"comment_status":"closed","ping_status":"closed","sticky":false,"template":"","format":"standard","meta":{"footnotes":""},"categories":[6350],"tags":[],"class_list":["post-33936","post","type-post","status-publish","format-standard","has-post-thumbnail","hentry","category-realismo-capitalista"],"yoast_head":"<!-- This site is optimized with the Yoast SEO plugin v27.2 - https:\/\/yoast.com\/product\/yoast-seo-wordpress\/ -->\n<title>Sigmar Polke: biograf\u00eda y obra<\/title>\n<meta name=\"description\" content=\"El arte como mercanc\u00eda Sigmar Polke (1941-2010) artista multimedia, ten\u00eda la capacidad de mostrarse a la vez irreverente, alegre y mordaz. Desde la Sigmar Polke acu\u00f1\u00f3 el t\u00e9rmino \u00abrealismo capitalista\u00bb, que designa el arte basado en la mercanc\u00eda.\" \/>\n<meta name=\"robots\" content=\"index, follow, max-snippet:-1, max-image-preview:large, max-video-preview:-1\" \/>\n<link rel=\"canonical\" href=\"https:\/\/www.aparences.net\/es\/arte-contemporaneo\/realismo-capitalista\/sigmar-polke-biografia-y-obra\/\" \/>\n<meta property=\"og:locale\" content=\"es_ES\" \/>\n<meta property=\"og:type\" content=\"article\" \/>\n<meta property=\"og:title\" content=\"Sigmar Polke: biograf\u00eda y obra\" \/>\n<meta property=\"og:description\" content=\"El arte como mercanc\u00eda Sigmar Polke (1941-2010) artista multimedia, ten\u00eda la capacidad de mostrarse a la vez irreverente, alegre y mordaz. Desde la Sigmar Polke acu\u00f1\u00f3 el t\u00e9rmino \u00abrealismo capitalista\u00bb, que designa el arte basado en la mercanc\u00eda.\" \/>\n<meta property=\"og:url\" content=\"https:\/\/www.aparences.net\/es\/arte-contemporaneo\/realismo-capitalista\/sigmar-polke-biografia-y-obra\/\" \/>\n<meta property=\"og:site_name\" content=\"Aparences\" \/>\n<meta property=\"article:published_time\" content=\"2026-05-03T05:25:41+00:00\" \/>\n<meta property=\"article:modified_time\" content=\"2026-05-03T05:25:43+00:00\" \/>\n<meta property=\"og:image\" content=\"https:\/\/www.aparences.net\/wp-content\/uploads\/2026\/04\/sigmar-polke.webp\" \/>\n\t<meta property=\"og:image:width\" content=\"1080\" \/>\n\t<meta property=\"og:image:height\" content=\"540\" \/>\n\t<meta property=\"og:image:type\" content=\"image\/webp\" \/>\n<meta name=\"author\" content=\"admin\" \/>\n<meta name=\"twitter:card\" content=\"summary_large_image\" \/>\n<meta name=\"twitter:label1\" content=\"Escrito por\" \/>\n\t<meta name=\"twitter:data1\" content=\"admin\" \/>\n\t<meta name=\"twitter:label2\" content=\"Tiempo de lectura\" \/>\n\t<meta name=\"twitter:data2\" content=\"11 minutos\" \/>\n<script type=\"application\/ld+json\" class=\"yoast-schema-graph\">{\"@context\":\"https:\/\/schema.org\",\"@graph\":[{\"@type\":\"Article\",\"@id\":\"https:\/\/www.aparences.net\/es\/arte-contemporaneo\/realismo-capitalista\/sigmar-polke-biografia-y-obra\/#article\",\"isPartOf\":{\"@id\":\"https:\/\/www.aparences.net\/es\/arte-contemporaneo\/realismo-capitalista\/sigmar-polke-biografia-y-obra\/\"},\"author\":{\"name\":\"admin\",\"@id\":\"https:\/\/www.aparences.net\/es\/#\/schema\/person\/af349f6ffc31b16c68963e61268afca5\"},\"headline\":\"Sigmar Polke: biograf\u00eda y obra\",\"datePublished\":\"2026-05-03T05:25:41+00:00\",\"dateModified\":\"2026-05-03T05:25:43+00:00\",\"mainEntityOfPage\":{\"@id\":\"https:\/\/www.aparences.net\/es\/arte-contemporaneo\/realismo-capitalista\/sigmar-polke-biografia-y-obra\/\"},\"wordCount\":1889,\"publisher\":{\"@id\":\"https:\/\/www.aparences.net\/es\/#organization\"},\"image\":{\"@id\":\"https:\/\/www.aparences.net\/es\/arte-contemporaneo\/realismo-capitalista\/sigmar-polke-biografia-y-obra\/#primaryimage\"},\"thumbnailUrl\":\"https:\/\/www.aparences.net\/wp-content\/uploads\/2026\/04\/sigmar-polke.webp\",\"articleSection\":[\"Realismo capitalista\"],\"inLanguage\":\"es\"},{\"@type\":[\"WebPage\",\"ItemPage\"],\"@id\":\"https:\/\/www.aparences.net\/es\/arte-contemporaneo\/realismo-capitalista\/sigmar-polke-biografia-y-obra\/\",\"url\":\"https:\/\/www.aparences.net\/es\/arte-contemporaneo\/realismo-capitalista\/sigmar-polke-biografia-y-obra\/\",\"name\":\"Sigmar Polke: biograf\u00eda y obra\",\"isPartOf\":{\"@id\":\"https:\/\/www.aparences.net\/es\/#website\"},\"primaryImageOfPage\":{\"@id\":\"https:\/\/www.aparences.net\/es\/arte-contemporaneo\/realismo-capitalista\/sigmar-polke-biografia-y-obra\/#primaryimage\"},\"image\":{\"@id\":\"https:\/\/www.aparences.net\/es\/arte-contemporaneo\/realismo-capitalista\/sigmar-polke-biografia-y-obra\/#primaryimage\"},\"thumbnailUrl\":\"https:\/\/www.aparences.net\/wp-content\/uploads\/2026\/04\/sigmar-polke.webp\",\"datePublished\":\"2026-05-03T05:25:41+00:00\",\"dateModified\":\"2026-05-03T05:25:43+00:00\",\"description\":\"El arte como mercanc\u00eda Sigmar Polke (1941-2010) artista multimedia, ten\u00eda la capacidad de mostrarse a la vez irreverente, alegre y mordaz. Desde la Sigmar Polke acu\u00f1\u00f3 el t\u00e9rmino \u00abrealismo capitalista\u00bb, que designa el arte basado en la mercanc\u00eda.\",\"breadcrumb\":{\"@id\":\"https:\/\/www.aparences.net\/es\/arte-contemporaneo\/realismo-capitalista\/sigmar-polke-biografia-y-obra\/#breadcrumb\"},\"inLanguage\":\"es\",\"potentialAction\":[{\"@type\":\"ReadAction\",\"target\":[\"https:\/\/www.aparences.net\/es\/arte-contemporaneo\/realismo-capitalista\/sigmar-polke-biografia-y-obra\/\"]}]},{\"@type\":\"ImageObject\",\"inLanguage\":\"es\",\"@id\":\"https:\/\/www.aparences.net\/es\/arte-contemporaneo\/realismo-capitalista\/sigmar-polke-biografia-y-obra\/#primaryimage\",\"url\":\"https:\/\/www.aparences.net\/wp-content\/uploads\/2026\/04\/sigmar-polke.webp\",\"contentUrl\":\"https:\/\/www.aparences.net\/wp-content\/uploads\/2026\/04\/sigmar-polke.webp\",\"width\":1080,\"height\":540},{\"@type\":\"BreadcrumbList\",\"@id\":\"https:\/\/www.aparences.net\/es\/arte-contemporaneo\/realismo-capitalista\/sigmar-polke-biografia-y-obra\/#breadcrumb\",\"itemListElement\":[{\"@type\":\"ListItem\",\"position\":1,\"name\":\"Portada\",\"item\":\"https:\/\/www.aparences.net\/es\/\"},{\"@type\":\"ListItem\",\"position\":2,\"name\":\"Sigmar Polke: biograf\u00eda y obra\"}]},{\"@type\":\"WebSite\",\"@id\":\"https:\/\/www.aparences.net\/es\/#website\",\"url\":\"https:\/\/www.aparences.net\/es\/\",\"name\":\"Aparences: Historia del Arte y Actualidad Cultural\",\"description\":\"\",\"publisher\":{\"@id\":\"https:\/\/www.aparences.net\/es\/#organization\"},\"potentialAction\":[{\"@type\":\"SearchAction\",\"target\":{\"@type\":\"EntryPoint\",\"urlTemplate\":\"https:\/\/www.aparences.net\/es\/?s={search_term_string}\"},\"query-input\":{\"@type\":\"PropertyValueSpecification\",\"valueRequired\":true,\"valueName\":\"search_term_string\"}}],\"inLanguage\":\"es\"},{\"@type\":\"Organization\",\"@id\":\"https:\/\/www.aparences.net\/es\/#organization\",\"name\":\"Aparences: Historia del Arte y Actualidad Cultural\",\"url\":\"https:\/\/www.aparences.net\/es\/\",\"logo\":{\"@type\":\"ImageObject\",\"inLanguage\":\"es\",\"@id\":\"https:\/\/www.aparences.net\/es\/#\/schema\/logo\/image\/\",\"url\":\"https:\/\/www.aparences.net\/wp-content\/uploads\/2023\/09\/logo-quadrat-color-e1695915315229.png\",\"contentUrl\":\"https:\/\/www.aparences.net\/wp-content\/uploads\/2023\/09\/logo-quadrat-color-e1695915315229.png\",\"width\":120,\"height\":120,\"caption\":\"Aparences: Historia del Arte y Actualidad Cultural\"},\"image\":{\"@id\":\"https:\/\/www.aparences.net\/es\/#\/schema\/logo\/image\/\"}},{\"@type\":\"Person\",\"@id\":\"https:\/\/www.aparences.net\/es\/#\/schema\/person\/af349f6ffc31b16c68963e61268afca5\",\"name\":\"admin\",\"url\":\"https:\/\/www.aparences.net\/es\/author\/admin\/\"}]}<\/script>\n<!-- \/ Yoast SEO plugin. -->","yoast_head_json":{"title":"Sigmar Polke: biograf\u00eda y obra","description":"El arte como mercanc\u00eda Sigmar Polke (1941-2010) artista multimedia, ten\u00eda la capacidad de mostrarse a la vez irreverente, alegre y mordaz. Desde la Sigmar Polke acu\u00f1\u00f3 el t\u00e9rmino \u00abrealismo capitalista\u00bb, que designa el arte basado en la mercanc\u00eda.","robots":{"index":"index","follow":"follow","max-snippet":"max-snippet:-1","max-image-preview":"max-image-preview:large","max-video-preview":"max-video-preview:-1"},"canonical":"https:\/\/www.aparences.net\/es\/arte-contemporaneo\/realismo-capitalista\/sigmar-polke-biografia-y-obra\/","og_locale":"es_ES","og_type":"article","og_title":"Sigmar Polke: biograf\u00eda y obra","og_description":"El arte como mercanc\u00eda Sigmar Polke (1941-2010) artista multimedia, ten\u00eda la capacidad de mostrarse a la vez irreverente, alegre y mordaz. Desde la Sigmar Polke acu\u00f1\u00f3 el t\u00e9rmino \u00abrealismo capitalista\u00bb, que designa el arte basado en la mercanc\u00eda.","og_url":"https:\/\/www.aparences.net\/es\/arte-contemporaneo\/realismo-capitalista\/sigmar-polke-biografia-y-obra\/","og_site_name":"Aparences","article_published_time":"2026-05-03T05:25:41+00:00","article_modified_time":"2026-05-03T05:25:43+00:00","og_image":[{"width":1080,"height":540,"url":"https:\/\/www.aparences.net\/wp-content\/uploads\/2026\/04\/sigmar-polke.webp","type":"image\/webp"}],"author":"admin","twitter_card":"summary_large_image","twitter_misc":{"Escrito por":"admin","Tiempo de lectura":"11 minutos"},"schema":{"@context":"https:\/\/schema.org","@graph":[{"@type":"Article","@id":"https:\/\/www.aparences.net\/es\/arte-contemporaneo\/realismo-capitalista\/sigmar-polke-biografia-y-obra\/#article","isPartOf":{"@id":"https:\/\/www.aparences.net\/es\/arte-contemporaneo\/realismo-capitalista\/sigmar-polke-biografia-y-obra\/"},"author":{"name":"admin","@id":"https:\/\/www.aparences.net\/es\/#\/schema\/person\/af349f6ffc31b16c68963e61268afca5"},"headline":"Sigmar Polke: biograf\u00eda y obra","datePublished":"2026-05-03T05:25:41+00:00","dateModified":"2026-05-03T05:25:43+00:00","mainEntityOfPage":{"@id":"https:\/\/www.aparences.net\/es\/arte-contemporaneo\/realismo-capitalista\/sigmar-polke-biografia-y-obra\/"},"wordCount":1889,"publisher":{"@id":"https:\/\/www.aparences.net\/es\/#organization"},"image":{"@id":"https:\/\/www.aparences.net\/es\/arte-contemporaneo\/realismo-capitalista\/sigmar-polke-biografia-y-obra\/#primaryimage"},"thumbnailUrl":"https:\/\/www.aparences.net\/wp-content\/uploads\/2026\/04\/sigmar-polke.webp","articleSection":["Realismo capitalista"],"inLanguage":"es"},{"@type":["WebPage","ItemPage"],"@id":"https:\/\/www.aparences.net\/es\/arte-contemporaneo\/realismo-capitalista\/sigmar-polke-biografia-y-obra\/","url":"https:\/\/www.aparences.net\/es\/arte-contemporaneo\/realismo-capitalista\/sigmar-polke-biografia-y-obra\/","name":"Sigmar Polke: biograf\u00eda y obra","isPartOf":{"@id":"https:\/\/www.aparences.net\/es\/#website"},"primaryImageOfPage":{"@id":"https:\/\/www.aparences.net\/es\/arte-contemporaneo\/realismo-capitalista\/sigmar-polke-biografia-y-obra\/#primaryimage"},"image":{"@id":"https:\/\/www.aparences.net\/es\/arte-contemporaneo\/realismo-capitalista\/sigmar-polke-biografia-y-obra\/#primaryimage"},"thumbnailUrl":"https:\/\/www.aparences.net\/wp-content\/uploads\/2026\/04\/sigmar-polke.webp","datePublished":"2026-05-03T05:25:41+00:00","dateModified":"2026-05-03T05:25:43+00:00","description":"El arte como mercanc\u00eda Sigmar Polke (1941-2010) artista multimedia, ten\u00eda la capacidad de mostrarse a la vez irreverente, alegre y mordaz. Desde la Sigmar Polke acu\u00f1\u00f3 el t\u00e9rmino \u00abrealismo capitalista\u00bb, que designa el arte basado en la mercanc\u00eda.","breadcrumb":{"@id":"https:\/\/www.aparences.net\/es\/arte-contemporaneo\/realismo-capitalista\/sigmar-polke-biografia-y-obra\/#breadcrumb"},"inLanguage":"es","potentialAction":[{"@type":"ReadAction","target":["https:\/\/www.aparences.net\/es\/arte-contemporaneo\/realismo-capitalista\/sigmar-polke-biografia-y-obra\/"]}]},{"@type":"ImageObject","inLanguage":"es","@id":"https:\/\/www.aparences.net\/es\/arte-contemporaneo\/realismo-capitalista\/sigmar-polke-biografia-y-obra\/#primaryimage","url":"https:\/\/www.aparences.net\/wp-content\/uploads\/2026\/04\/sigmar-polke.webp","contentUrl":"https:\/\/www.aparences.net\/wp-content\/uploads\/2026\/04\/sigmar-polke.webp","width":1080,"height":540},{"@type":"BreadcrumbList","@id":"https:\/\/www.aparences.net\/es\/arte-contemporaneo\/realismo-capitalista\/sigmar-polke-biografia-y-obra\/#breadcrumb","itemListElement":[{"@type":"ListItem","position":1,"name":"Portada","item":"https:\/\/www.aparences.net\/es\/"},{"@type":"ListItem","position":2,"name":"Sigmar Polke: biograf\u00eda y obra"}]},{"@type":"WebSite","@id":"https:\/\/www.aparences.net\/es\/#website","url":"https:\/\/www.aparences.net\/es\/","name":"Aparences: Historia del Arte y Actualidad Cultural","description":"","publisher":{"@id":"https:\/\/www.aparences.net\/es\/#organization"},"potentialAction":[{"@type":"SearchAction","target":{"@type":"EntryPoint","urlTemplate":"https:\/\/www.aparences.net\/es\/?s={search_term_string}"},"query-input":{"@type":"PropertyValueSpecification","valueRequired":true,"valueName":"search_term_string"}}],"inLanguage":"es"},{"@type":"Organization","@id":"https:\/\/www.aparences.net\/es\/#organization","name":"Aparences: Historia del Arte y Actualidad Cultural","url":"https:\/\/www.aparences.net\/es\/","logo":{"@type":"ImageObject","inLanguage":"es","@id":"https:\/\/www.aparences.net\/es\/#\/schema\/logo\/image\/","url":"https:\/\/www.aparences.net\/wp-content\/uploads\/2023\/09\/logo-quadrat-color-e1695915315229.png","contentUrl":"https:\/\/www.aparences.net\/wp-content\/uploads\/2023\/09\/logo-quadrat-color-e1695915315229.png","width":120,"height":120,"caption":"Aparences: Historia del Arte y Actualidad Cultural"},"image":{"@id":"https:\/\/www.aparences.net\/es\/#\/schema\/logo\/image\/"}},{"@type":"Person","@id":"https:\/\/www.aparences.net\/es\/#\/schema\/person\/af349f6ffc31b16c68963e61268afca5","name":"admin","url":"https:\/\/www.aparences.net\/es\/author\/admin\/"}]}},"_links":{"self":[{"href":"https:\/\/www.aparences.net\/es\/wp-json\/wp\/v2\/posts\/33936","targetHints":{"allow":["GET"]}}],"collection":[{"href":"https:\/\/www.aparences.net\/es\/wp-json\/wp\/v2\/posts"}],"about":[{"href":"https:\/\/www.aparences.net\/es\/wp-json\/wp\/v2\/types\/post"}],"author":[{"embeddable":true,"href":"https:\/\/www.aparences.net\/es\/wp-json\/wp\/v2\/users\/2"}],"replies":[{"embeddable":true,"href":"https:\/\/www.aparences.net\/es\/wp-json\/wp\/v2\/comments?post=33936"}],"version-history":[{"count":0,"href":"https:\/\/www.aparences.net\/es\/wp-json\/wp\/v2\/posts\/33936\/revisions"}],"wp:featuredmedia":[{"embeddable":true,"href":"https:\/\/www.aparences.net\/es\/wp-json\/wp\/v2\/media\/33935"}],"wp:attachment":[{"href":"https:\/\/www.aparences.net\/es\/wp-json\/wp\/v2\/media?parent=33936"}],"wp:term":[{"taxonomy":"category","embeddable":true,"href":"https:\/\/www.aparences.net\/es\/wp-json\/wp\/v2\/categories?post=33936"},{"taxonomy":"post_tag","embeddable":true,"href":"https:\/\/www.aparences.net\/es\/wp-json\/wp\/v2\/tags?post=33936"}],"curies":[{"name":"wp","href":"https:\/\/api.w.org\/{rel}","templated":true}]}}