{"id":33945,"date":"2026-04-27T09:14:44","date_gmt":"2026-04-27T07:14:44","guid":{"rendered":"https:\/\/www.aparences.net\/?p=33945"},"modified":"2026-04-27T09:14:45","modified_gmt":"2026-04-27T07:14:45","slug":"matisse-1941-1954","status":"publish","type":"post","link":"https:\/\/www.aparences.net\/es\/actualidad\/matisse-1941-1954\/","title":{"rendered":"Matisse (1941-1954)"},"content":{"rendered":"\n<p>La exposici\u00f3n <em>Matisse (1941-1954)<\/em>, organizada en colaboraci\u00f3n con el Centro Pompidou y el Grand Palais, rinde homenaje a la \u00faltima d\u00e9cada creativa de Henri Matisse, desde su operaci\u00f3n en 1941 hasta su fallecimiento en 1954, un periodo reconocido por constituir una aut\u00e9ntica renovaci\u00f3n en su arte. <strong>Matisse inventa un nuevo lenguaje: el de las formas recortadas y el color puro<\/strong>.<\/p>\n\n\n<div class=\"wp-block-image\">\n<figure class=\"aligncenter size-full\"><img loading=\"lazy\" decoding=\"async\" width=\"355\" height=\"460\" src=\"https:\/\/www.aparences.net\/wp-content\/uploads\/2026\/04\/matisse-nu-bleu-1952.webp\" alt=\"\" class=\"wp-image-33940\"\/><figcaption class=\"wp-element-caption\"><em><strong>Nu bleu II<\/strong>, 1952, Par\u00eds, Centro Pompidou.<\/em><\/figcaption><\/figure>\n<\/div>\n\n\n<p><a href=\"https:\/\/www.aparences.net\/es\/periodos\/arte-moderno-anexos\/henri-matisse-pintor-del-color\/\" type=\"post\" id=\"24088\">Matisse<\/a> aprovecha este tiempo, que sabe que le es contado, para reinventarse y abrir un nuevo cap\u00edtulo de su obra. Movido por un sentimiento de urgencia, desarrolla un nuevo m\u00e9todo de trabajo, se embarca en proyectos monumentales y ampl\u00eda los l\u00edmites de la exploraci\u00f3n del dibujo y el color. Estos 13 a\u00f1os se caracterizan por una creatividad sin precedentes, llena de energ\u00eda, color y luz.<\/p>\n\n\n<div class=\"wp-block-image\">\n<figure class=\"aligncenter size-full\"><img loading=\"lazy\" decoding=\"async\" width=\"370\" height=\"460\" src=\"https:\/\/www.aparences.net\/wp-content\/uploads\/2026\/04\/matisse-danseuse-creole-1950.webp\" alt=\"\" class=\"wp-image-33942\"\/><figcaption class=\"wp-element-caption\"><em><strong>Danseuse cr\u00e9ole<\/strong>, 1950, Niza, Mus\u00e9e Matisse.<\/em><\/figcaption><\/figure>\n<\/div>\n\n\n<p>A modo de recorrido entre las paredes del taller del pintor y el esplendor de grandes decoraciones, la exposici\u00f3n del <a href=\"https:\/\/www.grandpalais.fr\/fr\/programme\/matisse-1941-1954\" type=\"link\" id=\"https:\/\/www.grandpalais.fr\/fr\/programme\/matisse-1941-1954\">Gran Palais<\/a> re\u00fane 300 obras \u2014cuadros, dibujos, libros ilustrados, proyectos decorativos, gouaches recortados\u2014 procedentes de las colecciones del Centro Pompidou, de colecciones privadas y de instituciones internacionales.<\/p>\n","protected":false},"excerpt":{"rendered":"<p>La exposici\u00f3n Matisse (1941-1954), organizada en colaboraci\u00f3n con el Centro Pompidou y el Grand Palais, rinde homenaje a la \u00faltima d\u00e9cada creativa de Henri Matisse, [&#8230;]<\/p>\n","protected":false},"author":2,"featured_media":33944,"comment_status":"closed","ping_status":"closed","sticky":false,"template":"","format":"standard","meta":{"footnotes":""},"categories":[2368,2605],"tags":[],"class_list":["post-33945","post","type-post","status-publish","format-standard","has-post-thumbnail","hentry","category-actualidad","category-exposiciones"],"yoast_head":"<!-- This site is optimized with the Yoast SEO plugin v27.2 - https:\/\/yoast.com\/product\/yoast-seo-wordpress\/ -->\n<title>Matisse (1941-1954)<\/title>\n<meta name=\"description\" content=\"La exposici\u00f3n Matisse (1941-1954), organizada en colaboraci\u00f3n con el Centro Pompidou y el Grand Palais, rinde homenaje a la \u00faltima d\u00e9cada creativa de\" \/>\n<meta name=\"robots\" content=\"index, follow, max-snippet:-1, max-image-preview:large, max-video-preview:-1\" \/>\n<link rel=\"canonical\" href=\"https:\/\/www.aparences.net\/es\/actualidad\/matisse-1941-1954\/\" \/>\n<meta property=\"og:locale\" content=\"es_ES\" \/>\n<meta property=\"og:type\" content=\"article\" \/>\n<meta property=\"og:title\" content=\"Matisse (1941-1954)\" \/>\n<meta property=\"og:description\" content=\"La exposici\u00f3n Matisse (1941-1954), organizada en colaboraci\u00f3n con el Centro Pompidou y el Grand Palais, rinde homenaje a la \u00faltima d\u00e9cada creativa de\" \/>\n<meta property=\"og:url\" content=\"https:\/\/www.aparences.net\/es\/actualidad\/matisse-1941-1954\/\" \/>\n<meta property=\"og:site_name\" content=\"Aparences\" \/>\n<meta property=\"article:published_time\" content=\"2026-04-27T07:14:44+00:00\" \/>\n<meta property=\"article:modified_time\" content=\"2026-04-27T07:14:45+00:00\" \/>\n<meta property=\"og:image\" content=\"https:\/\/www.aparences.net\/wp-content\/uploads\/2026\/04\/matisse-exposition-grand-palais-2026.webp\" \/>\n\t<meta property=\"og:image:width\" content=\"1080\" \/>\n\t<meta property=\"og:image:height\" content=\"540\" \/>\n\t<meta property=\"og:image:type\" content=\"image\/webp\" \/>\n<meta name=\"author\" content=\"admin\" \/>\n<meta name=\"twitter:card\" content=\"summary_large_image\" \/>\n<meta name=\"twitter:label1\" content=\"Escrito por\" \/>\n\t<meta name=\"twitter:data1\" content=\"admin\" \/>\n\t<meta name=\"twitter:label2\" content=\"Tiempo de lectura\" \/>\n\t<meta name=\"twitter:data2\" content=\"2 minutos\" \/>\n<script type=\"application\/ld+json\" class=\"yoast-schema-graph\">{\"@context\":\"https:\/\/schema.org\",\"@graph\":[{\"@type\":\"Article\",\"@id\":\"https:\/\/www.aparences.net\/es\/actualidad\/matisse-1941-1954\/#article\",\"isPartOf\":{\"@id\":\"https:\/\/www.aparences.net\/es\/actualidad\/matisse-1941-1954\/\"},\"author\":{\"name\":\"admin\",\"@id\":\"https:\/\/www.aparences.net\/es\/#\/schema\/person\/af349f6ffc31b16c68963e61268afca5\"},\"headline\":\"Matisse (1941-1954)\",\"datePublished\":\"2026-04-27T07:14:44+00:00\",\"dateModified\":\"2026-04-27T07:14:45+00:00\",\"mainEntityOfPage\":{\"@id\":\"https:\/\/www.aparences.net\/es\/actualidad\/matisse-1941-1954\/\"},\"wordCount\":199,\"publisher\":{\"@id\":\"https:\/\/www.aparences.net\/es\/#organization\"},\"image\":{\"@id\":\"https:\/\/www.aparences.net\/es\/actualidad\/matisse-1941-1954\/#primaryimage\"},\"thumbnailUrl\":\"https:\/\/www.aparences.net\/wp-content\/uploads\/2026\/04\/matisse-exposition-grand-palais-2026.webp\",\"articleSection\":[\"Actualidad\",\"Exposiciones\"],\"inLanguage\":\"es\"},{\"@type\":[\"WebPage\",\"ItemPage\"],\"@id\":\"https:\/\/www.aparences.net\/es\/actualidad\/matisse-1941-1954\/\",\"url\":\"https:\/\/www.aparences.net\/es\/actualidad\/matisse-1941-1954\/\",\"name\":\"Matisse (1941-1954)\",\"isPartOf\":{\"@id\":\"https:\/\/www.aparences.net\/es\/#website\"},\"primaryImageOfPage\":{\"@id\":\"https:\/\/www.aparences.net\/es\/actualidad\/matisse-1941-1954\/#primaryimage\"},\"image\":{\"@id\":\"https:\/\/www.aparences.net\/es\/actualidad\/matisse-1941-1954\/#primaryimage\"},\"thumbnailUrl\":\"https:\/\/www.aparences.net\/wp-content\/uploads\/2026\/04\/matisse-exposition-grand-palais-2026.webp\",\"datePublished\":\"2026-04-27T07:14:44+00:00\",\"dateModified\":\"2026-04-27T07:14:45+00:00\",\"description\":\"La exposici\u00f3n Matisse (1941-1954), organizada en colaboraci\u00f3n con el Centro Pompidou y el Grand Palais, rinde homenaje a la \u00faltima d\u00e9cada creativa de\",\"breadcrumb\":{\"@id\":\"https:\/\/www.aparences.net\/es\/actualidad\/matisse-1941-1954\/#breadcrumb\"},\"inLanguage\":\"es\",\"potentialAction\":[{\"@type\":\"ReadAction\",\"target\":[\"https:\/\/www.aparences.net\/es\/actualidad\/matisse-1941-1954\/\"]}]},{\"@type\":\"ImageObject\",\"inLanguage\":\"es\",\"@id\":\"https:\/\/www.aparences.net\/es\/actualidad\/matisse-1941-1954\/#primaryimage\",\"url\":\"https:\/\/www.aparences.net\/wp-content\/uploads\/2026\/04\/matisse-exposition-grand-palais-2026.webp\",\"contentUrl\":\"https:\/\/www.aparences.net\/wp-content\/uploads\/2026\/04\/matisse-exposition-grand-palais-2026.webp\",\"width\":1080,\"height\":540},{\"@type\":\"BreadcrumbList\",\"@id\":\"https:\/\/www.aparences.net\/es\/actualidad\/matisse-1941-1954\/#breadcrumb\",\"itemListElement\":[{\"@type\":\"ListItem\",\"position\":1,\"name\":\"Portada\",\"item\":\"https:\/\/www.aparences.net\/es\/\"},{\"@type\":\"ListItem\",\"position\":2,\"name\":\"Matisse (1941-1954)\"}]},{\"@type\":\"WebSite\",\"@id\":\"https:\/\/www.aparences.net\/es\/#website\",\"url\":\"https:\/\/www.aparences.net\/es\/\",\"name\":\"Aparences: Historia del Arte y Actualidad Cultural\",\"description\":\"\",\"publisher\":{\"@id\":\"https:\/\/www.aparences.net\/es\/#organization\"},\"potentialAction\":[{\"@type\":\"SearchAction\",\"target\":{\"@type\":\"EntryPoint\",\"urlTemplate\":\"https:\/\/www.aparences.net\/es\/?s={search_term_string}\"},\"query-input\":{\"@type\":\"PropertyValueSpecification\",\"valueRequired\":true,\"valueName\":\"search_term_string\"}}],\"inLanguage\":\"es\"},{\"@type\":\"Organization\",\"@id\":\"https:\/\/www.aparences.net\/es\/#organization\",\"name\":\"Aparences: Historia del Arte y Actualidad Cultural\",\"url\":\"https:\/\/www.aparences.net\/es\/\",\"logo\":{\"@type\":\"ImageObject\",\"inLanguage\":\"es\",\"@id\":\"https:\/\/www.aparences.net\/es\/#\/schema\/logo\/image\/\",\"url\":\"https:\/\/www.aparences.net\/wp-content\/uploads\/2023\/09\/logo-quadrat-color-e1695915315229.png\",\"contentUrl\":\"https:\/\/www.aparences.net\/wp-content\/uploads\/2023\/09\/logo-quadrat-color-e1695915315229.png\",\"width\":120,\"height\":120,\"caption\":\"Aparences: Historia del Arte y Actualidad Cultural\"},\"image\":{\"@id\":\"https:\/\/www.aparences.net\/es\/#\/schema\/logo\/image\/\"}},{\"@type\":\"Person\",\"@id\":\"https:\/\/www.aparences.net\/es\/#\/schema\/person\/af349f6ffc31b16c68963e61268afca5\",\"name\":\"admin\",\"url\":\"https:\/\/www.aparences.net\/es\/author\/admin\/\"}]}<\/script>\n<!-- \/ Yoast SEO plugin. -->","yoast_head_json":{"title":"Matisse (1941-1954)","description":"La exposici\u00f3n Matisse (1941-1954), organizada en colaboraci\u00f3n con el Centro Pompidou y el Grand Palais, rinde homenaje a la \u00faltima d\u00e9cada creativa de","robots":{"index":"index","follow":"follow","max-snippet":"max-snippet:-1","max-image-preview":"max-image-preview:large","max-video-preview":"max-video-preview:-1"},"canonical":"https:\/\/www.aparences.net\/es\/actualidad\/matisse-1941-1954\/","og_locale":"es_ES","og_type":"article","og_title":"Matisse (1941-1954)","og_description":"La exposici\u00f3n Matisse (1941-1954), organizada en colaboraci\u00f3n con el Centro Pompidou y el Grand Palais, rinde homenaje a la \u00faltima d\u00e9cada creativa de","og_url":"https:\/\/www.aparences.net\/es\/actualidad\/matisse-1941-1954\/","og_site_name":"Aparences","article_published_time":"2026-04-27T07:14:44+00:00","article_modified_time":"2026-04-27T07:14:45+00:00","og_image":[{"width":1080,"height":540,"url":"https:\/\/www.aparences.net\/wp-content\/uploads\/2026\/04\/matisse-exposition-grand-palais-2026.webp","type":"image\/webp"}],"author":"admin","twitter_card":"summary_large_image","twitter_misc":{"Escrito por":"admin","Tiempo de lectura":"2 minutos"},"schema":{"@context":"https:\/\/schema.org","@graph":[{"@type":"Article","@id":"https:\/\/www.aparences.net\/es\/actualidad\/matisse-1941-1954\/#article","isPartOf":{"@id":"https:\/\/www.aparences.net\/es\/actualidad\/matisse-1941-1954\/"},"author":{"name":"admin","@id":"https:\/\/www.aparences.net\/es\/#\/schema\/person\/af349f6ffc31b16c68963e61268afca5"},"headline":"Matisse (1941-1954)","datePublished":"2026-04-27T07:14:44+00:00","dateModified":"2026-04-27T07:14:45+00:00","mainEntityOfPage":{"@id":"https:\/\/www.aparences.net\/es\/actualidad\/matisse-1941-1954\/"},"wordCount":199,"publisher":{"@id":"https:\/\/www.aparences.net\/es\/#organization"},"image":{"@id":"https:\/\/www.aparences.net\/es\/actualidad\/matisse-1941-1954\/#primaryimage"},"thumbnailUrl":"https:\/\/www.aparences.net\/wp-content\/uploads\/2026\/04\/matisse-exposition-grand-palais-2026.webp","articleSection":["Actualidad","Exposiciones"],"inLanguage":"es"},{"@type":["WebPage","ItemPage"],"@id":"https:\/\/www.aparences.net\/es\/actualidad\/matisse-1941-1954\/","url":"https:\/\/www.aparences.net\/es\/actualidad\/matisse-1941-1954\/","name":"Matisse (1941-1954)","isPartOf":{"@id":"https:\/\/www.aparences.net\/es\/#website"},"primaryImageOfPage":{"@id":"https:\/\/www.aparences.net\/es\/actualidad\/matisse-1941-1954\/#primaryimage"},"image":{"@id":"https:\/\/www.aparences.net\/es\/actualidad\/matisse-1941-1954\/#primaryimage"},"thumbnailUrl":"https:\/\/www.aparences.net\/wp-content\/uploads\/2026\/04\/matisse-exposition-grand-palais-2026.webp","datePublished":"2026-04-27T07:14:44+00:00","dateModified":"2026-04-27T07:14:45+00:00","description":"La exposici\u00f3n Matisse (1941-1954), organizada en colaboraci\u00f3n con el Centro Pompidou y el Grand Palais, rinde homenaje a la \u00faltima d\u00e9cada creativa de","breadcrumb":{"@id":"https:\/\/www.aparences.net\/es\/actualidad\/matisse-1941-1954\/#breadcrumb"},"inLanguage":"es","potentialAction":[{"@type":"ReadAction","target":["https:\/\/www.aparences.net\/es\/actualidad\/matisse-1941-1954\/"]}]},{"@type":"ImageObject","inLanguage":"es","@id":"https:\/\/www.aparences.net\/es\/actualidad\/matisse-1941-1954\/#primaryimage","url":"https:\/\/www.aparences.net\/wp-content\/uploads\/2026\/04\/matisse-exposition-grand-palais-2026.webp","contentUrl":"https:\/\/www.aparences.net\/wp-content\/uploads\/2026\/04\/matisse-exposition-grand-palais-2026.webp","width":1080,"height":540},{"@type":"BreadcrumbList","@id":"https:\/\/www.aparences.net\/es\/actualidad\/matisse-1941-1954\/#breadcrumb","itemListElement":[{"@type":"ListItem","position":1,"name":"Portada","item":"https:\/\/www.aparences.net\/es\/"},{"@type":"ListItem","position":2,"name":"Matisse (1941-1954)"}]},{"@type":"WebSite","@id":"https:\/\/www.aparences.net\/es\/#website","url":"https:\/\/www.aparences.net\/es\/","name":"Aparences: Historia del Arte y Actualidad Cultural","description":"","publisher":{"@id":"https:\/\/www.aparences.net\/es\/#organization"},"potentialAction":[{"@type":"SearchAction","target":{"@type":"EntryPoint","urlTemplate":"https:\/\/www.aparences.net\/es\/?s={search_term_string}"},"query-input":{"@type":"PropertyValueSpecification","valueRequired":true,"valueName":"search_term_string"}}],"inLanguage":"es"},{"@type":"Organization","@id":"https:\/\/www.aparences.net\/es\/#organization","name":"Aparences: Historia del Arte y Actualidad Cultural","url":"https:\/\/www.aparences.net\/es\/","logo":{"@type":"ImageObject","inLanguage":"es","@id":"https:\/\/www.aparences.net\/es\/#\/schema\/logo\/image\/","url":"https:\/\/www.aparences.net\/wp-content\/uploads\/2023\/09\/logo-quadrat-color-e1695915315229.png","contentUrl":"https:\/\/www.aparences.net\/wp-content\/uploads\/2023\/09\/logo-quadrat-color-e1695915315229.png","width":120,"height":120,"caption":"Aparences: Historia del Arte y Actualidad Cultural"},"image":{"@id":"https:\/\/www.aparences.net\/es\/#\/schema\/logo\/image\/"}},{"@type":"Person","@id":"https:\/\/www.aparences.net\/es\/#\/schema\/person\/af349f6ffc31b16c68963e61268afca5","name":"admin","url":"https:\/\/www.aparences.net\/es\/author\/admin\/"}]}},"_links":{"self":[{"href":"https:\/\/www.aparences.net\/es\/wp-json\/wp\/v2\/posts\/33945","targetHints":{"allow":["GET"]}}],"collection":[{"href":"https:\/\/www.aparences.net\/es\/wp-json\/wp\/v2\/posts"}],"about":[{"href":"https:\/\/www.aparences.net\/es\/wp-json\/wp\/v2\/types\/post"}],"author":[{"embeddable":true,"href":"https:\/\/www.aparences.net\/es\/wp-json\/wp\/v2\/users\/2"}],"replies":[{"embeddable":true,"href":"https:\/\/www.aparences.net\/es\/wp-json\/wp\/v2\/comments?post=33945"}],"version-history":[{"count":0,"href":"https:\/\/www.aparences.net\/es\/wp-json\/wp\/v2\/posts\/33945\/revisions"}],"wp:featuredmedia":[{"embeddable":true,"href":"https:\/\/www.aparences.net\/es\/wp-json\/wp\/v2\/media\/33944"}],"wp:attachment":[{"href":"https:\/\/www.aparences.net\/es\/wp-json\/wp\/v2\/media?parent=33945"}],"wp:term":[{"taxonomy":"category","embeddable":true,"href":"https:\/\/www.aparences.net\/es\/wp-json\/wp\/v2\/categories?post=33945"},{"taxonomy":"post_tag","embeddable":true,"href":"https:\/\/www.aparences.net\/es\/wp-json\/wp\/v2\/tags?post=33945"}],"curies":[{"name":"wp","href":"https:\/\/api.w.org\/{rel}","templated":true}]}}