{"id":34129,"date":"2026-09-01T09:25:12","date_gmt":"2026-09-01T07:25:12","guid":{"rendered":"https:\/\/www.aparences.net\/?p=34129"},"modified":"2026-09-01T09:25:14","modified_gmt":"2026-09-01T07:25:14","slug":"van-eyck-los-retratos","status":"publish","type":"post","link":"https:\/\/www.aparences.net\/es\/actualidad\/exposiciones\/van-eyck-los-retratos\/","title":{"rendered":"Van Eyck: Los retratos"},"content":{"rendered":"\n<p class=\"wp-block-paragraph\"><br>La primera exposici\u00f3n dedicada a los retratos del pintor neerland\u00e9s Jan van Eyck (activo entre 1422 y 1441) abrir\u00e1 sus puertas en la National Gallery de Londres en el invierno de 2026. La exposici\u00f3n <em>Van Eyck: Los retratos<\/em> reunir\u00e1 por primera vez, procedentes de toda Europa, los nueve retratos pintados por el artista y presentar\u00e1 la mitad de la veintena de cuadros aut\u00f3grafos que han llegado hasta nosotros, realizados por una de las figuras m\u00e1s destacadas del Renacimiento n\u00f3rdico.<\/p>\n\n\n\n<p class=\"wp-block-paragraph\"><br>Este artista no solo revolucion\u00f3 el g\u00e9nero del <a href=\"https:\/\/www.aparences.net\/es\/arte-y-mecenazgo\/el-retrato-en-el-renacimiento-italiano\/\" data-type=\"category\" data-id=\"3158\">retrato<\/a>, sino que tambi\u00e9n redefini\u00f3 el c\u00edrculo de personas que pod\u00edan ser retratadas. Aprovechando un momento en el que el acceso al arte se ampliaba, <strong>los modelos retratados por Van Eyck<\/strong> ya no eran \u00fanicamente reyes, reinas o arist\u00f3cratas, sino tambi\u00e9n comerciantes acaudalados, artesanos pr\u00f3speros y allegados del artista. Miradas atentas, barba de tres d\u00edas, arrugas, mejillas sonrosadas. Van Eyck supo captar a sus modelos hasta en sus m\u00e1s m\u00ednimos detalles \u00edntimos. Aunque estas personas posaron para sus retratos hace 600 a\u00f1os, hoy parecen estar vivas.<\/p>\n\n\n<div class=\"wp-block-image\">\n<figure class=\"aligncenter size-full\"><img loading=\"lazy\" decoding=\"async\" width=\"633\" height=\"430\" src=\"https:\/\/www.aparences.net\/wp-content\/uploads\/2026\/09\/jan-van-eyck-portraits-exposition-londres-NG-2026.webp\" alt=\"\" class=\"wp-image-34122\"\/><figcaption class=\"wp-element-caption\"><em><strong>Retrato de un hombre<\/strong> (\u00bfAutorretrato?), 1433; <strong>Retrato de los Arnolfini<\/strong>, 1434, Jan van Eyck, <br>Londres, National Gallery.<\/em><\/figcaption><\/figure>\n<\/div>\n\n\n<p class=\"wp-block-paragraph\"><br>Esta excepcional exposici\u00f3n permitir\u00e1 contemplar el famoso <em>Retrato de los Arnolfini<\/em> (1434), expuesto por primera vez junto a un panel que representa al mismo modelo, el <em>Retrato de un hombre (\u00bfGiovanni? Arnolfini)<\/em> (hacia 1440, Gem\u00e4ldegalerie, Berl\u00edn). El <em>Retrato de un hombre (\u00bfAutorretrato?)<\/em> (1433, National Gallery) de Van Eyck, recientemente restaurado, se presentar\u00e1 junto al retrato de su esposa Margarita (1439, Groeningemuseum, Brujas), el primer retrato conocido de una mujer que no pertenec\u00eda a la aristocracia. Por primera vez en su historia, el Kunsthistorisches Museum de Viena autorizar\u00e1 el pr\u00e9stamo simult\u00e1neo de sus dos cuadros de Van Eyck.<\/p>\n\n\n<div class=\"wp-block-image\">\n<figure class=\"aligncenter size-full\"><img loading=\"lazy\" decoding=\"async\" width=\"355\" height=\"460\" src=\"https:\/\/www.aparences.net\/wp-content\/uploads\/2026\/09\/van-eyck-exposition-londres-national-gallery-2026.webp\" alt=\"\" class=\"wp-image-34124\"\/><figcaption class=\"wp-element-caption\"><em><strong>Retrato de mujer<\/strong> (Margarita van Eyck?), 1439, <br>Jan van Eyck, Brujas, Groeningemuseum.<\/em><\/figcaption><\/figure>\n<\/div>\n\n\n<p class=\"wp-block-paragraph\"><br>El cat\u00e1logo de la exposici\u00f3n, que destaca nuevas investigaciones sobre la t\u00e9cnica del artista, sus marcos originales y sus enigm\u00e1ticas inscripciones, y aborda las persistentes controversias sobre la identidad de sus modelos, ser\u00e1 la primera monograf\u00eda jam\u00e1s publicada sobre el tema de los retratos de Van Eyck \u2014lo cual resulta sorprendente, dada la abundante bibliograf\u00eda dedicada al artista\u2014.<\/p>\n\n\n<div class=\"wp-block-image\">\n<figure class=\"aligncenter size-full\"><img loading=\"lazy\" decoding=\"async\" width=\"569\" height=\"454\" src=\"https:\/\/www.aparences.net\/wp-content\/uploads\/2026\/09\/van-eyck-annonciation-londres-ng-2026.webp\" alt=\"\" class=\"wp-image-34126\"\/><figcaption class=\"wp-element-caption\"><em><strong>La Anunciaci\u00f3n<\/strong>, 1434-1436, Jan van Eyck, Washington, Galer\u00eda Nacional.<\/em><\/figcaption><\/figure>\n<\/div>\n\n\n<p class=\"wp-block-paragraph\"><br>Emma Capron, conservadora de la colecci\u00f3n de pinturas de los <a href=\"https:\/\/www.aparences.net\/es\/escuelas\/los-primitivos-flamencos\/\" data-type=\"category\" data-id=\"2328\">primitivos flamencos<\/a> y alemanes de la National Gallery, afirma: \u00abAlgunas historias no tienen un principio. El arte del retrato es una de ellas. Hizo una entrada espectacular en la d\u00e9cada de 1430, ya plenamente consolidado, de la mano de Jan van Eyck. Ninguna de las representaciones estilizadas que precedieron a su obra se considerar\u00eda hoy en d\u00eda un retrato: no reconocer\u00edamos a los modelos si nos los encontr\u00e1ramos por la calle\u00bb.<\/p>\n\n\n\n<p class=\"wp-block-paragraph\"><br>\u00abTodo esto cambia con van Eyck. Al traspasar los l\u00edmites de la pintura al \u00f3leo para crear una ilusi\u00f3n de realidad convincente, de repente nos presenta a personajes rebosantes de vida, de los que se capta cada detalle de su aspecto, modelos que nos miran directamente a los ojos y que se dirigen a nosotros a trav\u00e9s de inscripciones elaboradas y a menudo enigm\u00e1ticas. La capacidad de estos retratos para desconcertar por su precisi\u00f3n y vivacidad sigue intacta hoy en d\u00eda. Su impacto contrasta con su formato intimista\u00bb.<\/p>\n","protected":false},"excerpt":{"rendered":"<p>La primera exposici\u00f3n dedicada a los retratos del pintor neerland\u00e9s Jan van Eyck (activo entre 1422 y 1441) abrir\u00e1 sus puertas en la National Gallery [&#8230;]<\/p>\n","protected":false},"author":2,"featured_media":34128,"comment_status":"closed","ping_status":"closed","sticky":false,"template":"","format":"standard","meta":{"footnotes":""},"categories":[2368,2605],"tags":[],"class_list":["post-34129","post","type-post","status-publish","format-standard","has-post-thumbnail","hentry","category-actualidad","category-exposiciones"],"yoast_head":"<!-- This site is optimized with the Yoast SEO plugin v28.3 - https:\/\/yoast.com\/product\/yoast-seo-wordpress\/ -->\n<title>Van Eyck: Los retratos<\/title>\n<meta name=\"description\" content=\"La primera exposici\u00f3n dedicada a los retratos del pintor neerland\u00e9s Jan van Eyck (activo entre 1422 y 1441) abrir\u00e1 sus puertas en la National Gallery de\" \/>\n<meta name=\"robots\" content=\"index, follow, max-snippet:-1, max-image-preview:large, max-video-preview:-1\" \/>\n<link rel=\"canonical\" href=\"https:\/\/www.aparences.net\/es\/actualidad\/exposiciones\/van-eyck-los-retratos\/\" \/>\n<meta property=\"og:locale\" content=\"es_ES\" \/>\n<meta property=\"og:type\" content=\"article\" \/>\n<meta property=\"og:title\" content=\"Van Eyck: Los retratos\" \/>\n<meta property=\"og:description\" content=\"La primera exposici\u00f3n dedicada a los retratos del pintor neerland\u00e9s Jan van Eyck (activo entre 1422 y 1441) abrir\u00e1 sus puertas en la National Gallery de\" \/>\n<meta property=\"og:url\" content=\"https:\/\/www.aparences.net\/es\/actualidad\/exposiciones\/van-eyck-los-retratos\/\" \/>\n<meta property=\"og:site_name\" content=\"Aparences\" \/>\n<meta property=\"article:published_time\" content=\"2026-09-01T07:25:12+00:00\" \/>\n<meta property=\"article:modified_time\" content=\"2026-09-01T07:25:14+00:00\" \/>\n<meta property=\"og:image\" content=\"https:\/\/www.aparences.net\/wp-content\/uploads\/2026\/09\/van-eyck-autoportrait-exposition-londres-NG-2026.webp\" \/>\n\t<meta property=\"og:image:width\" content=\"1080\" \/>\n\t<meta property=\"og:image:height\" content=\"540\" \/>\n\t<meta property=\"og:image:type\" content=\"image\/webp\" \/>\n<meta name=\"author\" content=\"admin\" \/>\n<meta name=\"twitter:card\" content=\"summary_large_image\" \/>\n<meta name=\"twitter:label1\" content=\"Escrito por\" \/>\n\t<meta name=\"twitter:data1\" content=\"admin\" \/>\n\t<meta name=\"twitter:label2\" content=\"Tiempo de lectura\" \/>\n\t<meta name=\"twitter:data2\" content=\"4 minutos\" \/>\n<script type=\"application\/ld+json\" class=\"yoast-schema-graph\">{\"@context\":\"https:\\\/\\\/schema.org\",\"@graph\":[{\"@type\":\"Article\",\"@id\":\"https:\\\/\\\/www.aparences.net\\\/es\\\/actualidad\\\/exposiciones\\\/van-eyck-los-retratos\\\/#article\",\"isPartOf\":{\"@id\":\"https:\\\/\\\/www.aparences.net\\\/es\\\/actualidad\\\/exposiciones\\\/van-eyck-los-retratos\\\/\"},\"author\":{\"name\":\"admin\",\"@id\":\"https:\\\/\\\/www.aparences.net\\\/es\\\/#\\\/schema\\\/person\\\/af349f6ffc31b16c68963e61268afca5\"},\"headline\":\"Van Eyck: Los retratos\",\"datePublished\":\"2026-09-01T07:25:12+00:00\",\"dateModified\":\"2026-09-01T07:25:14+00:00\",\"mainEntityOfPage\":{\"@id\":\"https:\\\/\\\/www.aparences.net\\\/es\\\/actualidad\\\/exposiciones\\\/van-eyck-los-retratos\\\/\"},\"wordCount\":571,\"publisher\":{\"@id\":\"https:\\\/\\\/www.aparences.net\\\/es\\\/#organization\"},\"image\":{\"@id\":\"https:\\\/\\\/www.aparences.net\\\/es\\\/actualidad\\\/exposiciones\\\/van-eyck-los-retratos\\\/#primaryimage\"},\"thumbnailUrl\":\"https:\\\/\\\/www.aparences.net\\\/wp-content\\\/uploads\\\/2026\\\/09\\\/van-eyck-autoportrait-exposition-londres-NG-2026.webp\",\"articleSection\":[\"Actualidad\",\"Exposiciones\"],\"inLanguage\":\"es\"},{\"@type\":[\"WebPage\",\"ItemPage\"],\"@id\":\"https:\\\/\\\/www.aparences.net\\\/es\\\/actualidad\\\/exposiciones\\\/van-eyck-los-retratos\\\/\",\"url\":\"https:\\\/\\\/www.aparences.net\\\/es\\\/actualidad\\\/exposiciones\\\/van-eyck-los-retratos\\\/\",\"name\":\"Van Eyck: Los retratos\",\"isPartOf\":{\"@id\":\"https:\\\/\\\/www.aparences.net\\\/es\\\/#website\"},\"primaryImageOfPage\":{\"@id\":\"https:\\\/\\\/www.aparences.net\\\/es\\\/actualidad\\\/exposiciones\\\/van-eyck-los-retratos\\\/#primaryimage\"},\"image\":{\"@id\":\"https:\\\/\\\/www.aparences.net\\\/es\\\/actualidad\\\/exposiciones\\\/van-eyck-los-retratos\\\/#primaryimage\"},\"thumbnailUrl\":\"https:\\\/\\\/www.aparences.net\\\/wp-content\\\/uploads\\\/2026\\\/09\\\/van-eyck-autoportrait-exposition-londres-NG-2026.webp\",\"datePublished\":\"2026-09-01T07:25:12+00:00\",\"dateModified\":\"2026-09-01T07:25:14+00:00\",\"description\":\"La primera exposici\u00f3n dedicada a los retratos del pintor neerland\u00e9s Jan van Eyck (activo entre 1422 y 1441) abrir\u00e1 sus puertas en la National Gallery de\",\"breadcrumb\":{\"@id\":\"https:\\\/\\\/www.aparences.net\\\/es\\\/actualidad\\\/exposiciones\\\/van-eyck-los-retratos\\\/#breadcrumb\"},\"inLanguage\":\"es\",\"potentialAction\":[{\"@type\":\"ReadAction\",\"target\":[\"https:\\\/\\\/www.aparences.net\\\/es\\\/actualidad\\\/exposiciones\\\/van-eyck-los-retratos\\\/\"]}]},{\"@type\":\"ImageObject\",\"inLanguage\":\"es\",\"@id\":\"https:\\\/\\\/www.aparences.net\\\/es\\\/actualidad\\\/exposiciones\\\/van-eyck-los-retratos\\\/#primaryimage\",\"url\":\"https:\\\/\\\/www.aparences.net\\\/wp-content\\\/uploads\\\/2026\\\/09\\\/van-eyck-autoportrait-exposition-londres-NG-2026.webp\",\"contentUrl\":\"https:\\\/\\\/www.aparences.net\\\/wp-content\\\/uploads\\\/2026\\\/09\\\/van-eyck-autoportrait-exposition-londres-NG-2026.webp\",\"width\":1080,\"height\":540},{\"@type\":\"BreadcrumbList\",\"@id\":\"https:\\\/\\\/www.aparences.net\\\/es\\\/actualidad\\\/exposiciones\\\/van-eyck-los-retratos\\\/#breadcrumb\",\"itemListElement\":[{\"@type\":\"ListItem\",\"position\":1,\"name\":\"Portada\",\"item\":\"https:\\\/\\\/www.aparences.net\\\/es\\\/\"},{\"@type\":\"ListItem\",\"position\":2,\"name\":\"Van Eyck: Los retratos\"}]},{\"@type\":\"WebSite\",\"@id\":\"https:\\\/\\\/www.aparences.net\\\/es\\\/#website\",\"url\":\"https:\\\/\\\/www.aparences.net\\\/es\\\/\",\"name\":\"Aparences: Historia del Arte y Actualidad Cultural\",\"description\":\"\",\"publisher\":{\"@id\":\"https:\\\/\\\/www.aparences.net\\\/es\\\/#organization\"},\"potentialAction\":[{\"@type\":\"SearchAction\",\"target\":{\"@type\":\"EntryPoint\",\"urlTemplate\":\"https:\\\/\\\/www.aparences.net\\\/es\\\/?s={search_term_string}\"},\"query-input\":{\"@type\":\"PropertyValueSpecification\",\"valueRequired\":true,\"valueName\":\"search_term_string\"}}],\"inLanguage\":\"es\"},{\"@type\":\"Organization\",\"@id\":\"https:\\\/\\\/www.aparences.net\\\/es\\\/#organization\",\"name\":\"Aparences: Historia del Arte y Actualidad Cultural\",\"url\":\"https:\\\/\\\/www.aparences.net\\\/es\\\/\",\"logo\":{\"@type\":\"ImageObject\",\"inLanguage\":\"es\",\"@id\":\"https:\\\/\\\/www.aparences.net\\\/es\\\/#\\\/schema\\\/logo\\\/image\\\/\",\"url\":\"https:\\\/\\\/www.aparences.net\\\/wp-content\\\/uploads\\\/2023\\\/09\\\/logo-quadrat-color-e1695915315229.png\",\"contentUrl\":\"https:\\\/\\\/www.aparences.net\\\/wp-content\\\/uploads\\\/2023\\\/09\\\/logo-quadrat-color-e1695915315229.png\",\"width\":120,\"height\":120,\"caption\":\"Aparences: Historia del Arte y Actualidad Cultural\"},\"image\":{\"@id\":\"https:\\\/\\\/www.aparences.net\\\/es\\\/#\\\/schema\\\/logo\\\/image\\\/\"}},{\"@type\":\"Person\",\"@id\":\"https:\\\/\\\/www.aparences.net\\\/es\\\/#\\\/schema\\\/person\\\/af349f6ffc31b16c68963e61268afca5\",\"name\":\"admin\",\"url\":\"https:\\\/\\\/www.aparences.net\\\/es\\\/author\\\/admin\\\/\"}]}<\/script>\n<!-- \/ Yoast SEO plugin. -->","yoast_head_json":{"title":"Van Eyck: Los retratos","description":"La primera exposici\u00f3n dedicada a los retratos del pintor neerland\u00e9s Jan van Eyck (activo entre 1422 y 1441) abrir\u00e1 sus puertas en la National Gallery de","robots":{"index":"index","follow":"follow","max-snippet":"max-snippet:-1","max-image-preview":"max-image-preview:large","max-video-preview":"max-video-preview:-1"},"canonical":"https:\/\/www.aparences.net\/es\/actualidad\/exposiciones\/van-eyck-los-retratos\/","og_locale":"es_ES","og_type":"article","og_title":"Van Eyck: Los retratos","og_description":"La primera exposici\u00f3n dedicada a los retratos del pintor neerland\u00e9s Jan van Eyck (activo entre 1422 y 1441) abrir\u00e1 sus puertas en la National Gallery de","og_url":"https:\/\/www.aparences.net\/es\/actualidad\/exposiciones\/van-eyck-los-retratos\/","og_site_name":"Aparences","article_published_time":"2026-09-01T07:25:12+00:00","article_modified_time":"2026-09-01T07:25:14+00:00","og_image":[{"width":1080,"height":540,"url":"https:\/\/www.aparences.net\/wp-content\/uploads\/2026\/09\/van-eyck-autoportrait-exposition-londres-NG-2026.webp","type":"image\/webp"}],"author":"admin","twitter_card":"summary_large_image","twitter_misc":{"Escrito por":"admin","Tiempo de lectura":"4 minutos"},"schema":{"@context":"https:\/\/schema.org","@graph":[{"@type":"Article","@id":"https:\/\/www.aparences.net\/es\/actualidad\/exposiciones\/van-eyck-los-retratos\/#article","isPartOf":{"@id":"https:\/\/www.aparences.net\/es\/actualidad\/exposiciones\/van-eyck-los-retratos\/"},"author":{"name":"admin","@id":"https:\/\/www.aparences.net\/es\/#\/schema\/person\/af349f6ffc31b16c68963e61268afca5"},"headline":"Van Eyck: Los retratos","datePublished":"2026-09-01T07:25:12+00:00","dateModified":"2026-09-01T07:25:14+00:00","mainEntityOfPage":{"@id":"https:\/\/www.aparences.net\/es\/actualidad\/exposiciones\/van-eyck-los-retratos\/"},"wordCount":571,"publisher":{"@id":"https:\/\/www.aparences.net\/es\/#organization"},"image":{"@id":"https:\/\/www.aparences.net\/es\/actualidad\/exposiciones\/van-eyck-los-retratos\/#primaryimage"},"thumbnailUrl":"https:\/\/www.aparences.net\/wp-content\/uploads\/2026\/09\/van-eyck-autoportrait-exposition-londres-NG-2026.webp","articleSection":["Actualidad","Exposiciones"],"inLanguage":"es"},{"@type":["WebPage","ItemPage"],"@id":"https:\/\/www.aparences.net\/es\/actualidad\/exposiciones\/van-eyck-los-retratos\/","url":"https:\/\/www.aparences.net\/es\/actualidad\/exposiciones\/van-eyck-los-retratos\/","name":"Van Eyck: Los retratos","isPartOf":{"@id":"https:\/\/www.aparences.net\/es\/#website"},"primaryImageOfPage":{"@id":"https:\/\/www.aparences.net\/es\/actualidad\/exposiciones\/van-eyck-los-retratos\/#primaryimage"},"image":{"@id":"https:\/\/www.aparences.net\/es\/actualidad\/exposiciones\/van-eyck-los-retratos\/#primaryimage"},"thumbnailUrl":"https:\/\/www.aparences.net\/wp-content\/uploads\/2026\/09\/van-eyck-autoportrait-exposition-londres-NG-2026.webp","datePublished":"2026-09-01T07:25:12+00:00","dateModified":"2026-09-01T07:25:14+00:00","description":"La primera exposici\u00f3n dedicada a los retratos del pintor neerland\u00e9s Jan van Eyck (activo entre 1422 y 1441) abrir\u00e1 sus puertas en la National Gallery de","breadcrumb":{"@id":"https:\/\/www.aparences.net\/es\/actualidad\/exposiciones\/van-eyck-los-retratos\/#breadcrumb"},"inLanguage":"es","potentialAction":[{"@type":"ReadAction","target":["https:\/\/www.aparences.net\/es\/actualidad\/exposiciones\/van-eyck-los-retratos\/"]}]},{"@type":"ImageObject","inLanguage":"es","@id":"https:\/\/www.aparences.net\/es\/actualidad\/exposiciones\/van-eyck-los-retratos\/#primaryimage","url":"https:\/\/www.aparences.net\/wp-content\/uploads\/2026\/09\/van-eyck-autoportrait-exposition-londres-NG-2026.webp","contentUrl":"https:\/\/www.aparences.net\/wp-content\/uploads\/2026\/09\/van-eyck-autoportrait-exposition-londres-NG-2026.webp","width":1080,"height":540},{"@type":"BreadcrumbList","@id":"https:\/\/www.aparences.net\/es\/actualidad\/exposiciones\/van-eyck-los-retratos\/#breadcrumb","itemListElement":[{"@type":"ListItem","position":1,"name":"Portada","item":"https:\/\/www.aparences.net\/es\/"},{"@type":"ListItem","position":2,"name":"Van Eyck: Los retratos"}]},{"@type":"WebSite","@id":"https:\/\/www.aparences.net\/es\/#website","url":"https:\/\/www.aparences.net\/es\/","name":"Aparences: Historia del Arte y Actualidad Cultural","description":"","publisher":{"@id":"https:\/\/www.aparences.net\/es\/#organization"},"potentialAction":[{"@type":"SearchAction","target":{"@type":"EntryPoint","urlTemplate":"https:\/\/www.aparences.net\/es\/?s={search_term_string}"},"query-input":{"@type":"PropertyValueSpecification","valueRequired":true,"valueName":"search_term_string"}}],"inLanguage":"es"},{"@type":"Organization","@id":"https:\/\/www.aparences.net\/es\/#organization","name":"Aparences: Historia del Arte y Actualidad Cultural","url":"https:\/\/www.aparences.net\/es\/","logo":{"@type":"ImageObject","inLanguage":"es","@id":"https:\/\/www.aparences.net\/es\/#\/schema\/logo\/image\/","url":"https:\/\/www.aparences.net\/wp-content\/uploads\/2023\/09\/logo-quadrat-color-e1695915315229.png","contentUrl":"https:\/\/www.aparences.net\/wp-content\/uploads\/2023\/09\/logo-quadrat-color-e1695915315229.png","width":120,"height":120,"caption":"Aparences: Historia del Arte y Actualidad Cultural"},"image":{"@id":"https:\/\/www.aparences.net\/es\/#\/schema\/logo\/image\/"}},{"@type":"Person","@id":"https:\/\/www.aparences.net\/es\/#\/schema\/person\/af349f6ffc31b16c68963e61268afca5","name":"admin","url":"https:\/\/www.aparences.net\/es\/author\/admin\/"}]}},"_links":{"self":[{"href":"https:\/\/www.aparences.net\/es\/wp-json\/wp\/v2\/posts\/34129","targetHints":{"allow":["GET"]}}],"collection":[{"href":"https:\/\/www.aparences.net\/es\/wp-json\/wp\/v2\/posts"}],"about":[{"href":"https:\/\/www.aparences.net\/es\/wp-json\/wp\/v2\/types\/post"}],"author":[{"embeddable":true,"href":"https:\/\/www.aparences.net\/es\/wp-json\/wp\/v2\/users\/2"}],"replies":[{"embeddable":true,"href":"https:\/\/www.aparences.net\/es\/wp-json\/wp\/v2\/comments?post=34129"}],"version-history":[{"count":0,"href":"https:\/\/www.aparences.net\/es\/wp-json\/wp\/v2\/posts\/34129\/revisions"}],"wp:featuredmedia":[{"embeddable":true,"href":"https:\/\/www.aparences.net\/es\/wp-json\/wp\/v2\/media\/34128"}],"wp:attachment":[{"href":"https:\/\/www.aparences.net\/es\/wp-json\/wp\/v2\/media?parent=34129"}],"wp:term":[{"taxonomy":"category","embeddable":true,"href":"https:\/\/www.aparences.net\/es\/wp-json\/wp\/v2\/categories?post=34129"},{"taxonomy":"post_tag","embeddable":true,"href":"https:\/\/www.aparences.net\/es\/wp-json\/wp\/v2\/tags?post=34129"}],"curies":[{"name":"wp","href":"https:\/\/api.w.org\/{rel}","templated":true}]}}