{"id":34139,"date":"2026-09-01T09:56:21","date_gmt":"2026-09-01T07:56:21","guid":{"rendered":"https:\/\/www.aparences.net\/?p=34139"},"modified":"2026-09-01T09:56:23","modified_gmt":"2026-09-01T07:56:23","slug":"intemporal-tintoretto","status":"publish","type":"post","link":"https:\/\/www.aparences.net\/es\/actualidad\/exposiciones\/intemporal-tintoretto\/","title":{"rendered":"Intemporal Tintoretto"},"content":{"rendered":"\n<p class=\"wp-block-paragraph\">El Museo Jacquemart-Andr\u00e9 rinde homenaje a una de las figuras m\u00e1s destacadas del Renacimiento italiano, Jacomo Robusti, conocido como Tintoretto (1518\/19-1594). Esta exposici\u00f3n presenta por primera vez en Francia una visi\u00f3n general de toda la trayectoria de Tintoretto y muestra c\u00f3mo su legado art\u00edstico trasciende los siglos y las fronteras hasta convertirlo en un artista de referencia para la pintura francesa del siglo XIX.<\/p>\n\n\n<div class=\"wp-block-image\">\n<figure class=\"aligncenter size-full\"><img loading=\"lazy\" decoding=\"async\" width=\"378\" height=\"460\" src=\"https:\/\/www.aparences.net\/wp-content\/uploads\/2026\/09\/tintoret-autoportrait-vers-1588.webp\" alt=\"\" class=\"wp-image-34132\"\/><figcaption class=\"wp-element-caption\"><em><strong>Autorretrato<\/strong>, hacia 1588, Par\u00eds, Museo del Louvre.<\/em><\/figcaption><\/figure>\n<\/div>\n\n\n<p class=\"wp-block-paragraph\"><br>La exposici\u00f3n repasar\u00e1 el espectacular ascenso del artista en la Venecia de la segunda mitad del siglo XVI. Ya en la d\u00e9cada de 1540, Tintoretto obtuvo encargos prestigiosos, entre los que destaca el famoso <em>Milagro de la esclava<\/em> (1548), que consolid\u00f3 su estatus como pintor. Junto con su taller, <strong>domin\u00f3 posteriormente el mercado de los grandes ciclos decorativos venecianos<\/strong>. Tras los incendios que asolaron el Palacio de los Dogos, particip\u00f3 en las amplias campa\u00f1as decorativas del edificio y, a partir de 1588, realiz\u00f3 el inmenso <em>Para\u00edso<\/em>, un lienzo monumental de 26 metros de largo poblado por cientos de personajes.<\/p>\n\n\n<div class=\"wp-block-image\">\n<figure class=\"aligncenter size-full\"><img loading=\"lazy\" decoding=\"async\" width=\"607\" height=\"460\" src=\"https:\/\/www.aparences.net\/wp-content\/uploads\/2026\/09\/tintoret-susanne-et-les-vieillards-1556.jpg\" alt=\"\" class=\"wp-image-34134\"\/><figcaption class=\"wp-element-caption\"><em><strong>Susana y los viejos<\/strong>, hacia 1555-1556, Viena, Kunsthistorisches Museum.<\/em><\/figcaption><\/figure>\n<\/div>\n\n\n<p class=\"wp-block-paragraph\"><br>El nombre del artista sigue siendo indisociable de la Scuola Grande di San Rocco, de la que se convirti\u00f3 en pintor oficial entre 1564 y 1588. Tintoretto inquieta tanto como fascina. El propio <strong>Giorgio Vasari ten\u00eda dificultades para clasificarlo entre sus contempor\u00e1neos y lo describe como un pintor fuera de lo com\u00fan<\/strong>, dispuesto a romper tanto con las convenciones est\u00e9ticas como con las pr\u00e1cticas comerciales para conseguir encargos.<\/p>\n\n\n<div class=\"wp-block-image\">\n<figure class=\"aligncenter size-full\"><img loading=\"lazy\" decoding=\"async\" width=\"471\" height=\"460\" src=\"https:\/\/www.aparences.net\/wp-content\/uploads\/2026\/09\/tintoret-le-miracle-de-saint-augustin-1549.webp\" alt=\"\" class=\"wp-image-34136\"\/><figcaption class=\"wp-element-caption\"><em><strong>El milagro de San Agust\u00edn<\/strong>, 1547-1549, Vicenza, Musei Civici di Vicenza.<\/em><\/figcaption><\/figure>\n<\/div>\n\n\n<p class=\"wp-block-paragraph\"><br>La exposici\u00f3n, que re\u00fane unas cuarenta pinturas y obras gr\u00e1ficas procedentes de colecciones p\u00fablicas y privadas, francesas, italianas e internacionales, propone un recorrido tem\u00e1tico que permite apreciar la diversidad y la envergadura de la obra de <a href=\"https:\/\/www.aparences.net\/es\/escuelas\/la-pintura-veneciana\/tintoretto\/\" data-type=\"post\" data-id=\"13190\">Tintoretto<\/a> en torno a varios ejes.<\/p>\n","protected":false},"excerpt":{"rendered":"<p>El Museo Jacquemart-Andr\u00e9 rinde homenaje a una de las figuras m\u00e1s destacadas del Renacimiento italiano, Jacomo Robusti, conocido como Tintoretto (1518\/19-1594). Esta exposici\u00f3n presenta por [&#8230;]<\/p>\n","protected":false},"author":2,"featured_media":34138,"comment_status":"closed","ping_status":"closed","sticky":false,"template":"","format":"standard","meta":{"footnotes":""},"categories":[2368,2605],"tags":[],"class_list":["post-34139","post","type-post","status-publish","format-standard","has-post-thumbnail","hentry","category-actualidad","category-exposiciones"],"yoast_head":"<!-- This site is optimized with the Yoast SEO plugin v28.3 - https:\/\/yoast.com\/product\/yoast-seo-wordpress\/ -->\n<title>Intemporal Tintoretto<\/title>\n<meta name=\"description\" content=\"El Museo Jacquemart-Andr\u00e9 rinde homenaje a una de las figuras m\u00e1s destacadas del Renacimiento italiano, Jacomo Robusti, conocido como Tintoretto\" \/>\n<meta name=\"robots\" content=\"index, follow, max-snippet:-1, max-image-preview:large, max-video-preview:-1\" \/>\n<link rel=\"canonical\" href=\"https:\/\/www.aparences.net\/es\/actualidad\/exposiciones\/intemporal-tintoretto\/\" \/>\n<meta property=\"og:locale\" content=\"es_ES\" \/>\n<meta property=\"og:type\" content=\"article\" \/>\n<meta property=\"og:title\" content=\"Intemporal Tintoretto\" \/>\n<meta property=\"og:description\" content=\"El Museo Jacquemart-Andr\u00e9 rinde homenaje a una de las figuras m\u00e1s destacadas del Renacimiento italiano, Jacomo Robusti, conocido como Tintoretto\" \/>\n<meta property=\"og:url\" content=\"https:\/\/www.aparences.net\/es\/actualidad\/exposiciones\/intemporal-tintoretto\/\" \/>\n<meta property=\"og:site_name\" content=\"Aparences\" \/>\n<meta property=\"article:published_time\" content=\"2026-09-01T07:56:21+00:00\" \/>\n<meta property=\"article:modified_time\" content=\"2026-09-01T07:56:23+00:00\" \/>\n<meta property=\"og:image\" content=\"https:\/\/www.aparences.net\/wp-content\/uploads\/2026\/09\/exposition-tintoret-jacquemart-andre-2026.webp\" \/>\n\t<meta property=\"og:image:width\" content=\"1080\" \/>\n\t<meta property=\"og:image:height\" content=\"540\" \/>\n\t<meta property=\"og:image:type\" content=\"image\/webp\" \/>\n<meta name=\"author\" content=\"admin\" \/>\n<meta name=\"twitter:card\" content=\"summary_large_image\" \/>\n<meta name=\"twitter:label1\" content=\"Escrito por\" \/>\n\t<meta name=\"twitter:data1\" content=\"admin\" \/>\n\t<meta name=\"twitter:label2\" content=\"Tiempo de lectura\" \/>\n\t<meta name=\"twitter:data2\" content=\"3 minutos\" \/>\n<script type=\"application\/ld+json\" class=\"yoast-schema-graph\">{\"@context\":\"https:\\\/\\\/schema.org\",\"@graph\":[{\"@type\":\"Article\",\"@id\":\"https:\\\/\\\/www.aparences.net\\\/es\\\/actualidad\\\/exposiciones\\\/intemporal-tintoretto\\\/#article\",\"isPartOf\":{\"@id\":\"https:\\\/\\\/www.aparences.net\\\/es\\\/actualidad\\\/exposiciones\\\/intemporal-tintoretto\\\/\"},\"author\":{\"name\":\"admin\",\"@id\":\"https:\\\/\\\/www.aparences.net\\\/es\\\/#\\\/schema\\\/person\\\/af349f6ffc31b16c68963e61268afca5\"},\"headline\":\"Intemporal Tintoretto\",\"datePublished\":\"2026-09-01T07:56:21+00:00\",\"dateModified\":\"2026-09-01T07:56:23+00:00\",\"mainEntityOfPage\":{\"@id\":\"https:\\\/\\\/www.aparences.net\\\/es\\\/actualidad\\\/exposiciones\\\/intemporal-tintoretto\\\/\"},\"wordCount\":316,\"publisher\":{\"@id\":\"https:\\\/\\\/www.aparences.net\\\/es\\\/#organization\"},\"image\":{\"@id\":\"https:\\\/\\\/www.aparences.net\\\/es\\\/actualidad\\\/exposiciones\\\/intemporal-tintoretto\\\/#primaryimage\"},\"thumbnailUrl\":\"https:\\\/\\\/www.aparences.net\\\/wp-content\\\/uploads\\\/2026\\\/09\\\/exposition-tintoret-jacquemart-andre-2026.webp\",\"articleSection\":[\"Actualidad\",\"Exposiciones\"],\"inLanguage\":\"es\"},{\"@type\":[\"WebPage\",\"ItemPage\"],\"@id\":\"https:\\\/\\\/www.aparences.net\\\/es\\\/actualidad\\\/exposiciones\\\/intemporal-tintoretto\\\/\",\"url\":\"https:\\\/\\\/www.aparences.net\\\/es\\\/actualidad\\\/exposiciones\\\/intemporal-tintoretto\\\/\",\"name\":\"Intemporal Tintoretto\",\"isPartOf\":{\"@id\":\"https:\\\/\\\/www.aparences.net\\\/es\\\/#website\"},\"primaryImageOfPage\":{\"@id\":\"https:\\\/\\\/www.aparences.net\\\/es\\\/actualidad\\\/exposiciones\\\/intemporal-tintoretto\\\/#primaryimage\"},\"image\":{\"@id\":\"https:\\\/\\\/www.aparences.net\\\/es\\\/actualidad\\\/exposiciones\\\/intemporal-tintoretto\\\/#primaryimage\"},\"thumbnailUrl\":\"https:\\\/\\\/www.aparences.net\\\/wp-content\\\/uploads\\\/2026\\\/09\\\/exposition-tintoret-jacquemart-andre-2026.webp\",\"datePublished\":\"2026-09-01T07:56:21+00:00\",\"dateModified\":\"2026-09-01T07:56:23+00:00\",\"description\":\"El Museo Jacquemart-Andr\u00e9 rinde homenaje a una de las figuras m\u00e1s destacadas del Renacimiento italiano, Jacomo Robusti, conocido como Tintoretto\",\"breadcrumb\":{\"@id\":\"https:\\\/\\\/www.aparences.net\\\/es\\\/actualidad\\\/exposiciones\\\/intemporal-tintoretto\\\/#breadcrumb\"},\"inLanguage\":\"es\",\"potentialAction\":[{\"@type\":\"ReadAction\",\"target\":[\"https:\\\/\\\/www.aparences.net\\\/es\\\/actualidad\\\/exposiciones\\\/intemporal-tintoretto\\\/\"]}]},{\"@type\":\"ImageObject\",\"inLanguage\":\"es\",\"@id\":\"https:\\\/\\\/www.aparences.net\\\/es\\\/actualidad\\\/exposiciones\\\/intemporal-tintoretto\\\/#primaryimage\",\"url\":\"https:\\\/\\\/www.aparences.net\\\/wp-content\\\/uploads\\\/2026\\\/09\\\/exposition-tintoret-jacquemart-andre-2026.webp\",\"contentUrl\":\"https:\\\/\\\/www.aparences.net\\\/wp-content\\\/uploads\\\/2026\\\/09\\\/exposition-tintoret-jacquemart-andre-2026.webp\",\"width\":1080,\"height\":540},{\"@type\":\"BreadcrumbList\",\"@id\":\"https:\\\/\\\/www.aparences.net\\\/es\\\/actualidad\\\/exposiciones\\\/intemporal-tintoretto\\\/#breadcrumb\",\"itemListElement\":[{\"@type\":\"ListItem\",\"position\":1,\"name\":\"Portada\",\"item\":\"https:\\\/\\\/www.aparences.net\\\/es\\\/\"},{\"@type\":\"ListItem\",\"position\":2,\"name\":\"Intemporal Tintoretto\"}]},{\"@type\":\"WebSite\",\"@id\":\"https:\\\/\\\/www.aparences.net\\\/es\\\/#website\",\"url\":\"https:\\\/\\\/www.aparences.net\\\/es\\\/\",\"name\":\"Aparences: Historia del Arte y Actualidad Cultural\",\"description\":\"\",\"publisher\":{\"@id\":\"https:\\\/\\\/www.aparences.net\\\/es\\\/#organization\"},\"potentialAction\":[{\"@type\":\"SearchAction\",\"target\":{\"@type\":\"EntryPoint\",\"urlTemplate\":\"https:\\\/\\\/www.aparences.net\\\/es\\\/?s={search_term_string}\"},\"query-input\":{\"@type\":\"PropertyValueSpecification\",\"valueRequired\":true,\"valueName\":\"search_term_string\"}}],\"inLanguage\":\"es\"},{\"@type\":\"Organization\",\"@id\":\"https:\\\/\\\/www.aparences.net\\\/es\\\/#organization\",\"name\":\"Aparences: Historia del Arte y Actualidad Cultural\",\"url\":\"https:\\\/\\\/www.aparences.net\\\/es\\\/\",\"logo\":{\"@type\":\"ImageObject\",\"inLanguage\":\"es\",\"@id\":\"https:\\\/\\\/www.aparences.net\\\/es\\\/#\\\/schema\\\/logo\\\/image\\\/\",\"url\":\"https:\\\/\\\/www.aparences.net\\\/wp-content\\\/uploads\\\/2023\\\/09\\\/logo-quadrat-color-e1695915315229.png\",\"contentUrl\":\"https:\\\/\\\/www.aparences.net\\\/wp-content\\\/uploads\\\/2023\\\/09\\\/logo-quadrat-color-e1695915315229.png\",\"width\":120,\"height\":120,\"caption\":\"Aparences: Historia del Arte y Actualidad Cultural\"},\"image\":{\"@id\":\"https:\\\/\\\/www.aparences.net\\\/es\\\/#\\\/schema\\\/logo\\\/image\\\/\"}},{\"@type\":\"Person\",\"@id\":\"https:\\\/\\\/www.aparences.net\\\/es\\\/#\\\/schema\\\/person\\\/af349f6ffc31b16c68963e61268afca5\",\"name\":\"admin\",\"url\":\"https:\\\/\\\/www.aparences.net\\\/es\\\/author\\\/admin\\\/\"}]}<\/script>\n<!-- \/ Yoast SEO plugin. -->","yoast_head_json":{"title":"Intemporal Tintoretto","description":"El Museo Jacquemart-Andr\u00e9 rinde homenaje a una de las figuras m\u00e1s destacadas del Renacimiento italiano, Jacomo Robusti, conocido como Tintoretto","robots":{"index":"index","follow":"follow","max-snippet":"max-snippet:-1","max-image-preview":"max-image-preview:large","max-video-preview":"max-video-preview:-1"},"canonical":"https:\/\/www.aparences.net\/es\/actualidad\/exposiciones\/intemporal-tintoretto\/","og_locale":"es_ES","og_type":"article","og_title":"Intemporal Tintoretto","og_description":"El Museo Jacquemart-Andr\u00e9 rinde homenaje a una de las figuras m\u00e1s destacadas del Renacimiento italiano, Jacomo Robusti, conocido como Tintoretto","og_url":"https:\/\/www.aparences.net\/es\/actualidad\/exposiciones\/intemporal-tintoretto\/","og_site_name":"Aparences","article_published_time":"2026-09-01T07:56:21+00:00","article_modified_time":"2026-09-01T07:56:23+00:00","og_image":[{"width":1080,"height":540,"url":"https:\/\/www.aparences.net\/wp-content\/uploads\/2026\/09\/exposition-tintoret-jacquemart-andre-2026.webp","type":"image\/webp"}],"author":"admin","twitter_card":"summary_large_image","twitter_misc":{"Escrito por":"admin","Tiempo de lectura":"3 minutos"},"schema":{"@context":"https:\/\/schema.org","@graph":[{"@type":"Article","@id":"https:\/\/www.aparences.net\/es\/actualidad\/exposiciones\/intemporal-tintoretto\/#article","isPartOf":{"@id":"https:\/\/www.aparences.net\/es\/actualidad\/exposiciones\/intemporal-tintoretto\/"},"author":{"name":"admin","@id":"https:\/\/www.aparences.net\/es\/#\/schema\/person\/af349f6ffc31b16c68963e61268afca5"},"headline":"Intemporal Tintoretto","datePublished":"2026-09-01T07:56:21+00:00","dateModified":"2026-09-01T07:56:23+00:00","mainEntityOfPage":{"@id":"https:\/\/www.aparences.net\/es\/actualidad\/exposiciones\/intemporal-tintoretto\/"},"wordCount":316,"publisher":{"@id":"https:\/\/www.aparences.net\/es\/#organization"},"image":{"@id":"https:\/\/www.aparences.net\/es\/actualidad\/exposiciones\/intemporal-tintoretto\/#primaryimage"},"thumbnailUrl":"https:\/\/www.aparences.net\/wp-content\/uploads\/2026\/09\/exposition-tintoret-jacquemart-andre-2026.webp","articleSection":["Actualidad","Exposiciones"],"inLanguage":"es"},{"@type":["WebPage","ItemPage"],"@id":"https:\/\/www.aparences.net\/es\/actualidad\/exposiciones\/intemporal-tintoretto\/","url":"https:\/\/www.aparences.net\/es\/actualidad\/exposiciones\/intemporal-tintoretto\/","name":"Intemporal Tintoretto","isPartOf":{"@id":"https:\/\/www.aparences.net\/es\/#website"},"primaryImageOfPage":{"@id":"https:\/\/www.aparences.net\/es\/actualidad\/exposiciones\/intemporal-tintoretto\/#primaryimage"},"image":{"@id":"https:\/\/www.aparences.net\/es\/actualidad\/exposiciones\/intemporal-tintoretto\/#primaryimage"},"thumbnailUrl":"https:\/\/www.aparences.net\/wp-content\/uploads\/2026\/09\/exposition-tintoret-jacquemart-andre-2026.webp","datePublished":"2026-09-01T07:56:21+00:00","dateModified":"2026-09-01T07:56:23+00:00","description":"El Museo Jacquemart-Andr\u00e9 rinde homenaje a una de las figuras m\u00e1s destacadas del Renacimiento italiano, Jacomo Robusti, conocido como Tintoretto","breadcrumb":{"@id":"https:\/\/www.aparences.net\/es\/actualidad\/exposiciones\/intemporal-tintoretto\/#breadcrumb"},"inLanguage":"es","potentialAction":[{"@type":"ReadAction","target":["https:\/\/www.aparences.net\/es\/actualidad\/exposiciones\/intemporal-tintoretto\/"]}]},{"@type":"ImageObject","inLanguage":"es","@id":"https:\/\/www.aparences.net\/es\/actualidad\/exposiciones\/intemporal-tintoretto\/#primaryimage","url":"https:\/\/www.aparences.net\/wp-content\/uploads\/2026\/09\/exposition-tintoret-jacquemart-andre-2026.webp","contentUrl":"https:\/\/www.aparences.net\/wp-content\/uploads\/2026\/09\/exposition-tintoret-jacquemart-andre-2026.webp","width":1080,"height":540},{"@type":"BreadcrumbList","@id":"https:\/\/www.aparences.net\/es\/actualidad\/exposiciones\/intemporal-tintoretto\/#breadcrumb","itemListElement":[{"@type":"ListItem","position":1,"name":"Portada","item":"https:\/\/www.aparences.net\/es\/"},{"@type":"ListItem","position":2,"name":"Intemporal Tintoretto"}]},{"@type":"WebSite","@id":"https:\/\/www.aparences.net\/es\/#website","url":"https:\/\/www.aparences.net\/es\/","name":"Aparences: Historia del Arte y Actualidad Cultural","description":"","publisher":{"@id":"https:\/\/www.aparences.net\/es\/#organization"},"potentialAction":[{"@type":"SearchAction","target":{"@type":"EntryPoint","urlTemplate":"https:\/\/www.aparences.net\/es\/?s={search_term_string}"},"query-input":{"@type":"PropertyValueSpecification","valueRequired":true,"valueName":"search_term_string"}}],"inLanguage":"es"},{"@type":"Organization","@id":"https:\/\/www.aparences.net\/es\/#organization","name":"Aparences: Historia del Arte y Actualidad Cultural","url":"https:\/\/www.aparences.net\/es\/","logo":{"@type":"ImageObject","inLanguage":"es","@id":"https:\/\/www.aparences.net\/es\/#\/schema\/logo\/image\/","url":"https:\/\/www.aparences.net\/wp-content\/uploads\/2023\/09\/logo-quadrat-color-e1695915315229.png","contentUrl":"https:\/\/www.aparences.net\/wp-content\/uploads\/2023\/09\/logo-quadrat-color-e1695915315229.png","width":120,"height":120,"caption":"Aparences: Historia del Arte y Actualidad Cultural"},"image":{"@id":"https:\/\/www.aparences.net\/es\/#\/schema\/logo\/image\/"}},{"@type":"Person","@id":"https:\/\/www.aparences.net\/es\/#\/schema\/person\/af349f6ffc31b16c68963e61268afca5","name":"admin","url":"https:\/\/www.aparences.net\/es\/author\/admin\/"}]}},"_links":{"self":[{"href":"https:\/\/www.aparences.net\/es\/wp-json\/wp\/v2\/posts\/34139","targetHints":{"allow":["GET"]}}],"collection":[{"href":"https:\/\/www.aparences.net\/es\/wp-json\/wp\/v2\/posts"}],"about":[{"href":"https:\/\/www.aparences.net\/es\/wp-json\/wp\/v2\/types\/post"}],"author":[{"embeddable":true,"href":"https:\/\/www.aparences.net\/es\/wp-json\/wp\/v2\/users\/2"}],"replies":[{"embeddable":true,"href":"https:\/\/www.aparences.net\/es\/wp-json\/wp\/v2\/comments?post=34139"}],"version-history":[{"count":0,"href":"https:\/\/www.aparences.net\/es\/wp-json\/wp\/v2\/posts\/34139\/revisions"}],"wp:featuredmedia":[{"embeddable":true,"href":"https:\/\/www.aparences.net\/es\/wp-json\/wp\/v2\/media\/34138"}],"wp:attachment":[{"href":"https:\/\/www.aparences.net\/es\/wp-json\/wp\/v2\/media?parent=34139"}],"wp:term":[{"taxonomy":"category","embeddable":true,"href":"https:\/\/www.aparences.net\/es\/wp-json\/wp\/v2\/categories?post=34139"},{"taxonomy":"post_tag","embeddable":true,"href":"https:\/\/www.aparences.net\/es\/wp-json\/wp\/v2\/tags?post=34139"}],"curies":[{"name":"wp","href":"https:\/\/api.w.org\/{rel}","templated":true}]}}